{"id":7504,"date":"2013-01-20T17:31:23","date_gmt":"2013-01-20T16:31:23","guid":{"rendered":"http:\/\/www.michael-schumacher.es\/noticias-f1\/?p=7504"},"modified":"2013-01-20T17:31:24","modified_gmt":"2013-01-20T16:31:24","slug":"rumor-toto-wolff-el-sucesor-de-norbert-haug-en-mercedes","status":"publish","type":"post","link":"http:\/\/www.michael-schumacher.es\/noticias-f1\/2013\/01\/20\/rumor-toto-wolff-el-sucesor-de-norbert-haug-en-mercedes\/","title":{"rendered":"Rumor &#8211; Toto Wolff el sucesor de Norbert Haug en Mercedes"},"content":{"rendered":"<p><a href=\"http:\/\/www.michael-schumacher.es\/noticias-f1\/2013\/01\/20\/rumor-toto-wolff-el-sucesor-de-norbert-haug-en-mercedes\/toto-wolff\/\" rel=\"attachment wp-att-7514\"><img loading=\"lazy\" class=\"alignleft\" alt=\"Toto Wolff\" src=\"http:\/\/www.michael-schumacher.es\/noticias-f1\/wp-content\/uploads\/2013\/01\/Toto-Wolff.jpg\" width=\"200\" height=\"150\" \/><\/a>El ex piloto de carreras Toto Wolff austriaco de 41 a\u00f1os, accionista y Director Ejecutivo de Williams F1 Team, podr\u00eda ser el sucesor de Norbert Haug, quien present\u00f3 su dimisi\u00f3n de Mercedes, a mediados de diciembre, despu\u00e9s de 22 a\u00f1os de colaboraci\u00f3n, seg\u00fan la informaci\u00f3n de &#8216;Bild.de&#8217; de hoy domingo.<\/p>\n<p><!--more--> <!--noteaser--><\/p>\n<p><a href=\"http:\/\/www.michael-schumacher.es\/noticias-f1\/2013\/01\/20\/rumor-toto-wolff-el-sucesor-de-norbert-haug-en-mercedes\/toto-wolff\/\" rel=\"attachment wp-att-7514\"><img loading=\"lazy\" class=\"aligncenter size-full wp-image-7514\" alt=\"Toto Wolff\" src=\"http:\/\/www.michael-schumacher.es\/noticias-f1\/wp-content\/uploads\/2013\/01\/Toto-Wolff.jpg\" width=\"650\" height=\"488\" srcset=\"http:\/\/www.michael-schumacher.es\/noticias-f1\/wp-content\/uploads\/2013\/01\/Toto-Wolff.jpg 650w, http:\/\/www.michael-schumacher.es\/noticias-f1\/wp-content\/uploads\/2013\/01\/Toto-Wolff-300x225.jpg 300w\" sizes=\"(max-width: 650px) 100vw, 650px\" \/><\/a><\/p>\n<p>El ex piloto de carreras Toto Wolff austriaco de 41 a\u00f1os, accionista y Director Ejecutivo de Williams F1 Team, podr\u00eda ser el sucesor de Norbert Haug, quien present\u00f3 su dimisi\u00f3n de Mercedes, a mediados de diciembre, despu\u00e9s de 22 a\u00f1os de colaboraci\u00f3n, seg\u00fan la informaci\u00f3n de &#8216;Bild.de&#8217; de hoy domingo.<\/p>\n<p>&nbsp;<\/p>\n<p>El equipo Mercedes no ha querido confirmar ni desmentir dicha informaci\u00f3n:<b> \u00abPor favor, comprenda que no hacemos comentarios sobre especulaciones\u00bb.<\/b><\/p>\n<p>&nbsp;<\/p>\n<p>Seg\u00fan la publicaci\u00f3n del &#8216;Bild.de&#8217; el austr\u00edaco Toto Wolff, ser\u00e1 presentado en los pr\u00f3ximos d\u00edas, posiblemente para las pruebas del DTM en Valencia, del martes a jueves). Wolff tambi\u00e9n se ocupar\u00eda del equipo de F\u00f3rmula 1, las dos f\u00e1bricas en el Reino Unido y como responsable completo de los deportes de motor de Mercedes.<\/p>\n<p>&nbsp;<\/p>\n<p>Seria tras la entrada de Niki Lauda en el segundo austriaco del equipo, aunque seg\u00fan las informaciones Wolff ya est\u00e1 vinculado con Mercedes, siendo due\u00f1o de acciones en el equipo HWA Mercedes DTM.<\/p>\n<p>&nbsp;<\/p>\n<p>De momento es un rumor ya que ninguna de las partes ha confirmado la noticia, pero seg\u00fan el diario el Bild, pronto ser\u00e1 confirmado y presentado\u2026 Estaremos atentos a la sorprendente informaci\u00f3n.<\/p>\n<div class=\"sharedaddy sd-sharing-enabled\"><div class=\"robots-nocontent sd-block sd-social sd-social-official sd-sharing\"><h3 class=\"sd-title\">Opciones Sociales:<\/h3><div class=\"sd-content\"><ul><li class=\"share-facebook\"><div class=\"fb-share-button\" data-href=\"http:\/\/www.michael-schumacher.es\/noticias-f1\/2013\/01\/20\/rumor-toto-wolff-el-sucesor-de-norbert-haug-en-mercedes\/\" data-layout=\"button_count\"><\/div><\/li><li class=\"share-twitter\"><a href=\"https:\/\/twitter.com\/share\" class=\"twitter-share-button\" data-url=\"http:\/\/www.michael-schumacher.es\/noticias-f1\/2013\/01\/20\/rumor-toto-wolff-el-sucesor-de-norbert-haug-en-mercedes\/\" data-text=\"Rumor - Toto Wolff el sucesor de Norbert Haug en Mercedes\"  >Tweet<\/a><\/li><li class=\"share-email\"><a rel=\"nofollow noopener noreferrer\" data-shared=\"\" class=\"share-email sd-button\" href=\"http:\/\/www.michael-schumacher.es\/noticias-f1\/2013\/01\/20\/rumor-toto-wolff-el-sucesor-de-norbert-haug-en-mercedes\/?share=email\" target=\"_blank\" title=\"Haz clic para enviar por correo electr\u00f3nico a un amigo\"><span>Correo electr\u00f3nico<\/span><\/a><\/li><li class=\"share-end\"><\/li><\/ul><\/div><\/div><\/div>","protected":false},"excerpt":{"rendered":"<p>El ex piloto de carreras Toto Wolff austriaco de 41 a\u00f1os, accionista y Director Ejecutivo de Williams F1 Team, podr\u00eda ser el sucesor de Norbert Haug, quien present\u00f3 su dimisi\u00f3n de Mercedes, a mediados de diciembre, despu\u00e9s de 22 a\u00f1os de colaboraci\u00f3n, seg\u00fan la informaci\u00f3n de &#8216;Bild.de&#8217; de hoy domingo.<\/p>\n<div class=\"sharedaddy sd-sharing-enabled\"><div class=\"robots-nocontent sd-block sd-social sd-social-official sd-sharing\"><h3 class=\"sd-title\">Opciones Sociales:<\/h3><div class=\"sd-content\"><ul><li class=\"share-facebook\"><div class=\"fb-share-button\" data-href=\"http:\/\/www.michael-schumacher.es\/noticias-f1\/2013\/01\/20\/rumor-toto-wolff-el-sucesor-de-norbert-haug-en-mercedes\/\" data-layout=\"button_count\"><\/div><\/li><li class=\"share-twitter\"><a href=\"https:\/\/twitter.com\/share\" class=\"twitter-share-button\" data-url=\"http:\/\/www.michael-schumacher.es\/noticias-f1\/2013\/01\/20\/rumor-toto-wolff-el-sucesor-de-norbert-haug-en-mercedes\/\" data-text=\"Rumor - Toto Wolff el sucesor de Norbert Haug en Mercedes\"  >Tweet<\/a><\/li><li class=\"share-email\"><a rel=\"nofollow noopener noreferrer\" data-shared=\"\" class=\"share-email sd-button\" href=\"http:\/\/www.michael-schumacher.es\/noticias-f1\/2013\/01\/20\/rumor-toto-wolff-el-sucesor-de-norbert-haug-en-mercedes\/?share=email\" target=\"_blank\" title=\"Haz clic para enviar por correo electr\u00f3nico a un amigo\"><span>Correo electr\u00f3nico<\/span><\/a><\/li><li class=\"share-end\"><\/li><\/ul><\/div><\/div><\/div>","protected":false},"author":3,"featured_media":0,"comment_status":"open","ping_status":"open","sticky":false,"template":"","format":"standard","meta":{"_monsterinsights_skip_tracking":false,"_monsterinsights_sitenote_active":false,"_monsterinsights_sitenote_note":"","_monsterinsights_sitenote_category":0,"spay_email":"","jetpack_publicize_message":"","jetpack_is_tweetstorm":false,"jetpack_publicize_feature_enabled":true},"categories":[3],"tags":[373,2676,17,15,11,1441,444,549,10,304,548,1440,1098,1764,2675,238,2674,616],"jetpack_featured_media_url":"","jetpack_publicize_connections":[],"jetpack_sharing_enabled":true,"jetpack_shortlink":"https:\/\/wp.me\/p27q3P-1X2","_links":{"self":[{"href":"http:\/\/www.michael-schumacher.es\/noticias-f1\/wp-json\/wp\/v2\/posts\/7504"}],"collection":[{"href":"http:\/\/www.michael-schumacher.es\/noticias-f1\/wp-json\/wp\/v2\/posts"}],"about":[{"href":"http:\/\/www.michael-schumacher.es\/noticias-f1\/wp-json\/wp\/v2\/types\/post"}],"author":[{"embeddable":true,"href":"http:\/\/www.michael-schumacher.es\/noticias-f1\/wp-json\/wp\/v2\/users\/3"}],"replies":[{"embeddable":true,"href":"http:\/\/www.michael-schumacher.es\/noticias-f1\/wp-json\/wp\/v2\/comments?post=7504"}],"version-history":[{"count":0,"href":"http:\/\/www.michael-schumacher.es\/noticias-f1\/wp-json\/wp\/v2\/posts\/7504\/revisions"}],"wp:attachment":[{"href":"http:\/\/www.michael-schumacher.es\/noticias-f1\/wp-json\/wp\/v2\/media?parent=7504"}],"wp:term":[{"taxonomy":"category","embeddable":true,"href":"http:\/\/www.michael-schumacher.es\/noticias-f1\/wp-json\/wp\/v2\/categories?post=7504"},{"taxonomy":"post_tag","embeddable":true,"href":"http:\/\/www.michael-schumacher.es\/noticias-f1\/wp-json\/wp\/v2\/tags?post=7504"}],"curies":[{"name":"wp","href":"https:\/\/api.w.org\/{rel}","templated":true}]}}