{"id":7556,"date":"2013-01-23T00:04:46","date_gmt":"2013-01-22T23:04:46","guid":{"rendered":"http:\/\/www.michael-schumacher.es\/noticias-f1\/?p=7556"},"modified":"2013-01-23T00:05:22","modified_gmt":"2013-01-22T23:05:22","slug":"kimi-raikkonen-participara-en-una-carrera-sobre-hielo-en-moscu","status":"publish","type":"post","link":"http:\/\/www.michael-schumacher.es\/noticias-f1\/2013\/01\/23\/kimi-raikkonen-participara-en-una-carrera-sobre-hielo-en-moscu\/","title":{"rendered":"Kimi Raikkonen participar\u00e1 en una carrera sobre hielo en Mosc\u00fa"},"content":{"rendered":"<p><img loading=\"lazy\" class=\"alignleft\" title=\"Kimi Raikkonen\" alt=\"\" src=\"http:\/\/img.michael-schumacher.es\/noticias-f1\/kimi-raikkonen\/kimi-1-mini.jpg\" width=\"202\" height=\"100\" \/>Kimi Raikkonen va a participar en el hip\u00f3dromo de Mosc\u00fa en una carrera que se llevar\u00e1 a cabo en circuito oval de hielo.<\/p>\n<p><!--more--> <!--noteaser--><\/p>\n<p style=\"text-align: center\">\u00a0<img loading=\"lazy\" class=\"aligncenter\" title=\"Kimi Raikkonen\" alt=\"\" src=\"http:\/\/img.michael-schumacher.es\/noticias-f1\/kimi-raikkonen\/kimi-1.jpg\" width=\"605\" height=\"300\" \/><\/p>\n<p>Kimi Raikkonen va a participar en el hip\u00f3dromo de Mosc\u00fa en una carrera que se llevar\u00e1 a cabo en circuito oval de hielo.<\/p>\n<p>&nbsp;<\/p>\n<p>Kimi tiene un gran n\u00famero de fans rusos por lo que los promotores del evento han declarado la satisfacci\u00f3n por la participaci\u00f3n del piloto finland\u00e9s, tal como declara la responsable Anastasia Bendikova CEO Aspras SC: <b>\u00abEsta es una oportunidad \u00fanica para que todos los fans rusos de Kimi R\u00e4ikk\u00f6nen para verlo en acci\u00f3n antes de que el primer Gran Premio de Rusia, que tendr\u00e1 lugar en Sochi en 2014\u00bb.<\/b><\/p>\n<p>&nbsp;<\/p>\n<p>Kimi Raikkonen no es la primera vez que participa en este tipo de circuito en ovalo, ya lo hizo en mayo 2011 con dos carreras de NASCAR en el \u00f3valo de Charlotte, aunque si ser\u00e1 su primera vez con el ovalo con hielo. Junto a Kimi tambi\u00e9n participaran del mundo de la F1 Charles Pic y Vitaly Petrov.<\/p>\n<div class=\"sharedaddy sd-sharing-enabled\"><div class=\"robots-nocontent sd-block sd-social sd-social-official sd-sharing\"><h3 class=\"sd-title\">Opciones Sociales:<\/h3><div class=\"sd-content\"><ul><li class=\"share-facebook\"><div class=\"fb-share-button\" data-href=\"http:\/\/www.michael-schumacher.es\/noticias-f1\/2013\/01\/23\/kimi-raikkonen-participara-en-una-carrera-sobre-hielo-en-moscu\/\" data-layout=\"button_count\"><\/div><\/li><li class=\"share-twitter\"><a href=\"https:\/\/twitter.com\/share\" class=\"twitter-share-button\" data-url=\"http:\/\/www.michael-schumacher.es\/noticias-f1\/2013\/01\/23\/kimi-raikkonen-participara-en-una-carrera-sobre-hielo-en-moscu\/\" data-text=\"Kimi Raikkonen participar\u00e1 en una carrera sobre hielo en Mosc\u00fa\"  >Tweet<\/a><\/li><li class=\"share-email\"><a rel=\"nofollow noopener noreferrer\" data-shared=\"\" class=\"share-email sd-button\" href=\"http:\/\/www.michael-schumacher.es\/noticias-f1\/2013\/01\/23\/kimi-raikkonen-participara-en-una-carrera-sobre-hielo-en-moscu\/?share=email\" target=\"_blank\" title=\"Haz clic para enviar por correo electr\u00f3nico a un amigo\"><span>Correo electr\u00f3nico<\/span><\/a><\/li><li class=\"share-end\"><\/li><\/ul><\/div><\/div><\/div>","protected":false},"excerpt":{"rendered":"<p>Kimi Raikkonen va a participar en el hip\u00f3dromo de Mosc\u00fa en una carrera que se llevar\u00e1 a cabo en circuito oval de hielo.<\/p>\n<div class=\"sharedaddy sd-sharing-enabled\"><div class=\"robots-nocontent sd-block sd-social sd-social-official sd-sharing\"><h3 class=\"sd-title\">Opciones Sociales:<\/h3><div class=\"sd-content\"><ul><li class=\"share-facebook\"><div class=\"fb-share-button\" data-href=\"http:\/\/www.michael-schumacher.es\/noticias-f1\/2013\/01\/23\/kimi-raikkonen-participara-en-una-carrera-sobre-hielo-en-moscu\/\" data-layout=\"button_count\"><\/div><\/li><li class=\"share-twitter\"><a href=\"https:\/\/twitter.com\/share\" class=\"twitter-share-button\" data-url=\"http:\/\/www.michael-schumacher.es\/noticias-f1\/2013\/01\/23\/kimi-raikkonen-participara-en-una-carrera-sobre-hielo-en-moscu\/\" data-text=\"Kimi Raikkonen participar\u00e1 en una carrera sobre hielo en Mosc\u00fa\"  >Tweet<\/a><\/li><li class=\"share-email\"><a rel=\"nofollow noopener noreferrer\" data-shared=\"\" class=\"share-email sd-button\" href=\"http:\/\/www.michael-schumacher.es\/noticias-f1\/2013\/01\/23\/kimi-raikkonen-participara-en-una-carrera-sobre-hielo-en-moscu\/?share=email\" target=\"_blank\" title=\"Haz clic para enviar por correo electr\u00f3nico a un amigo\"><span>Correo electr\u00f3nico<\/span><\/a><\/li><li class=\"share-end\"><\/li><\/ul><\/div><\/div><\/div>","protected":false},"author":3,"featured_media":0,"comment_status":"open","ping_status":"open","sticky":false,"template":"","format":"standard","meta":{"_monsterinsights_skip_tracking":false,"_monsterinsights_sitenote_active":false,"_monsterinsights_sitenote_note":"","_monsterinsights_sitenote_category":0,"spay_email":"","jetpack_publicize_message":"","jetpack_is_tweetstorm":false,"jetpack_publicize_feature_enabled":true},"categories":[3],"tags":[373,758,158,17,15,81,26,552,2158,24,2700,238],"jetpack_featured_media_url":"","jetpack_publicize_connections":[],"jetpack_sharing_enabled":true,"jetpack_shortlink":"https:\/\/wp.me\/p27q3P-1XS","_links":{"self":[{"href":"http:\/\/www.michael-schumacher.es\/noticias-f1\/wp-json\/wp\/v2\/posts\/7556"}],"collection":[{"href":"http:\/\/www.michael-schumacher.es\/noticias-f1\/wp-json\/wp\/v2\/posts"}],"about":[{"href":"http:\/\/www.michael-schumacher.es\/noticias-f1\/wp-json\/wp\/v2\/types\/post"}],"author":[{"embeddable":true,"href":"http:\/\/www.michael-schumacher.es\/noticias-f1\/wp-json\/wp\/v2\/users\/3"}],"replies":[{"embeddable":true,"href":"http:\/\/www.michael-schumacher.es\/noticias-f1\/wp-json\/wp\/v2\/comments?post=7556"}],"version-history":[{"count":0,"href":"http:\/\/www.michael-schumacher.es\/noticias-f1\/wp-json\/wp\/v2\/posts\/7556\/revisions"}],"wp:attachment":[{"href":"http:\/\/www.michael-schumacher.es\/noticias-f1\/wp-json\/wp\/v2\/media?parent=7556"}],"wp:term":[{"taxonomy":"category","embeddable":true,"href":"http:\/\/www.michael-schumacher.es\/noticias-f1\/wp-json\/wp\/v2\/categories?post=7556"},{"taxonomy":"post_tag","embeddable":true,"href":"http:\/\/www.michael-schumacher.es\/noticias-f1\/wp-json\/wp\/v2\/tags?post=7556"}],"curies":[{"name":"wp","href":"https:\/\/api.w.org\/{rel}","templated":true}]}}