{"id":7558,"date":"2013-01-23T10:13:03","date_gmt":"2013-01-23T09:13:03","guid":{"rendered":"http:\/\/www.michael-schumacher.es\/noticias-f1\/?p=7558"},"modified":"2013-01-23T10:13:03","modified_gmt":"2013-01-23T09:13:03","slug":"buemi-seguira-en-red-bull-como-piloto-reserva-para-2013","status":"publish","type":"post","link":"http:\/\/www.michael-schumacher.es\/noticias-f1\/2013\/01\/23\/buemi-seguira-en-red-bull-como-piloto-reserva-para-2013\/","title":{"rendered":"Buemi seguir\u00e1 en Red Bull como piloto reserva para 2013"},"content":{"rendered":"<p><a href=\"http:\/\/www.michael-schumacher.es\/noticias-f1\/2012\/08\/11\/buemi-descarta-hrt-y-marussia-para-el-2013\/buemi-2011-1-mini\/\" rel=\"attachment wp-att-2724\"><img loading=\"lazy\" class=\"alignleft\" alt=\"buemi-2011-1-mini\" src=\"http:\/\/www.michael-schumacher.es\/noticias-f1\/wp-content\/uploads\/2012\/08\/buemi-2011-1-mini.jpg\" width=\"200\" height=\"150\" \/><\/a>Sebastien Buemi, el ex piloto de Toro Rosso de 24 a\u00f1os de edad, renovar\u00e1 su contrato con Red Bull como piloto de pruebas y reserva por lo que seguir\u00e1 trabajando junto con los pilotos titulares del equipo Sebastian Vettel y Mark Webber.<\/p>\n<p><!--more--> <!--noteaser--><\/p>\n<p><a href=\"http:\/\/www.michael-schumacher.es\/noticias-f1\/2012\/08\/11\/buemi-descarta-hrt-y-marussia-para-el-2013\/buemi-2011-1\/\" rel=\"attachment wp-att-2725\"><img loading=\"lazy\" class=\"aligncenter size-full wp-image-2725\" alt=\"buemi-2011-1\" src=\"http:\/\/www.michael-schumacher.es\/noticias-f1\/wp-content\/uploads\/2012\/08\/buemi-2011-1.jpg\" width=\"600\" height=\"450\" srcset=\"http:\/\/www.michael-schumacher.es\/noticias-f1\/wp-content\/uploads\/2012\/08\/buemi-2011-1.jpg 600w, http:\/\/www.michael-schumacher.es\/noticias-f1\/wp-content\/uploads\/2012\/08\/buemi-2011-1-300x225.jpg 300w\" sizes=\"(max-width: 600px) 100vw, 600px\" \/><\/a><\/p>\n<p>Sebastien Buemi, el ex piloto de Toro Rosso de 24 a\u00f1os de edad, renovar\u00e1 su contrato con Red Bull como piloto de pruebas y reserva por lo que seguir\u00e1 trabajando junto con los pilotos titulares del equipo Sebastian Vettel y Mark Webber.<\/p>\n<p>&nbsp;<\/p>\n<p><b>Christian Horner:<\/b> \u00abNos alegramos de que Sebastien continue como piloto de pruebas y reserva para la temporada que viene. Se uni\u00f3 al equipo Red Bull Junior en 2004, ha trabajado con Red Bull Racing en 2008 y 2012 y tiene una experiencia significativa en carrera. \u00c9l es un miembro integral del equipo y completar\u00e1 el trabajo de simulaci\u00f3n importante para nosotros durante todo el a\u00f1o\u00bb.<\/p>\n<p>&nbsp;<\/p>\n<p><b>Sebastien Buemi:<\/b> \u00abConozco bien a todo el mundo en Red Bull Racing y es bueno permanecer con el equipo por un a\u00f1o m\u00e1s. Por supuesto, mi objetivo es estar conduciendo en las carreras de nuevo, pero todav\u00eda estoy aprendiendo todo el tiempo en mi trabajo con el equipo. Puedo ayudar con el desarrollo del coche y dar retroalimentaci\u00f3n a lo largo de la temporada, tanto en la f\u00e1brica y en las carreras\u201d.<\/p>\n<div class=\"sharedaddy sd-sharing-enabled\"><div class=\"robots-nocontent sd-block sd-social sd-social-official sd-sharing\"><h3 class=\"sd-title\">Opciones Sociales:<\/h3><div class=\"sd-content\"><ul><li class=\"share-facebook\"><div class=\"fb-share-button\" data-href=\"http:\/\/www.michael-schumacher.es\/noticias-f1\/2013\/01\/23\/buemi-seguira-en-red-bull-como-piloto-reserva-para-2013\/\" data-layout=\"button_count\"><\/div><\/li><li class=\"share-twitter\"><a href=\"https:\/\/twitter.com\/share\" class=\"twitter-share-button\" data-url=\"http:\/\/www.michael-schumacher.es\/noticias-f1\/2013\/01\/23\/buemi-seguira-en-red-bull-como-piloto-reserva-para-2013\/\" data-text=\"Buemi seguir\u00e1 en Red Bull como piloto reserva para 2013\"  >Tweet<\/a><\/li><li class=\"share-email\"><a rel=\"nofollow noopener noreferrer\" data-shared=\"\" class=\"share-email sd-button\" href=\"http:\/\/www.michael-schumacher.es\/noticias-f1\/2013\/01\/23\/buemi-seguira-en-red-bull-como-piloto-reserva-para-2013\/?share=email\" target=\"_blank\" title=\"Haz clic para enviar por correo electr\u00f3nico a un amigo\"><span>Correo electr\u00f3nico<\/span><\/a><\/li><li class=\"share-end\"><\/li><\/ul><\/div><\/div><\/div>","protected":false},"excerpt":{"rendered":"<p>Sebastien Buemi, el ex piloto de Toro Rosso de 24 a\u00f1os de edad, renovar\u00e1 su contrato con Red Bull como piloto de pruebas y reserva por lo que seguir\u00e1 trabajando junto con los pilotos titulares del equipo Sebastian Vettel y Mark Webber.<\/p>\n<div class=\"sharedaddy sd-sharing-enabled\"><div class=\"robots-nocontent sd-block sd-social sd-social-official sd-sharing\"><h3 class=\"sd-title\">Opciones Sociales:<\/h3><div class=\"sd-content\"><ul><li class=\"share-facebook\"><div class=\"fb-share-button\" data-href=\"http:\/\/www.michael-schumacher.es\/noticias-f1\/2013\/01\/23\/buemi-seguira-en-red-bull-como-piloto-reserva-para-2013\/\" data-layout=\"button_count\"><\/div><\/li><li class=\"share-twitter\"><a href=\"https:\/\/twitter.com\/share\" class=\"twitter-share-button\" data-url=\"http:\/\/www.michael-schumacher.es\/noticias-f1\/2013\/01\/23\/buemi-seguira-en-red-bull-como-piloto-reserva-para-2013\/\" data-text=\"Buemi seguir\u00e1 en Red Bull como piloto reserva para 2013\"  >Tweet<\/a><\/li><li class=\"share-email\"><a rel=\"nofollow noopener noreferrer\" data-shared=\"\" class=\"share-email sd-button\" href=\"http:\/\/www.michael-schumacher.es\/noticias-f1\/2013\/01\/23\/buemi-seguira-en-red-bull-como-piloto-reserva-para-2013\/?share=email\" target=\"_blank\" title=\"Haz clic para enviar por correo electr\u00f3nico a un amigo\"><span>Correo electr\u00f3nico<\/span><\/a><\/li><li class=\"share-end\"><\/li><\/ul><\/div><\/div><\/div>","protected":false},"author":3,"featured_media":0,"comment_status":"open","ping_status":"open","sticky":false,"template":"","format":"standard","meta":{"_monsterinsights_skip_tracking":false,"_monsterinsights_sitenote_active":false,"_monsterinsights_sitenote_note":"","_monsterinsights_sitenote_category":0,"spay_email":"","jetpack_publicize_message":"","jetpack_is_tweetstorm":false,"jetpack_publicize_feature_enabled":true},"categories":[3],"tags":[373,806,2701,500,17,15,462,51,501,1520,805,238,103],"jetpack_featured_media_url":"","jetpack_publicize_connections":[],"jetpack_sharing_enabled":true,"jetpack_shortlink":"https:\/\/wp.me\/p27q3P-1XU","_links":{"self":[{"href":"http:\/\/www.michael-schumacher.es\/noticias-f1\/wp-json\/wp\/v2\/posts\/7558"}],"collection":[{"href":"http:\/\/www.michael-schumacher.es\/noticias-f1\/wp-json\/wp\/v2\/posts"}],"about":[{"href":"http:\/\/www.michael-schumacher.es\/noticias-f1\/wp-json\/wp\/v2\/types\/post"}],"author":[{"embeddable":true,"href":"http:\/\/www.michael-schumacher.es\/noticias-f1\/wp-json\/wp\/v2\/users\/3"}],"replies":[{"embeddable":true,"href":"http:\/\/www.michael-schumacher.es\/noticias-f1\/wp-json\/wp\/v2\/comments?post=7558"}],"version-history":[{"count":0,"href":"http:\/\/www.michael-schumacher.es\/noticias-f1\/wp-json\/wp\/v2\/posts\/7558\/revisions"}],"wp:attachment":[{"href":"http:\/\/www.michael-schumacher.es\/noticias-f1\/wp-json\/wp\/v2\/media?parent=7558"}],"wp:term":[{"taxonomy":"category","embeddable":true,"href":"http:\/\/www.michael-schumacher.es\/noticias-f1\/wp-json\/wp\/v2\/categories?post=7558"},{"taxonomy":"post_tag","embeddable":true,"href":"http:\/\/www.michael-schumacher.es\/noticias-f1\/wp-json\/wp\/v2\/tags?post=7558"}],"curies":[{"name":"wp","href":"https:\/\/api.w.org\/{rel}","templated":true}]}}