{"id":7602,"date":"2013-01-25T10:57:43","date_gmt":"2013-01-25T09:57:43","guid":{"rendered":"http:\/\/www.michael-schumacher.es\/noticias-f1\/?p=7602"},"modified":"2013-01-25T10:57:43","modified_gmt":"2013-01-25T09:57:43","slug":"calendario-de-ferrari-para-entrenamientos-alonso-no-rodara-en-jerez","status":"publish","type":"post","link":"http:\/\/www.michael-schumacher.es\/noticias-f1\/2013\/01\/25\/calendario-de-ferrari-para-entrenamientos-alonso-no-rodara-en-jerez\/","title":{"rendered":"Calendario de Ferrari para entrenamientos, Alonso no rodar\u00e1 en Jerez"},"content":{"rendered":"<p><a href=\"http:\/\/www.michael-schumacher.es\/noticias-f1\/2012\/08\/22\/domenicali-estamos-trabajando-en-la-evolucion-para-spa\/ferrari-1-mini\/\" rel=\"attachment wp-att-3090\"><img loading=\"lazy\" class=\"alignleft size-full wp-image-3090\" alt=\"Ferrari 1 - miniatura\" src=\"http:\/\/www.michael-schumacher.es\/noticias-f1\/wp-content\/uploads\/2012\/08\/ferrari-1-mini.jpg\" width=\"200\" height=\"133\" \/><\/a>Felipe Massa rodar\u00e1 los tres primeros d\u00edas y Pedro de la Rosa ser\u00e1 el encargado de rodar el cuarto y \u00faltimo d\u00eda de Jerez<\/p>\n<p><!--more--> <!--noteaser--><\/p>\n<p><a href=\"http:\/\/www.michael-schumacher.es\/noticias-f1\/2012\/08\/22\/domenicali-estamos-trabajando-en-la-evolucion-para-spa\/ferrari-1\/\" rel=\"attachment wp-att-3089\"><img loading=\"lazy\" class=\"aligncenter size-full wp-image-3089\" alt=\"Ferrari 1 \" src=\"http:\/\/www.michael-schumacher.es\/noticias-f1\/wp-content\/uploads\/2012\/08\/ferrari-1.jpg\" width=\"600\" height=\"400\" srcset=\"http:\/\/www.michael-schumacher.es\/noticias-f1\/wp-content\/uploads\/2012\/08\/ferrari-1.jpg 600w, http:\/\/www.michael-schumacher.es\/noticias-f1\/wp-content\/uploads\/2012\/08\/ferrari-1-300x200.jpg 300w\" sizes=\"(max-width: 600px) 100vw, 600px\" \/><\/a><\/p>\n<p>Felipe Massa rodar\u00e1 los tres primeros d\u00edas y Pedro de la Rosa ser\u00e1 el encargado de rodar el cuarto y \u00faltimo d\u00eda de Jerez<\/p>\n<p>&nbsp;<\/p>\n<p>&nbsp;<\/p>\n<p>Estos d\u00edas perdidos de Fernando ser\u00e1n compensados en los segundos test \u00a0de pretemporada y primeros en Barcelona, donde Fernando Alonso rodar\u00e1 los tres primeros, del 19 de febrero al 21 y Felipe Massa solamente un d\u00eda el 22.Para la \u00faltima prueba antes del primer GP en Melbourne, cada piloto de Ferrari tendr\u00e1 derecho a dos d\u00edas de pruebas, alternando Massa 1 \u00ba jueves y 3 \u00ba s\u00e1bado Alonso 2 \u00ba d\u00eda, viernes \u00a0y \u00faltimo d\u00eda de test, el domingo.<\/p>\n<p>&nbsp;<\/p>\n<p>Ferrari justifica la ausencia de Alonso y el d\u00eda que rueda De La Rosa, diciendo que servir\u00e1\u00a0 para mejorar la correlaci\u00f3n entre el simulador y lo real. Esos d\u00edas Alonso los dedicara a un\u00a0 entrenamiento f\u00edsico intenso.<\/p>\n<p>&nbsp;<\/p>\n<p>Ferrari presentar\u00e1 el F1 2013, el 1 de febrero en Maranello, a las 10:30.<\/p>\n<div class=\"sharedaddy sd-sharing-enabled\"><div class=\"robots-nocontent sd-block sd-social sd-social-official sd-sharing\"><h3 class=\"sd-title\">Opciones Sociales:<\/h3><div class=\"sd-content\"><ul><li class=\"share-facebook\"><div class=\"fb-share-button\" data-href=\"http:\/\/www.michael-schumacher.es\/noticias-f1\/2013\/01\/25\/calendario-de-ferrari-para-entrenamientos-alonso-no-rodara-en-jerez\/\" data-layout=\"button_count\"><\/div><\/li><li class=\"share-twitter\"><a href=\"https:\/\/twitter.com\/share\" class=\"twitter-share-button\" data-url=\"http:\/\/www.michael-schumacher.es\/noticias-f1\/2013\/01\/25\/calendario-de-ferrari-para-entrenamientos-alonso-no-rodara-en-jerez\/\" data-text=\"Calendario de Ferrari para entrenamientos, Alonso no rodar\u00e1 en Jerez \"  >Tweet<\/a><\/li><li class=\"share-email\"><a rel=\"nofollow noopener noreferrer\" data-shared=\"\" class=\"share-email sd-button\" href=\"http:\/\/www.michael-schumacher.es\/noticias-f1\/2013\/01\/25\/calendario-de-ferrari-para-entrenamientos-alonso-no-rodara-en-jerez\/?share=email\" target=\"_blank\" title=\"Haz clic para enviar por correo electr\u00f3nico a un amigo\"><span>Correo electr\u00f3nico<\/span><\/a><\/li><li class=\"share-end\"><\/li><\/ul><\/div><\/div><\/div>","protected":false},"excerpt":{"rendered":"<p>Felipe Massa rodar\u00e1 los tres primeros d\u00edas y Pedro de la Rosa ser\u00e1 el encargado de rodar el cuarto y \u00faltimo d\u00eda de Jerez<\/p>\n<div class=\"sharedaddy sd-sharing-enabled\"><div class=\"robots-nocontent sd-block sd-social sd-social-official sd-sharing\"><h3 class=\"sd-title\">Opciones Sociales:<\/h3><div class=\"sd-content\"><ul><li class=\"share-facebook\"><div class=\"fb-share-button\" data-href=\"http:\/\/www.michael-schumacher.es\/noticias-f1\/2013\/01\/25\/calendario-de-ferrari-para-entrenamientos-alonso-no-rodara-en-jerez\/\" data-layout=\"button_count\"><\/div><\/li><li class=\"share-twitter\"><a href=\"https:\/\/twitter.com\/share\" class=\"twitter-share-button\" data-url=\"http:\/\/www.michael-schumacher.es\/noticias-f1\/2013\/01\/25\/calendario-de-ferrari-para-entrenamientos-alonso-no-rodara-en-jerez\/\" data-text=\"Calendario de Ferrari para entrenamientos, Alonso no rodar\u00e1 en Jerez \"  >Tweet<\/a><\/li><li class=\"share-email\"><a rel=\"nofollow noopener noreferrer\" data-shared=\"\" class=\"share-email sd-button\" href=\"http:\/\/www.michael-schumacher.es\/noticias-f1\/2013\/01\/25\/calendario-de-ferrari-para-entrenamientos-alonso-no-rodara-en-jerez\/?share=email\" target=\"_blank\" title=\"Haz clic para enviar por correo electr\u00f3nico a un amigo\"><span>Correo electr\u00f3nico<\/span><\/a><\/li><li class=\"share-end\"><\/li><\/ul><\/div><\/div><\/div>","protected":false},"author":3,"featured_media":0,"comment_status":"open","ping_status":"open","sticky":false,"template":"","format":"standard","meta":{"_monsterinsights_skip_tracking":false,"_monsterinsights_sitenote_active":false,"_monsterinsights_sitenote_note":"","_monsterinsights_sitenote_category":0,"spay_email":"","jetpack_publicize_message":"","jetpack_is_tweetstorm":false,"jetpack_publicize_feature_enabled":true},"categories":[3],"tags":[373,105,279,78,131,17,106,104,141,15,657,108,1145,76,2037,2720,238],"jetpack_featured_media_url":"","jetpack_publicize_connections":[],"jetpack_sharing_enabled":true,"jetpack_shortlink":"https:\/\/wp.me\/p27q3P-1YC","_links":{"self":[{"href":"http:\/\/www.michael-schumacher.es\/noticias-f1\/wp-json\/wp\/v2\/posts\/7602"}],"collection":[{"href":"http:\/\/www.michael-schumacher.es\/noticias-f1\/wp-json\/wp\/v2\/posts"}],"about":[{"href":"http:\/\/www.michael-schumacher.es\/noticias-f1\/wp-json\/wp\/v2\/types\/post"}],"author":[{"embeddable":true,"href":"http:\/\/www.michael-schumacher.es\/noticias-f1\/wp-json\/wp\/v2\/users\/3"}],"replies":[{"embeddable":true,"href":"http:\/\/www.michael-schumacher.es\/noticias-f1\/wp-json\/wp\/v2\/comments?post=7602"}],"version-history":[{"count":0,"href":"http:\/\/www.michael-schumacher.es\/noticias-f1\/wp-json\/wp\/v2\/posts\/7602\/revisions"}],"wp:attachment":[{"href":"http:\/\/www.michael-schumacher.es\/noticias-f1\/wp-json\/wp\/v2\/media?parent=7602"}],"wp:term":[{"taxonomy":"category","embeddable":true,"href":"http:\/\/www.michael-schumacher.es\/noticias-f1\/wp-json\/wp\/v2\/categories?post=7602"},{"taxonomy":"post_tag","embeddable":true,"href":"http:\/\/www.michael-schumacher.es\/noticias-f1\/wp-json\/wp\/v2\/tags?post=7602"}],"curies":[{"name":"wp","href":"https:\/\/api.w.org\/{rel}","templated":true}]}}