{"id":7630,"date":"2013-01-28T00:01:31","date_gmt":"2013-01-27T23:01:31","guid":{"rendered":"http:\/\/www.michael-schumacher.es\/noticias-f1\/?p=7630"},"modified":"2013-01-27T23:32:01","modified_gmt":"2013-01-27T22:32:01","slug":"ecclestone-pone-fin-a-las-negociaciones-con-el-circuito-de-nurburgring","status":"publish","type":"post","link":"http:\/\/www.michael-schumacher.es\/noticias-f1\/2013\/01\/28\/ecclestone-pone-fin-a-las-negociaciones-con-el-circuito-de-nurburgring\/","title":{"rendered":"Ecclestone pone fin a las negociaciones con el circuito de N\u00fcrburgring"},"content":{"rendered":"<p><img loading=\"lazy\" class=\"alignleft\" title=\"Ecclestone\" alt=\"\" src=\"http:\/\/img.michael-schumacher.es\/noticias-f1\/ecclestone-1-mini.jpg\" width=\"200\" height=\"100\" \/>Despu\u00e9s de meses de negociaciones entre Ecclestone y el circuito de N\u00fcrburgring, y pese a que en los \u00faltimos tiempos Ecclestone parec\u00eda optimista sobre llegar un acuerdo, y ha intentado no perder esta cita para el calendario, finalmente da por cerradas las negociaciones con el circuito, se impone la precaria situaci\u00f3n econ\u00f3mica del circuito y el acuerdo no ha sido posible<\/p>\n<p><!--more--> <!--noteaser--><\/p>\n<p style=\"text-align: center;\">\u00a0<img loading=\"lazy\" class=\"aligncenter\" title=\"Bernie Ecclestone\" alt=\"\" src=\"http:\/\/img.michael-schumacher.es\/noticias-f1\/ecclestone-1.jpg\" width=\"605\" height=\"300\" \/><\/p>\n<p>Despu\u00e9s de meses de negociaciones entre Ecclestone y el circuito de N\u00fcrburgring, y pese a que en los \u00faltimos tiempos Ecclestone parec\u00eda optimista sobre llegar un acuerdo, y ha intentado no perder esta cita para el calendario, finalmente da por cerradas las negociaciones con el circuito, se impone la precaria situaci\u00f3n econ\u00f3mica del circuito y el acuerdo no ha sido posible<\/p>\n<p>&nbsp;<\/p>\n<p>Seg\u00fan ha confirmado el propio Ecclestone: <b>\u00abDespu\u00e9s de examinar en detalle la propuesta que nos lleg\u00f3 desde el circuito de N\u00fcrburgring y no la hemos aceptado porque no es aceptable desde el punto de vista financiero. El acuerdo se considerar\u00e1 cerrado, se ponen fin a las negociaciones\u00bb.<\/b><\/p>\n<p>&nbsp;<\/p>\n<p>Ecclestone, ha estado tratando de salvar el Gran Premio de Alemania en 2013, por lo que se han intentado las negociaciones una y otra vez con los funcionarios del N\u00fcrburgring, lamentablemente, ya est\u00e1 descartado y la \u00fanica opci\u00f3n es Hockenheim, donde se celebr\u00f3 el Gran Premio en 2012.<\/p>\n<p>&nbsp;<\/p>\n<p>Los administradores de Hockenheim dieron su disponibilidad, relativa, advirtiendo que no ser\u00e1n capaces de acoger el GP de F1 de manera permanente. Necesitan volver a la alternancia o ellos tampoco podr\u00e1n soportarlo<\/p>\n<p>&nbsp;<\/p>\n<p>Los responsables del circuito de N\u00fcrburgring no hecho ning\u00fan comunicado al respecto.<\/p>\n<p>&nbsp;<\/p>\n<p>&nbsp;<\/p>\n<div class=\"sharedaddy sd-sharing-enabled\"><div class=\"robots-nocontent sd-block sd-social sd-social-official sd-sharing\"><h3 class=\"sd-title\">Opciones Sociales:<\/h3><div class=\"sd-content\"><ul><li class=\"share-facebook\"><div class=\"fb-share-button\" data-href=\"http:\/\/www.michael-schumacher.es\/noticias-f1\/2013\/01\/28\/ecclestone-pone-fin-a-las-negociaciones-con-el-circuito-de-nurburgring\/\" data-layout=\"button_count\"><\/div><\/li><li class=\"share-twitter\"><a href=\"https:\/\/twitter.com\/share\" class=\"twitter-share-button\" data-url=\"http:\/\/www.michael-schumacher.es\/noticias-f1\/2013\/01\/28\/ecclestone-pone-fin-a-las-negociaciones-con-el-circuito-de-nurburgring\/\" data-text=\"Ecclestone pone fin a las negociaciones con el circuito de N\u00fcrburgring\"  >Tweet<\/a><\/li><li class=\"share-email\"><a rel=\"nofollow noopener noreferrer\" data-shared=\"\" class=\"share-email sd-button\" href=\"http:\/\/www.michael-schumacher.es\/noticias-f1\/2013\/01\/28\/ecclestone-pone-fin-a-las-negociaciones-con-el-circuito-de-nurburgring\/?share=email\" target=\"_blank\" title=\"Haz clic para enviar por correo electr\u00f3nico a un amigo\"><span>Correo electr\u00f3nico<\/span><\/a><\/li><li class=\"share-end\"><\/li><\/ul><\/div><\/div><\/div>","protected":false},"excerpt":{"rendered":"<p>Despu\u00e9s de meses de negociaciones entre Ecclestone y el circuito de N\u00fcrburgring, y pese a que en los \u00faltimos tiempos Ecclestone parec\u00eda optimista sobre llegar un acuerdo, y ha intentado no perder esta cita para el calendario, finalmente da por cerradas las negociaciones con el circuito, se impone la precaria situaci\u00f3n econ\u00f3mica del circuito y [&hellip;]<\/p>\n<div class=\"sharedaddy sd-sharing-enabled\"><div class=\"robots-nocontent sd-block sd-social sd-social-official sd-sharing\"><h3 class=\"sd-title\">Opciones Sociales:<\/h3><div class=\"sd-content\"><ul><li class=\"share-facebook\"><div class=\"fb-share-button\" data-href=\"http:\/\/www.michael-schumacher.es\/noticias-f1\/2013\/01\/28\/ecclestone-pone-fin-a-las-negociaciones-con-el-circuito-de-nurburgring\/\" data-layout=\"button_count\"><\/div><\/li><li class=\"share-twitter\"><a href=\"https:\/\/twitter.com\/share\" class=\"twitter-share-button\" data-url=\"http:\/\/www.michael-schumacher.es\/noticias-f1\/2013\/01\/28\/ecclestone-pone-fin-a-las-negociaciones-con-el-circuito-de-nurburgring\/\" data-text=\"Ecclestone pone fin a las negociaciones con el circuito de N\u00fcrburgring\"  >Tweet<\/a><\/li><li class=\"share-email\"><a rel=\"nofollow noopener noreferrer\" data-shared=\"\" class=\"share-email sd-button\" href=\"http:\/\/www.michael-schumacher.es\/noticias-f1\/2013\/01\/28\/ecclestone-pone-fin-a-las-negociaciones-con-el-circuito-de-nurburgring\/?share=email\" target=\"_blank\" title=\"Haz clic para enviar por correo electr\u00f3nico a un amigo\"><span>Correo electr\u00f3nico<\/span><\/a><\/li><li class=\"share-end\"><\/li><\/ul><\/div><\/div><\/div>","protected":false},"author":3,"featured_media":0,"comment_status":"open","ping_status":"open","sticky":false,"template":"","format":"standard","meta":{"_monsterinsights_skip_tracking":false,"_monsterinsights_sitenote_active":false,"_monsterinsights_sitenote_note":"","_monsterinsights_sitenote_category":0,"spay_email":"","jetpack_publicize_message":"","jetpack_is_tweetstorm":false,"jetpack_publicize_feature_enabled":true},"categories":[3],"tags":[373,543,432,135,431,17,15,660,580,2731,238],"jetpack_featured_media_url":"","jetpack_publicize_connections":[],"jetpack_sharing_enabled":true,"jetpack_shortlink":"https:\/\/wp.me\/p27q3P-1Z4","_links":{"self":[{"href":"http:\/\/www.michael-schumacher.es\/noticias-f1\/wp-json\/wp\/v2\/posts\/7630"}],"collection":[{"href":"http:\/\/www.michael-schumacher.es\/noticias-f1\/wp-json\/wp\/v2\/posts"}],"about":[{"href":"http:\/\/www.michael-schumacher.es\/noticias-f1\/wp-json\/wp\/v2\/types\/post"}],"author":[{"embeddable":true,"href":"http:\/\/www.michael-schumacher.es\/noticias-f1\/wp-json\/wp\/v2\/users\/3"}],"replies":[{"embeddable":true,"href":"http:\/\/www.michael-schumacher.es\/noticias-f1\/wp-json\/wp\/v2\/comments?post=7630"}],"version-history":[{"count":0,"href":"http:\/\/www.michael-schumacher.es\/noticias-f1\/wp-json\/wp\/v2\/posts\/7630\/revisions"}],"wp:attachment":[{"href":"http:\/\/www.michael-schumacher.es\/noticias-f1\/wp-json\/wp\/v2\/media?parent=7630"}],"wp:term":[{"taxonomy":"category","embeddable":true,"href":"http:\/\/www.michael-schumacher.es\/noticias-f1\/wp-json\/wp\/v2\/categories?post=7630"},{"taxonomy":"post_tag","embeddable":true,"href":"http:\/\/www.michael-schumacher.es\/noticias-f1\/wp-json\/wp\/v2\/tags?post=7630"}],"curies":[{"name":"wp","href":"https:\/\/api.w.org\/{rel}","templated":true}]}}