{"id":7672,"date":"2013-02-01T13:31:11","date_gmt":"2013-02-01T12:31:11","guid":{"rendered":"http:\/\/www.michael-schumacher.es\/noticias-f1\/?p=7672"},"modified":"2013-02-01T13:31:36","modified_gmt":"2013-02-01T12:31:36","slug":"marussia-presentara-su-mr02-el-dia-5-de-febrero","status":"publish","type":"post","link":"http:\/\/www.michael-schumacher.es\/noticias-f1\/2013\/02\/01\/marussia-presentara-su-mr02-el-dia-5-de-febrero\/","title":{"rendered":"Marussia presentar\u00e1 su MR02 el d\u00eda 5 de febrero"},"content":{"rendered":"<p><a href=\"http:\/\/www.michael-schumacher.es\/noticias-f1\/wp-content\/uploads\/2012\/08\/david_sarro.glock-1-mini.jpg\"><img loading=\"lazy\" class=\"alignleft size-full wp-image-2479\" alt=\"Timo Glock  1 - miniatura \" src=\"http:\/\/www.michael-schumacher.es\/noticias-f1\/wp-content\/uploads\/2012\/08\/david_sarro.glock-1-mini.jpg\" width=\"200\" height=\"133\" \/><\/a>Ser\u00e1 antes del inicio de la primera jornada de pruebas de la pre-temporada. La presentaci\u00f3n tendr\u00e1 lugar a las 8:15 am, 30 minutos antes que Caterham, que presentar\u00e1 su CT03.<\/p>\n<p><!--more--> <!--noteaser--><\/p>\n<p style=\"text-align: center;\"><a href=\"http:\/\/www.michael-schumacher.es\/noticias-f1\/wp-content\/uploads\/2012\/08\/david_sarro.glock-1.jpg\"><img loading=\"lazy\" class=\"aligncenter size-full wp-image-2478\" alt=\"Timo Glock 1 \" src=\"http:\/\/www.michael-schumacher.es\/noticias-f1\/wp-content\/uploads\/2012\/08\/david_sarro.glock-1.jpg\" width=\"600\" height=\"400\" srcset=\"http:\/\/www.michael-schumacher.es\/noticias-f1\/wp-content\/uploads\/2012\/08\/david_sarro.glock-1.jpg 600w, http:\/\/www.michael-schumacher.es\/noticias-f1\/wp-content\/uploads\/2012\/08\/david_sarro.glock-1-300x200.jpg 300w\" sizes=\"(max-width: 600px) 100vw, 600px\" \/><\/a><\/p>\n<p>Ser\u00e1 antes del inicio de la primera jornada de pruebas de la pre-temporada. La presentaci\u00f3n tendr\u00e1 lugar a las 8:15 am, 30 minutos antes que Caterham, que presentar\u00e1 su CT03.<\/p>\n<p>&nbsp;<\/p>\n<p>Tambi\u00e9n el equipo comunico que Max Chilton, el \u00fanico piloto confirmado har\u00eda el primer d\u00eda de prueba y el segundo con el nuevo MR02. Se rumorea que su compa\u00f1ero podr\u00eda ser Luiz Razia, vice-campe\u00f3n de la GP2 Series 2012, seg\u00fan los medios brasile\u00f1os aunque no hay confirmaci\u00f3n del equipo.<\/p>\n<p>&nbsp;<\/p>\n<p><b>Presentaciones F1 2013:<\/b><\/p>\n<p><b>Lotus<\/b>&#8211; 28 de Enero<\/p>\n<p><b>McLaren<\/b>&#8211; 31 de enero<\/p>\n<p><b>Ferrari<\/b> -1 de febrero<\/p>\n<p><b>Force India<\/b> -1 de febrero<\/p>\n<p><b>Sauber<\/b> \u2013 2 de febrero<\/p>\n<p><b>Red Bull<\/b> -3 de febrero<\/p>\n<p><b>Mercedes<\/b> -4 de febrero<\/p>\n<p><b>Toro Rosso<\/b> -4 de febrero<\/p>\n<p><b>Marussia<\/b> \u2013 5 de febrero<\/p>\n<p><b>Caterham<\/b> \u2013 5 de febrero<\/p>\n<p><b>Williams<\/b> -19 de febrero<\/p>\n<p>&nbsp;<\/p>\n<div class=\"sharedaddy sd-sharing-enabled\"><div class=\"robots-nocontent sd-block sd-social sd-social-official sd-sharing\"><h3 class=\"sd-title\">Opciones Sociales:<\/h3><div class=\"sd-content\"><ul><li class=\"share-facebook\"><div class=\"fb-share-button\" data-href=\"http:\/\/www.michael-schumacher.es\/noticias-f1\/2013\/02\/01\/marussia-presentara-su-mr02-el-dia-5-de-febrero\/\" data-layout=\"button_count\"><\/div><\/li><li class=\"share-twitter\"><a href=\"https:\/\/twitter.com\/share\" class=\"twitter-share-button\" data-url=\"http:\/\/www.michael-schumacher.es\/noticias-f1\/2013\/02\/01\/marussia-presentara-su-mr02-el-dia-5-de-febrero\/\" data-text=\"Marussia presentar\u00e1 su MR02 el d\u00eda 5 de febrero\"  >Tweet<\/a><\/li><li class=\"share-email\"><a rel=\"nofollow noopener noreferrer\" data-shared=\"\" class=\"share-email sd-button\" href=\"http:\/\/www.michael-schumacher.es\/noticias-f1\/2013\/02\/01\/marussia-presentara-su-mr02-el-dia-5-de-febrero\/?share=email\" target=\"_blank\" title=\"Haz clic para enviar por correo electr\u00f3nico a un amigo\"><span>Correo electr\u00f3nico<\/span><\/a><\/li><li class=\"share-end\"><\/li><\/ul><\/div><\/div><\/div>","protected":false},"excerpt":{"rendered":"<p>Ser\u00e1 antes del inicio de la primera jornada de pruebas de la pre-temporada. La presentaci\u00f3n tendr\u00e1 lugar a las 8:15 am, 30 minutos antes que Caterham, que presentar\u00e1 su CT03.<\/p>\n<div class=\"sharedaddy sd-sharing-enabled\"><div class=\"robots-nocontent sd-block sd-social sd-social-official sd-sharing\"><h3 class=\"sd-title\">Opciones Sociales:<\/h3><div class=\"sd-content\"><ul><li class=\"share-facebook\"><div class=\"fb-share-button\" data-href=\"http:\/\/www.michael-schumacher.es\/noticias-f1\/2013\/02\/01\/marussia-presentara-su-mr02-el-dia-5-de-febrero\/\" data-layout=\"button_count\"><\/div><\/li><li class=\"share-twitter\"><a href=\"https:\/\/twitter.com\/share\" class=\"twitter-share-button\" data-url=\"http:\/\/www.michael-schumacher.es\/noticias-f1\/2013\/02\/01\/marussia-presentara-su-mr02-el-dia-5-de-febrero\/\" data-text=\"Marussia presentar\u00e1 su MR02 el d\u00eda 5 de febrero\"  >Tweet<\/a><\/li><li class=\"share-email\"><a rel=\"nofollow noopener noreferrer\" data-shared=\"\" class=\"share-email sd-button\" href=\"http:\/\/www.michael-schumacher.es\/noticias-f1\/2013\/02\/01\/marussia-presentara-su-mr02-el-dia-5-de-febrero\/?share=email\" target=\"_blank\" title=\"Haz clic para enviar por correo electr\u00f3nico a un amigo\"><span>Correo electr\u00f3nico<\/span><\/a><\/li><li class=\"share-end\"><\/li><\/ul><\/div><\/div><\/div>","protected":false},"author":3,"featured_media":0,"comment_status":"open","ping_status":"open","sticky":false,"template":"","format":"standard","meta":{"_monsterinsights_skip_tracking":false,"_monsterinsights_sitenote_active":false,"_monsterinsights_sitenote_note":"","_monsterinsights_sitenote_category":0,"spay_email":"","jetpack_publicize_message":"","jetpack_is_tweetstorm":false,"jetpack_publicize_feature_enabled":true},"categories":[3],"tags":[373,1471,17,2038,15,657,139,2757,1342,2691,238],"jetpack_featured_media_url":"","jetpack_publicize_connections":[],"jetpack_sharing_enabled":true,"jetpack_shortlink":"https:\/\/wp.me\/p27q3P-1ZK","_links":{"self":[{"href":"http:\/\/www.michael-schumacher.es\/noticias-f1\/wp-json\/wp\/v2\/posts\/7672"}],"collection":[{"href":"http:\/\/www.michael-schumacher.es\/noticias-f1\/wp-json\/wp\/v2\/posts"}],"about":[{"href":"http:\/\/www.michael-schumacher.es\/noticias-f1\/wp-json\/wp\/v2\/types\/post"}],"author":[{"embeddable":true,"href":"http:\/\/www.michael-schumacher.es\/noticias-f1\/wp-json\/wp\/v2\/users\/3"}],"replies":[{"embeddable":true,"href":"http:\/\/www.michael-schumacher.es\/noticias-f1\/wp-json\/wp\/v2\/comments?post=7672"}],"version-history":[{"count":0,"href":"http:\/\/www.michael-schumacher.es\/noticias-f1\/wp-json\/wp\/v2\/posts\/7672\/revisions"}],"wp:attachment":[{"href":"http:\/\/www.michael-schumacher.es\/noticias-f1\/wp-json\/wp\/v2\/media?parent=7672"}],"wp:term":[{"taxonomy":"category","embeddable":true,"href":"http:\/\/www.michael-schumacher.es\/noticias-f1\/wp-json\/wp\/v2\/categories?post=7672"},{"taxonomy":"post_tag","embeddable":true,"href":"http:\/\/www.michael-schumacher.es\/noticias-f1\/wp-json\/wp\/v2\/tags?post=7672"}],"curies":[{"name":"wp","href":"https:\/\/api.w.org\/{rel}","templated":true}]}}