{"id":783,"date":"2012-05-09T00:34:37","date_gmt":"2012-05-08T22:34:37","guid":{"rendered":"http:\/\/www.michael-schumacher.es\/noticias-f1\/?p=783"},"modified":"2012-05-09T00:35:52","modified_gmt":"2012-05-08T22:35:52","slug":"hrt-cuenta-con-un-nuevo-patrocinador-carbonell","status":"publish","type":"post","link":"http:\/\/www.michael-schumacher.es\/noticias-f1\/2012\/05\/09\/hrt-cuenta-con-un-nuevo-patrocinador-carbonell\/","title":{"rendered":"HRT cuenta con un nuevo patrocinador: Carbonell"},"content":{"rendered":"<p><img loading=\"lazy\" class=\"alignleft\" title=\"HRT\" src=\"http:\/\/img.michael-schumacher.es\/noticias-f1\/hrt\/hrt-1-mini.jpg\" alt=\"HRT\" width=\"202\" height=\"100\" \/>La conocida empresa espa\u00f1ola Carbonell, se convierte en\u00a0 nuevo patrocinador del equipo. Adem\u00e1s Carbonell se encargar\u00e1 tambi\u00e9n de suministrar al equipo aceites, vinagres y aceitunas, del que dar\u00e1n uso el equipo designado por Arzak. \u00a0Un acuerdo\u00a0 que se prolongar\u00e1 durante toda la temporada 2012.<\/p>\n<p><!--more--> <!--noteaser--><\/p>\n<p style=\"text-align: center;\">\u00a0<img loading=\"lazy\" class=\"aligncenter\" title=\"HRT\" src=\"http:\/\/img.michael-schumacher.es\/noticias-f1\/hrt\/hrt-1.jpg\" alt=\"HRT\" width=\"605\" height=\"300\" \/><\/p>\n<p>La conocida empresa espa\u00f1ola Carbonell, se convierte en\u00a0 nuevo patrocinador del equipo. Adem\u00e1s Carbonell se encargar\u00e1 tambi\u00e9n de suministrar al equipo aceites, vinagres y aceitunas, del que dar\u00e1n uso el equipo designado por Arzak. \u00a0Un acuerdo\u00a0 que se prolongar\u00e1 durante toda la temporada 2012.<\/p>\n<p>&nbsp;<\/p>\n<p><strong>Luis P\u00e9rez-Sala:<\/strong> \u00ab<em>Es una gran satisfacci\u00f3n para HRT iniciar una colaboraci\u00f3n con Carbonell, marca espa\u00f1ola de reconocido prestigio internacional en el sector de la alimentaci\u00f3n. Esta asociaci\u00f3n ofrece una oportunidad para aprovechar y potenciar las sinergias de ambas empresas a nivel mundial. Adem\u00e1s, Carbonell se integra perfectamente con nuestros socios gastron\u00f3micos de Arzak-Bokado para ofrecer una experiencia gourmet de cocina espa\u00f1ola y de fusi\u00f3n por los diferentes pa\u00edses donde competimos. Agradecemos la confianza que Carbonell deposita en nosotros y seguiremos trabajando intensamente para ser competitivos en un entorno tremendamente exigente. Con el esfuerzo de todos conseguiremos nuestros objetivos<\/em>\u201d<\/p>\n<p>&nbsp;<\/p>\n<p><strong>Jos\u00e9 Mar\u00eda Collantes, director general de Deoleo S.A:<\/strong> \u00ab<em>La alianza entre HRT, Carbonell y Arzak permitir\u00e1 fortalecer el v\u00ednculo entre la F\u00f3rmula 1 y el mundo de la gastronom\u00eda gracias a HRT con una exclusiva experiencia gourmet mediante la cual Carbonell participar\u00e1 en todos los aspectos relacionados con la cocina del equipo, as\u00ed como en toda una serie de experiencias gastron\u00f3micas en los Grandes Premios. El hecho de patrocinar un deporte tan popular como F\u00f3rmula 1 permitir\u00e1 a Carbonell tener una gran visibilidad y afianzar su liderazgo como marca innovadora en el mundo del aceite de oliva, vinagres y aceitunas<\/em>\u00ab,<\/p>\n<div class=\"sharedaddy sd-sharing-enabled\"><div class=\"robots-nocontent sd-block sd-social sd-social-official sd-sharing\"><h3 class=\"sd-title\">Opciones Sociales:<\/h3><div class=\"sd-content\"><ul><li class=\"share-facebook\"><div class=\"fb-share-button\" data-href=\"http:\/\/www.michael-schumacher.es\/noticias-f1\/2012\/05\/09\/hrt-cuenta-con-un-nuevo-patrocinador-carbonell\/\" data-layout=\"button_count\"><\/div><\/li><li class=\"share-twitter\"><a href=\"https:\/\/twitter.com\/share\" class=\"twitter-share-button\" data-url=\"http:\/\/www.michael-schumacher.es\/noticias-f1\/2012\/05\/09\/hrt-cuenta-con-un-nuevo-patrocinador-carbonell\/\" data-text=\"HRT cuenta con un nuevo patrocinador: Carbonell\"  >Tweet<\/a><\/li><li class=\"share-email\"><a rel=\"nofollow noopener noreferrer\" data-shared=\"\" class=\"share-email sd-button\" href=\"http:\/\/www.michael-schumacher.es\/noticias-f1\/2012\/05\/09\/hrt-cuenta-con-un-nuevo-patrocinador-carbonell\/?share=email\" target=\"_blank\" title=\"Haz clic para enviar por correo electr\u00f3nico a un amigo\"><span>Correo electr\u00f3nico<\/span><\/a><\/li><li class=\"share-end\"><\/li><\/ul><\/div><\/div><\/div>","protected":false},"excerpt":{"rendered":"<p>La conocida empresa espa\u00f1ola Carbonell, se convierte en\u00a0 nuevo patrocinador del equipo. Adem\u00e1s Carbonell se encargar\u00e1 tambi\u00e9n de suministrar al equipo aceites, vinagres y aceitunas, del que dar\u00e1n uso el equipo designado por Arzak. \u00a0Un acuerdo\u00a0 que se prolongar\u00e1 durante toda la temporada 2012.<\/p>\n<div class=\"sharedaddy sd-sharing-enabled\"><div class=\"robots-nocontent sd-block sd-social sd-social-official sd-sharing\"><h3 class=\"sd-title\">Opciones Sociales:<\/h3><div class=\"sd-content\"><ul><li class=\"share-facebook\"><div class=\"fb-share-button\" data-href=\"http:\/\/www.michael-schumacher.es\/noticias-f1\/2012\/05\/09\/hrt-cuenta-con-un-nuevo-patrocinador-carbonell\/\" data-layout=\"button_count\"><\/div><\/li><li class=\"share-twitter\"><a href=\"https:\/\/twitter.com\/share\" class=\"twitter-share-button\" data-url=\"http:\/\/www.michael-schumacher.es\/noticias-f1\/2012\/05\/09\/hrt-cuenta-con-un-nuevo-patrocinador-carbonell\/\" data-text=\"HRT cuenta con un nuevo patrocinador: Carbonell\"  >Tweet<\/a><\/li><li class=\"share-email\"><a rel=\"nofollow noopener noreferrer\" data-shared=\"\" class=\"share-email sd-button\" href=\"http:\/\/www.michael-schumacher.es\/noticias-f1\/2012\/05\/09\/hrt-cuenta-con-un-nuevo-patrocinador-carbonell\/?share=email\" target=\"_blank\" title=\"Haz clic para enviar por correo electr\u00f3nico a un amigo\"><span>Correo electr\u00f3nico<\/span><\/a><\/li><li class=\"share-end\"><\/li><\/ul><\/div><\/div><\/div>","protected":false},"author":2,"featured_media":0,"comment_status":"open","ping_status":"open","sticky":false,"template":"","format":"standard","meta":{"_monsterinsights_skip_tracking":false,"_monsterinsights_sitenote_active":false,"_monsterinsights_sitenote_note":"","_monsterinsights_sitenote_category":0,"spay_email":"","jetpack_publicize_message":"","jetpack_is_tweetstorm":false,"jetpack_publicize_feature_enabled":true},"categories":[3],"tags":[363,366,362,364,17,15,75,368,80,365,367],"jetpack_featured_media_url":"","jetpack_publicize_connections":[],"jetpack_sharing_enabled":true,"jetpack_shortlink":"https:\/\/wp.me\/p27q3P-cD","_links":{"self":[{"href":"http:\/\/www.michael-schumacher.es\/noticias-f1\/wp-json\/wp\/v2\/posts\/783"}],"collection":[{"href":"http:\/\/www.michael-schumacher.es\/noticias-f1\/wp-json\/wp\/v2\/posts"}],"about":[{"href":"http:\/\/www.michael-schumacher.es\/noticias-f1\/wp-json\/wp\/v2\/types\/post"}],"author":[{"embeddable":true,"href":"http:\/\/www.michael-schumacher.es\/noticias-f1\/wp-json\/wp\/v2\/users\/2"}],"replies":[{"embeddable":true,"href":"http:\/\/www.michael-schumacher.es\/noticias-f1\/wp-json\/wp\/v2\/comments?post=783"}],"version-history":[{"count":0,"href":"http:\/\/www.michael-schumacher.es\/noticias-f1\/wp-json\/wp\/v2\/posts\/783\/revisions"}],"wp:attachment":[{"href":"http:\/\/www.michael-schumacher.es\/noticias-f1\/wp-json\/wp\/v2\/media?parent=783"}],"wp:term":[{"taxonomy":"category","embeddable":true,"href":"http:\/\/www.michael-schumacher.es\/noticias-f1\/wp-json\/wp\/v2\/categories?post=783"},{"taxonomy":"post_tag","embeddable":true,"href":"http:\/\/www.michael-schumacher.es\/noticias-f1\/wp-json\/wp\/v2\/tags?post=783"}],"curies":[{"name":"wp","href":"https:\/\/api.w.org\/{rel}","templated":true}]}}