{"id":7892,"date":"2013-02-11T00:45:25","date_gmt":"2013-02-10T23:45:25","guid":{"rendered":"http:\/\/www.michael-schumacher.es\/noticias-f1\/?p=7892"},"modified":"2013-02-11T00:45:25","modified_gmt":"2013-02-10T23:45:25","slug":"rory-byrne-vuelve-a-ferrari","status":"publish","type":"post","link":"http:\/\/www.michael-schumacher.es\/noticias-f1\/2013\/02\/11\/rory-byrne-vuelve-a-ferrari\/","title":{"rendered":"Rory Byrne vuelve a Ferrari"},"content":{"rendered":"<p><a href=\"http:\/\/www.michael-schumacher.es\/noticias-f1\/wp-content\/uploads\/2013\/02\/rory_byrne_ferrari.jpg\"><img loading=\"lazy\" class=\"alignleft\" alt=\"rory byrne Ferrari\" src=\"http:\/\/www.michael-schumacher.es\/noticias-f1\/wp-content\/uploads\/2013\/02\/rory_byrne_ferrari.jpg\" width=\"200\" height=\"138\" \/><\/a>Rory Byrne, el dise\u00f1ador de coches, fue el dise\u00f1ador jefe de Benetton y Scuderia Ferrari, Sud\u00e1fricano de 69 a\u00f1os, estaba pr\u00e1cticamente retirado, desde el a\u00f1o 2006 cuando Michael Schumacher se retir\u00f3 de la competici\u00f3n, y paso a hacer tareas de consultor t\u00e9cnico ocasionales. Ahora Ferrari ha confirmado su retorno al equipo, para proporcionar apoyo operacional en el proyecto de F1 2014 y trabaja en el proyecto del nuevo superdeportivo Enzo.<\/p>\n<p><!--more--> <!--noteaser--><\/p>\n<p><a href=\"http:\/\/www.michael-schumacher.es\/noticias-f1\/wp-content\/uploads\/2013\/02\/rory_byrne_ferrari.jpg\"><img loading=\"lazy\" class=\"aligncenter size-full wp-image-7894\" alt=\"rory byrne Ferrari\" src=\"http:\/\/www.michael-schumacher.es\/noticias-f1\/wp-content\/uploads\/2013\/02\/rory_byrne_ferrari.jpg\" width=\"650\" height=\"448\" srcset=\"http:\/\/www.michael-schumacher.es\/noticias-f1\/wp-content\/uploads\/2013\/02\/rory_byrne_ferrari.jpg 650w, http:\/\/www.michael-schumacher.es\/noticias-f1\/wp-content\/uploads\/2013\/02\/rory_byrne_ferrari-300x206.jpg 300w\" sizes=\"(max-width: 650px) 100vw, 650px\" \/><\/a><\/p>\n<p>Rory Byrne, el dise\u00f1ador de coches, fue el dise\u00f1ador jefe de Benetton y Scuderia Ferrari, Sud\u00e1fricano de 69 a\u00f1os, estaba pr\u00e1cticamente retirado, desde el a\u00f1o 2006 cuando Michael Schumacher se retir\u00f3 de la competici\u00f3n, y paso a hacer tareas de consultor t\u00e9cnico ocasionales. Ahora Ferrari ha confirmado su retorno al equipo, para proporcionar apoyo operacional en el proyecto de F1 2014 y trabaja en el proyecto del nuevo superdeportivo Enzo.<\/p>\n<p>&nbsp;<\/p>\n<p>Rory Byrne trabajo con Michael Schumacher cuando el piloto logr\u00f3 sus siete t\u00edtulos de F\u00f3rmula Uno, dos con Benetton y cinco con Ferrari. Byrne llego a \u00a0Ferrari en 1997 y se convirti\u00f3 en parte del incomparable equipo formado por Michael Schumacher con Ross Brawn. Michael \u00a0gan\u00f3 91 carreras con coches dise\u00f1ados con la ayuda de Byrne. Se retir\u00f3 cuando Michael se fue de la F1 en 2006.<\/p>\n<p>&nbsp;<\/p>\n<p>Parece que Byrne estar\u00e1 con Ferrari al menos hasta mediados de 2014 seg\u00fan los medios de comunicaci\u00f3n italianos. Para los grandes cambios de normativa y nuevos motores previstos para el 2014, Ferrari ha querido contar con la colaboraci\u00f3n \u00a0de Byrne con el V6 turbo.<\/p>\n<p>&nbsp;<\/p>\n<div class=\"sharedaddy sd-sharing-enabled\"><div class=\"robots-nocontent sd-block sd-social sd-social-official sd-sharing\"><h3 class=\"sd-title\">Opciones Sociales:<\/h3><div class=\"sd-content\"><ul><li class=\"share-facebook\"><div class=\"fb-share-button\" data-href=\"http:\/\/www.michael-schumacher.es\/noticias-f1\/2013\/02\/11\/rory-byrne-vuelve-a-ferrari\/\" data-layout=\"button_count\"><\/div><\/li><li class=\"share-twitter\"><a href=\"https:\/\/twitter.com\/share\" class=\"twitter-share-button\" data-url=\"http:\/\/www.michael-schumacher.es\/noticias-f1\/2013\/02\/11\/rory-byrne-vuelve-a-ferrari\/\" data-text=\"Rory Byrne vuelve a Ferrari\"  >Tweet<\/a><\/li><li class=\"share-email\"><a rel=\"nofollow noopener noreferrer\" data-shared=\"\" class=\"share-email sd-button\" href=\"http:\/\/www.michael-schumacher.es\/noticias-f1\/2013\/02\/11\/rory-byrne-vuelve-a-ferrari\/?share=email\" target=\"_blank\" title=\"Haz clic para enviar por correo electr\u00f3nico a un amigo\"><span>Correo electr\u00f3nico<\/span><\/a><\/li><li class=\"share-end\"><\/li><\/ul><\/div><\/div><\/div>","protected":false},"excerpt":{"rendered":"<p>Rory Byrne, el dise\u00f1ador de coches, fue el dise\u00f1ador jefe de Benetton y Scuderia Ferrari, Sud\u00e1fricano de 69 a\u00f1os, estaba pr\u00e1cticamente retirado, desde el a\u00f1o 2006 cuando Michael Schumacher se retir\u00f3 de la competici\u00f3n, y paso a hacer tareas de consultor t\u00e9cnico ocasionales. Ahora Ferrari ha confirmado su retorno al equipo, para proporcionar apoyo operacional [&hellip;]<\/p>\n<div class=\"sharedaddy sd-sharing-enabled\"><div class=\"robots-nocontent sd-block sd-social sd-social-official sd-sharing\"><h3 class=\"sd-title\">Opciones Sociales:<\/h3><div class=\"sd-content\"><ul><li class=\"share-facebook\"><div class=\"fb-share-button\" data-href=\"http:\/\/www.michael-schumacher.es\/noticias-f1\/2013\/02\/11\/rory-byrne-vuelve-a-ferrari\/\" data-layout=\"button_count\"><\/div><\/li><li class=\"share-twitter\"><a href=\"https:\/\/twitter.com\/share\" class=\"twitter-share-button\" data-url=\"http:\/\/www.michael-schumacher.es\/noticias-f1\/2013\/02\/11\/rory-byrne-vuelve-a-ferrari\/\" data-text=\"Rory Byrne vuelve a Ferrari\"  >Tweet<\/a><\/li><li class=\"share-email\"><a rel=\"nofollow noopener noreferrer\" data-shared=\"\" class=\"share-email sd-button\" href=\"http:\/\/www.michael-schumacher.es\/noticias-f1\/2013\/02\/11\/rory-byrne-vuelve-a-ferrari\/?share=email\" target=\"_blank\" title=\"Haz clic para enviar por correo electr\u00f3nico a un amigo\"><span>Correo electr\u00f3nico<\/span><\/a><\/li><li class=\"share-end\"><\/li><\/ul><\/div><\/div><\/div>","protected":false},"author":3,"featured_media":0,"comment_status":"open","ping_status":"open","sticky":false,"template":"","format":"standard","meta":{"_monsterinsights_skip_tracking":false,"_monsterinsights_sitenote_active":false,"_monsterinsights_sitenote_note":"","_monsterinsights_sitenote_category":0,"spay_email":"","jetpack_publicize_message":"","jetpack_is_tweetstorm":false,"jetpack_publicize_feature_enabled":true},"categories":[3],"tags":[758,1963,581,2805,521,17,2806,15,803,523,195,2804,357,238],"jetpack_featured_media_url":"","jetpack_publicize_connections":[],"jetpack_sharing_enabled":true,"jetpack_shortlink":"https:\/\/wp.me\/p27q3P-23i","_links":{"self":[{"href":"http:\/\/www.michael-schumacher.es\/noticias-f1\/wp-json\/wp\/v2\/posts\/7892"}],"collection":[{"href":"http:\/\/www.michael-schumacher.es\/noticias-f1\/wp-json\/wp\/v2\/posts"}],"about":[{"href":"http:\/\/www.michael-schumacher.es\/noticias-f1\/wp-json\/wp\/v2\/types\/post"}],"author":[{"embeddable":true,"href":"http:\/\/www.michael-schumacher.es\/noticias-f1\/wp-json\/wp\/v2\/users\/3"}],"replies":[{"embeddable":true,"href":"http:\/\/www.michael-schumacher.es\/noticias-f1\/wp-json\/wp\/v2\/comments?post=7892"}],"version-history":[{"count":0,"href":"http:\/\/www.michael-schumacher.es\/noticias-f1\/wp-json\/wp\/v2\/posts\/7892\/revisions"}],"wp:attachment":[{"href":"http:\/\/www.michael-schumacher.es\/noticias-f1\/wp-json\/wp\/v2\/media?parent=7892"}],"wp:term":[{"taxonomy":"category","embeddable":true,"href":"http:\/\/www.michael-schumacher.es\/noticias-f1\/wp-json\/wp\/v2\/categories?post=7892"},{"taxonomy":"post_tag","embeddable":true,"href":"http:\/\/www.michael-schumacher.es\/noticias-f1\/wp-json\/wp\/v2\/tags?post=7892"}],"curies":[{"name":"wp","href":"https:\/\/api.w.org\/{rel}","templated":true}]}}