{"id":7896,"date":"2013-02-12T00:44:45","date_gmt":"2013-02-11T23:44:45","guid":{"rendered":"http:\/\/www.michael-schumacher.es\/noticias-f1\/?p=7896"},"modified":"2013-02-12T00:44:45","modified_gmt":"2013-02-11T23:44:45","slug":"horner-nunca-considere-ir-a-ferrari","status":"publish","type":"post","link":"http:\/\/www.michael-schumacher.es\/noticias-f1\/2013\/02\/12\/horner-nunca-considere-ir-a-ferrari\/","title":{"rendered":"Horner: Nunca consider\u00e9 ir a Ferrari"},"content":{"rendered":"<p><a href=\"http:\/\/www.michael-schumacher.es\/noticias-f1\/wp-content\/uploads\/2012\/11\/Christian-Horner.jpg\"><img loading=\"lazy\" class=\"alignleft\" alt=\"Christian Horner\" src=\"http:\/\/www.michael-schumacher.es\/noticias-f1\/wp-content\/uploads\/2012\/11\/Christian-Horner.jpg\" width=\"200\" height=\"133\" \/><\/a>Christian Horner, de hecho ha renovado recientemente su contrato con Red Bull por varios a\u00f1os, algo de lo que no ten\u00eda dudas y que para el jefe de Red Bull era solamente una formalidad, ya que la decisi\u00f3n estaba segura.<\/p>\n<p><!--more--> <!--noteaser--><\/p>\n<p><a href=\"http:\/\/www.michael-schumacher.es\/noticias-f1\/wp-content\/uploads\/2012\/11\/Christian-Horner.jpg\"><img loading=\"lazy\" class=\"aligncenter size-full wp-image-6480\" alt=\"Christian Horner\" src=\"http:\/\/www.michael-schumacher.es\/noticias-f1\/wp-content\/uploads\/2012\/11\/Christian-Horner.jpg\" width=\"610\" height=\"405\" srcset=\"http:\/\/www.michael-schumacher.es\/noticias-f1\/wp-content\/uploads\/2012\/11\/Christian-Horner.jpg 610w, http:\/\/www.michael-schumacher.es\/noticias-f1\/wp-content\/uploads\/2012\/11\/Christian-Horner-300x199.jpg 300w\" sizes=\"(max-width: 610px) 100vw, 610px\" \/><\/a><\/p>\n<p>Christian Horner, de hecho ha renovado recientemente su contrato con Red Bull por varios a\u00f1os, algo de lo que no ten\u00eda dudas y que para el jefe de Red Bull era solamente una formalidad, ya que la decisi\u00f3n estaba segura.<\/p>\n<p>&nbsp;<\/p>\n<p>Por lo que Christian Horner responde a la pregunta sobre sus conversaciones con Ferrari, de forma clara y tajante: <b>\u00bb No, en absoluto. No ha habido ning\u00fan contacto. La reuni\u00f3n a la que asist\u00ed el Ferrari no ten\u00eda nada que ver conmigo, pero estaba vinculado s\u00f3lo al futuro de la F\u00f3rmula 1. Yo vine a este deporte con Red Bull, as\u00ed que para m\u00ed fue una formalidad renovar el contrato con ellos. La verdad es que cuanto m\u00e1s gana usted, mayores son las expectativas. Por supuesto, existe el temor de no poder volver a ganar, pero creo que los dem\u00e1s lo tienen m\u00e1s que nosotros. Sin embargo, nadie puede quitarnos lo que hemos ganado hasta ahora.\u00bb<\/b><\/p>\n<p>&nbsp;<\/p>\n<p>&nbsp;<\/p>\n<div class=\"sharedaddy sd-sharing-enabled\"><div class=\"robots-nocontent sd-block sd-social sd-social-official sd-sharing\"><h3 class=\"sd-title\">Opciones Sociales:<\/h3><div class=\"sd-content\"><ul><li class=\"share-facebook\"><div class=\"fb-share-button\" data-href=\"http:\/\/www.michael-schumacher.es\/noticias-f1\/2013\/02\/12\/horner-nunca-considere-ir-a-ferrari\/\" data-layout=\"button_count\"><\/div><\/li><li class=\"share-twitter\"><a href=\"https:\/\/twitter.com\/share\" class=\"twitter-share-button\" data-url=\"http:\/\/www.michael-schumacher.es\/noticias-f1\/2013\/02\/12\/horner-nunca-considere-ir-a-ferrari\/\" data-text=\"Horner: Nunca consider\u00e9 ir a Ferrari\"  >Tweet<\/a><\/li><li class=\"share-email\"><a rel=\"nofollow noopener noreferrer\" data-shared=\"\" class=\"share-email sd-button\" href=\"http:\/\/www.michael-schumacher.es\/noticias-f1\/2013\/02\/12\/horner-nunca-considere-ir-a-ferrari\/?share=email\" target=\"_blank\" title=\"Haz clic para enviar por correo electr\u00f3nico a un amigo\"><span>Correo electr\u00f3nico<\/span><\/a><\/li><li class=\"share-end\"><\/li><\/ul><\/div><\/div><\/div>","protected":false},"excerpt":{"rendered":"<p>Christian Horner, de hecho ha renovado recientemente su contrato con Red Bull por varios a\u00f1os, algo de lo que no ten\u00eda dudas y que para el jefe de Red Bull era solamente una formalidad, ya que la decisi\u00f3n estaba segura.<\/p>\n<div class=\"sharedaddy sd-sharing-enabled\"><div class=\"robots-nocontent sd-block sd-social sd-social-official sd-sharing\"><h3 class=\"sd-title\">Opciones Sociales:<\/h3><div class=\"sd-content\"><ul><li class=\"share-facebook\"><div class=\"fb-share-button\" data-href=\"http:\/\/www.michael-schumacher.es\/noticias-f1\/2013\/02\/12\/horner-nunca-considere-ir-a-ferrari\/\" data-layout=\"button_count\"><\/div><\/li><li class=\"share-twitter\"><a href=\"https:\/\/twitter.com\/share\" class=\"twitter-share-button\" data-url=\"http:\/\/www.michael-schumacher.es\/noticias-f1\/2013\/02\/12\/horner-nunca-considere-ir-a-ferrari\/\" data-text=\"Horner: Nunca consider\u00e9 ir a Ferrari\"  >Tweet<\/a><\/li><li class=\"share-email\"><a rel=\"nofollow noopener noreferrer\" data-shared=\"\" class=\"share-email sd-button\" href=\"http:\/\/www.michael-schumacher.es\/noticias-f1\/2013\/02\/12\/horner-nunca-considere-ir-a-ferrari\/?share=email\" target=\"_blank\" title=\"Haz clic para enviar por correo electr\u00f3nico a un amigo\"><span>Correo electr\u00f3nico<\/span><\/a><\/li><li class=\"share-end\"><\/li><\/ul><\/div><\/div><\/div>","protected":false},"author":3,"featured_media":0,"comment_status":"open","ping_status":"open","sticky":false,"template":"","format":"standard","meta":{"_monsterinsights_skip_tracking":false,"_monsterinsights_sitenote_active":false,"_monsterinsights_sitenote_note":"","_monsterinsights_sitenote_category":0,"spay_email":"","jetpack_publicize_message":"","jetpack_is_tweetstorm":false,"jetpack_publicize_feature_enabled":true},"categories":[3],"tags":[373,598,2809,17,141,15,171,769,2808,2807,923,51,238],"jetpack_featured_media_url":"","jetpack_publicize_connections":[],"jetpack_sharing_enabled":true,"jetpack_shortlink":"https:\/\/wp.me\/p27q3P-23m","_links":{"self":[{"href":"http:\/\/www.michael-schumacher.es\/noticias-f1\/wp-json\/wp\/v2\/posts\/7896"}],"collection":[{"href":"http:\/\/www.michael-schumacher.es\/noticias-f1\/wp-json\/wp\/v2\/posts"}],"about":[{"href":"http:\/\/www.michael-schumacher.es\/noticias-f1\/wp-json\/wp\/v2\/types\/post"}],"author":[{"embeddable":true,"href":"http:\/\/www.michael-schumacher.es\/noticias-f1\/wp-json\/wp\/v2\/users\/3"}],"replies":[{"embeddable":true,"href":"http:\/\/www.michael-schumacher.es\/noticias-f1\/wp-json\/wp\/v2\/comments?post=7896"}],"version-history":[{"count":0,"href":"http:\/\/www.michael-schumacher.es\/noticias-f1\/wp-json\/wp\/v2\/posts\/7896\/revisions"}],"wp:attachment":[{"href":"http:\/\/www.michael-schumacher.es\/noticias-f1\/wp-json\/wp\/v2\/media?parent=7896"}],"wp:term":[{"taxonomy":"category","embeddable":true,"href":"http:\/\/www.michael-schumacher.es\/noticias-f1\/wp-json\/wp\/v2\/categories?post=7896"},{"taxonomy":"post_tag","embeddable":true,"href":"http:\/\/www.michael-schumacher.es\/noticias-f1\/wp-json\/wp\/v2\/tags?post=7896"}],"curies":[{"name":"wp","href":"https:\/\/api.w.org\/{rel}","templated":true}]}}