{"id":7947,"date":"2013-02-17T00:01:43","date_gmt":"2013-02-16T23:01:43","guid":{"rendered":"http:\/\/www.michael-schumacher.es\/noticias-f1\/?p=7947"},"modified":"2013-02-16T15:22:25","modified_gmt":"2013-02-16T14:22:25","slug":"horner-creo-que-2014-sera-un-riesgo-para-todos","status":"publish","type":"post","link":"http:\/\/www.michael-schumacher.es\/noticias-f1\/2013\/02\/17\/horner-creo-que-2014-sera-un-riesgo-para-todos\/","title":{"rendered":"Horner: Creo que 2014 ser\u00e1 un riesgo para todos"},"content":{"rendered":"<p><a href=\"http:\/\/www.michael-schumacher.es\/noticias-f1\/wp-content\/uploads\/2012\/11\/Christian-Horner.jpg\"><img loading=\"lazy\" class=\"alignleft\" alt=\"Christian Horner\" src=\"http:\/\/www.michael-schumacher.es\/noticias-f1\/wp-content\/uploads\/2012\/11\/Christian-Horner.jpg\" width=\"200\" height=\"133\" \/><\/a>Red Bull y Sebastian Vettel han conseguido ganar su el tercer campeonato de constructores y\u00a0 pilotos, pese a esta garant\u00eda, Christian Horner, cree que las nuevas normas en 2014 suponen un riesgo y un nuevo reto para todos. Desde el 2014, la F\u00f3rmula 1 introducir\u00e1 los motores de 1.6 litros V6 turbo y se deber\u00eda consumir 50 kg menos combustible en cada carrera, adem\u00e1s de mantenerse en \u00a0750hp de potencia. Lo cual sin duda es un desaf\u00edo para cada equipo y podr\u00eda alterar el orden de parrilla.<\/p>\n<p><!--more--> <!--noteaser--><\/p>\n<p><a href=\"http:\/\/www.michael-schumacher.es\/noticias-f1\/wp-content\/uploads\/2012\/11\/Christian-Horner.jpg\"><img loading=\"lazy\" class=\"aligncenter size-full wp-image-6480\" alt=\"Christian Horner\" src=\"http:\/\/www.michael-schumacher.es\/noticias-f1\/wp-content\/uploads\/2012\/11\/Christian-Horner.jpg\" width=\"610\" height=\"405\" srcset=\"http:\/\/www.michael-schumacher.es\/noticias-f1\/wp-content\/uploads\/2012\/11\/Christian-Horner.jpg 610w, http:\/\/www.michael-schumacher.es\/noticias-f1\/wp-content\/uploads\/2012\/11\/Christian-Horner-300x199.jpg 300w\" sizes=\"(max-width: 610px) 100vw, 610px\" \/><\/a><\/p>\n<p>Red Bull y Sebastian Vettel han conseguido ganar su el tercer campeonato de constructores y\u00a0 pilotos, pese a esta garant\u00eda, Christian Horner, cree que las nuevas normas en 2014 suponen un riesgo y un nuevo reto para todos. Desde el 2014, la F\u00f3rmula 1 introducir\u00e1 los motores de 1.6 litros V6 turbo y se deber\u00eda consumir 50 kg menos combustible en cada carrera, adem\u00e1s de mantenerse en \u00a0750hp de potencia. Lo cual sin duda es un desaf\u00edo para cada equipo y podr\u00eda alterar el orden de parrilla.<\/p>\n<p>&nbsp;<\/p>\n<p>Horner es consciente de que es un riesgo que afecta a todos, aunque Red Bull tiene plena confianza en Renault: <b>\u00abCreo que con seguridad 2014 va a ser un riesgo para todos. Nadie sabe d\u00f3nde est\u00e1 nadie con sus motores por el momento, y se puede ver en [la sede de motor de Renault] Viry hay mucha determinaci\u00f3n y mucho trabajo bueno se est\u00e1 realizando. Renault tiene un historial tremendo y tenemos mucha fe en los ingenieros de Viry. Usted puede ver d\u00f3nde est\u00e1n con su programa, mientras que Mercedes y Ferrari tambi\u00e9n est\u00e1n presionando muy duro. Las carreras en F1 el pr\u00f3ximo a\u00f1o podr\u00eda ser muy diferente, y podr\u00eda haber un mayor enfoque en la econom\u00eda de rendimiento absoluto. Ser\u00e1 un reto interesante. Tenemos confianza en nuestro proveedor de motores, pero s\u00f3lo sabremos en el 2014.\u00bb<\/b><\/p>\n<p>&nbsp;<\/p>\n<p>Horner opina que el trabajo conjunto de Red Bull con Renault puede asegurar que su equipo no se queda atr\u00e1s: <b>\u00abCreo que tenemos una relaci\u00f3n muy buena con los chicos de Viry. Y tenemos claro el estado del trabajo con Renault.\u201d<\/b><\/p>\n<p>&nbsp;<\/p>\n<p>Algunos rumores apuntaban que los equipos fabricantes como Mercedes y Ferrari obtendr\u00edan una ventaja para el 2014 por la integraci\u00f3n del motor y el chasis, pero Horner no est\u00e1 de acuerdo, ya que ellos tambi\u00e9n trabajan y planean en esa integraci\u00f3n con Renault: <b>\u00abS\u00ed, ellos crecen muy fuerte tambi\u00e9n. Pero entre nosotros tenemos una situaci\u00f3n clara con ellos. Ha habido una gran cantidad de intercambio de ideas de dise\u00f1o, y la forma de integrar su chasis y su planta de energ\u00eda en el chasis es un elemento claro. Nuestra relaci\u00f3n con Renault es similar a la de Mercedes con conversaciones entre Brackley, donde se produce el chasis, con\u00a0 Brixworth, donde se hacen los motores, o Milton Keynes conversando con Viry, esa relaci\u00f3n que supongo que es bastante similar.\u00bb<\/b><\/p>\n<p>&nbsp;<\/p>\n<div class=\"sharedaddy sd-sharing-enabled\"><div class=\"robots-nocontent sd-block sd-social sd-social-official sd-sharing\"><h3 class=\"sd-title\">Opciones Sociales:<\/h3><div class=\"sd-content\"><ul><li class=\"share-facebook\"><div class=\"fb-share-button\" data-href=\"http:\/\/www.michael-schumacher.es\/noticias-f1\/2013\/02\/17\/horner-creo-que-2014-sera-un-riesgo-para-todos\/\" data-layout=\"button_count\"><\/div><\/li><li class=\"share-twitter\"><a href=\"https:\/\/twitter.com\/share\" class=\"twitter-share-button\" data-url=\"http:\/\/www.michael-schumacher.es\/noticias-f1\/2013\/02\/17\/horner-creo-que-2014-sera-un-riesgo-para-todos\/\" data-text=\"Horner: Creo que 2014 ser\u00e1 un riesgo para todos \"  >Tweet<\/a><\/li><li class=\"share-email\"><a rel=\"nofollow noopener noreferrer\" data-shared=\"\" class=\"share-email sd-button\" href=\"http:\/\/www.michael-schumacher.es\/noticias-f1\/2013\/02\/17\/horner-creo-que-2014-sera-un-riesgo-para-todos\/?share=email\" target=\"_blank\" title=\"Haz clic para enviar por correo electr\u00f3nico a un amigo\"><span>Correo electr\u00f3nico<\/span><\/a><\/li><li class=\"share-end\"><\/li><\/ul><\/div><\/div><\/div>","protected":false},"excerpt":{"rendered":"<p>Red Bull y Sebastian Vettel han conseguido ganar su el tercer campeonato de constructores y\u00a0 pilotos, pese a esta garant\u00eda, Christian Horner, cree que las nuevas normas en 2014 suponen un riesgo y un nuevo reto para todos. Desde el 2014, la F\u00f3rmula 1 introducir\u00e1 los motores de 1.6 litros V6 turbo y se deber\u00eda [&hellip;]<\/p>\n<div class=\"sharedaddy sd-sharing-enabled\"><div class=\"robots-nocontent sd-block sd-social sd-social-official sd-sharing\"><h3 class=\"sd-title\">Opciones Sociales:<\/h3><div class=\"sd-content\"><ul><li class=\"share-facebook\"><div class=\"fb-share-button\" data-href=\"http:\/\/www.michael-schumacher.es\/noticias-f1\/2013\/02\/17\/horner-creo-que-2014-sera-un-riesgo-para-todos\/\" data-layout=\"button_count\"><\/div><\/li><li class=\"share-twitter\"><a href=\"https:\/\/twitter.com\/share\" class=\"twitter-share-button\" data-url=\"http:\/\/www.michael-schumacher.es\/noticias-f1\/2013\/02\/17\/horner-creo-que-2014-sera-un-riesgo-para-todos\/\" data-text=\"Horner: Creo que 2014 ser\u00e1 un riesgo para todos \"  >Tweet<\/a><\/li><li class=\"share-email\"><a rel=\"nofollow noopener noreferrer\" data-shared=\"\" class=\"share-email sd-button\" href=\"http:\/\/www.michael-schumacher.es\/noticias-f1\/2013\/02\/17\/horner-creo-que-2014-sera-un-riesgo-para-todos\/?share=email\" target=\"_blank\" title=\"Haz clic para enviar por correo electr\u00f3nico a un amigo\"><span>Correo electr\u00f3nico<\/span><\/a><\/li><li class=\"share-end\"><\/li><\/ul><\/div><\/div><\/div>","protected":false},"author":3,"featured_media":0,"comment_status":"open","ping_status":"open","sticky":false,"template":"","format":"standard","meta":{"_monsterinsights_skip_tracking":false,"_monsterinsights_sitenote_active":false,"_monsterinsights_sitenote_note":"","_monsterinsights_sitenote_category":0,"spay_email":"","jetpack_publicize_message":"","jetpack_is_tweetstorm":false,"jetpack_publicize_feature_enabled":true},"categories":[3],"tags":[373,758,562,598,240,256,17,141,15,171,2852,444,304,606,2851,51,1107,2540,238,866],"jetpack_featured_media_url":"","jetpack_publicize_connections":[],"jetpack_sharing_enabled":true,"jetpack_shortlink":"https:\/\/wp.me\/p27q3P-24b","_links":{"self":[{"href":"http:\/\/www.michael-schumacher.es\/noticias-f1\/wp-json\/wp\/v2\/posts\/7947"}],"collection":[{"href":"http:\/\/www.michael-schumacher.es\/noticias-f1\/wp-json\/wp\/v2\/posts"}],"about":[{"href":"http:\/\/www.michael-schumacher.es\/noticias-f1\/wp-json\/wp\/v2\/types\/post"}],"author":[{"embeddable":true,"href":"http:\/\/www.michael-schumacher.es\/noticias-f1\/wp-json\/wp\/v2\/users\/3"}],"replies":[{"embeddable":true,"href":"http:\/\/www.michael-schumacher.es\/noticias-f1\/wp-json\/wp\/v2\/comments?post=7947"}],"version-history":[{"count":0,"href":"http:\/\/www.michael-schumacher.es\/noticias-f1\/wp-json\/wp\/v2\/posts\/7947\/revisions"}],"wp:attachment":[{"href":"http:\/\/www.michael-schumacher.es\/noticias-f1\/wp-json\/wp\/v2\/media?parent=7947"}],"wp:term":[{"taxonomy":"category","embeddable":true,"href":"http:\/\/www.michael-schumacher.es\/noticias-f1\/wp-json\/wp\/v2\/categories?post=7947"},{"taxonomy":"post_tag","embeddable":true,"href":"http:\/\/www.michael-schumacher.es\/noticias-f1\/wp-json\/wp\/v2\/tags?post=7947"}],"curies":[{"name":"wp","href":"https:\/\/api.w.org\/{rel}","templated":true}]}}