{"id":801,"date":"2012-05-09T23:06:54","date_gmt":"2012-05-09T21:06:54","guid":{"rendered":"http:\/\/www.michael-schumacher.es\/noticias-f1\/?p=801"},"modified":"2012-05-09T23:06:54","modified_gmt":"2012-05-09T21:06:54","slug":"previo-gp-de-espana-montmelo-2012-williams","status":"publish","type":"post","link":"http:\/\/www.michael-schumacher.es\/noticias-f1\/2012\/05\/09\/previo-gp-de-espana-montmelo-2012-williams\/","title":{"rendered":"Previo GP de Espa\u00f1a, Montmel\u00f3 2012. Williams"},"content":{"rendered":"<p><img loading=\"lazy\" class=\"alignleft\" title=\"Williams\" src=\"http:\/\/img.michael-schumacher.es\/noticias-f1\/williams\/williams-1-mini.jpg\" alt=\"Williams\" width=\"202\" height=\"100\" \/>El circuit de Catalunya, Montmelo, Barcelona es escenario habitual de los test de invierno, sin embargo ahora ser\u00e1 una carrera que a la vez servir\u00e1 de test, con las primeras actualizaciones importantes en los equipos.<\/p>\n<p><!--more--> <!--noteaser--><\/p>\n<p style=\"text-align: center;\">\u00a0<img loading=\"lazy\" class=\"aligncenter\" title=\"Williams\" src=\"http:\/\/img.michael-schumacher.es\/noticias-f1\/williams\/williams-1.jpg\" alt=\"Williams\" width=\"605\" height=\"300\" \/><\/p>\n<p>El circuit de Catalunya, Montmelo, Barcelona es escenario habitual de los test de invierno, sin embargo ahora ser\u00e1 una carrera que a la vez servir\u00e1 de test, con las primeras actualizaciones importantes en los equipos.<\/p>\n<p>&nbsp;<\/p>\n<p>Williams en Barcelona medir\u00e1 sus mejoras respecto a sus rivales, sin embargo la combinaci\u00f3n de neum\u00e1ticos blandos y duros m\u00e1s la amenaza de lluvia ser\u00e1 otro reto para el equipo.<\/p>\n<p>&nbsp;<\/p>\n<p><strong>Pastor Maldonado:<\/strong> \u00ab<em>Hemos hecho un mont\u00f3n de pretemporada corriendo aqu\u00ed, as\u00ed que ojal\u00e1 que la experiencia ayude este fin de semana. Es un circuito muy agradable de pilotar, t\u00e9cnico pero r\u00e1pido con las curvas tres y nueve como verdaderos retos. Tambi\u00e9n es dif\u00edcil configurar el coche aqu\u00ed porque hay zonas de velocidad alta, media y lenta. Hemos estado trabajando duro desde la \u00faltima carrera y esperemos que las actualizaciones que traemos nos den algunos buenos puntos<\/em>\u00ab.<\/p>\n<p>&nbsp;<\/p>\n<p><strong>Bruno Senna:<\/strong> \u00ab<em>Barcelona es una de mis pistas favoritas y tengo mucho apoyo, por lo que realmente estoy deseando llegar a la carrera. Es un circuito muy duro f\u00edsica y mentalmente, con multitud de curvas de alta velocidad y un \u00faltimo sector t\u00e9cnico que diferencia a los pilotos. Muchos de los coches llegar\u00e1n a Barcelona con piezas nuevas, por lo que ser\u00e1 interesante ver qui\u00e9nes han progresado<\/em>\u00ab.<\/p>\n<p>&nbsp;<\/p>\n<p><strong>Mark Gillan, ingeniero jefe de operaciones:<\/strong> \u00ab<em>Tras volver de los intensos test de Mugello estamos esperando la carrera de Barcelona. Al ser la primera carrera en Europa es tradicional que los equipos traigan grandes paquetes de actualizaciones por lo que ser\u00e1 interesante evaluar la clasificaci\u00f3n y el rendimiento de carrera este fin de semana<\/em>\u00ab.<\/p>\n<p>\u00ab<em>Barcelona es obviamente una pista que todos los equipos conocen \u00edntimamente y donde las condiciones de la pista pueden cambiar significativamente durante todo el evento. El pron\u00f3stico m\u00e1s reciente predice unos c\u00e1lido y secos viernes y s\u00e1bado, con un riesgo de lluvia el domingo. El dise\u00f1o de la pista, con su alta velocidad media y sus curvas largas, es especialmente duro con los neum\u00e1ticos por lo que el uso de los neum\u00e1ticos ser\u00e1 primordial este fin de semana. Pirelli llevar\u00e1 los neum\u00e1ticos duros y blandos a Barcelona, es la primera vez esta temporada que se utilizar\u00e1 esta combinaci\u00f3n concreta<\/em>\u00ab.<\/p>\n<div class=\"sharedaddy sd-sharing-enabled\"><div class=\"robots-nocontent sd-block sd-social sd-social-official sd-sharing\"><h3 class=\"sd-title\">Opciones Sociales:<\/h3><div class=\"sd-content\"><ul><li class=\"share-facebook\"><div class=\"fb-share-button\" data-href=\"http:\/\/www.michael-schumacher.es\/noticias-f1\/2012\/05\/09\/previo-gp-de-espana-montmelo-2012-williams\/\" data-layout=\"button_count\"><\/div><\/li><li class=\"share-twitter\"><a href=\"https:\/\/twitter.com\/share\" class=\"twitter-share-button\" data-url=\"http:\/\/www.michael-schumacher.es\/noticias-f1\/2012\/05\/09\/previo-gp-de-espana-montmelo-2012-williams\/\" data-text=\"Previo GP de Espa\u00f1a, Montmel\u00f3 2012. Williams\"  >Tweet<\/a><\/li><li class=\"share-email\"><a rel=\"nofollow noopener noreferrer\" data-shared=\"\" class=\"share-email sd-button\" href=\"http:\/\/www.michael-schumacher.es\/noticias-f1\/2012\/05\/09\/previo-gp-de-espana-montmelo-2012-williams\/?share=email\" target=\"_blank\" title=\"Haz clic para enviar por correo electr\u00f3nico a un amigo\"><span>Correo electr\u00f3nico<\/span><\/a><\/li><li class=\"share-end\"><\/li><\/ul><\/div><\/div><\/div>","protected":false},"excerpt":{"rendered":"<p>El circuit de Catalunya, Montmelo, Barcelona es escenario habitual de los test de invierno, sin embargo ahora ser\u00e1 una carrera que a la vez servir\u00e1 de test, con las primeras actualizaciones importantes en los equipos.<\/p>\n<div class=\"sharedaddy sd-sharing-enabled\"><div class=\"robots-nocontent sd-block sd-social sd-social-official sd-sharing\"><h3 class=\"sd-title\">Opciones Sociales:<\/h3><div class=\"sd-content\"><ul><li class=\"share-facebook\"><div class=\"fb-share-button\" data-href=\"http:\/\/www.michael-schumacher.es\/noticias-f1\/2012\/05\/09\/previo-gp-de-espana-montmelo-2012-williams\/\" data-layout=\"button_count\"><\/div><\/li><li class=\"share-twitter\"><a href=\"https:\/\/twitter.com\/share\" class=\"twitter-share-button\" data-url=\"http:\/\/www.michael-schumacher.es\/noticias-f1\/2012\/05\/09\/previo-gp-de-espana-montmelo-2012-williams\/\" data-text=\"Previo GP de Espa\u00f1a, Montmel\u00f3 2012. Williams\"  >Tweet<\/a><\/li><li class=\"share-email\"><a rel=\"nofollow noopener noreferrer\" data-shared=\"\" class=\"share-email sd-button\" href=\"http:\/\/www.michael-schumacher.es\/noticias-f1\/2012\/05\/09\/previo-gp-de-espana-montmelo-2012-williams\/?share=email\" target=\"_blank\" title=\"Haz clic para enviar por correo electr\u00f3nico a un amigo\"><span>Correo electr\u00f3nico<\/span><\/a><\/li><li class=\"share-end\"><\/li><\/ul><\/div><\/div><\/div>","protected":false},"author":2,"featured_media":0,"comment_status":"open","ping_status":"open","sticky":false,"template":"","format":"standard","meta":{"_monsterinsights_skip_tracking":false,"_monsterinsights_sitenote_active":false,"_monsterinsights_sitenote_note":"","_monsterinsights_sitenote_category":0,"spay_email":"","jetpack_publicize_message":"","jetpack_is_tweetstorm":false,"jetpack_publicize_feature_enabled":true},"categories":[3,22],"tags":[94,374,189,17,15,6,97,186,96,5,95,93],"jetpack_featured_media_url":"","jetpack_publicize_connections":[],"jetpack_sharing_enabled":true,"jetpack_shortlink":"https:\/\/wp.me\/p27q3P-cV","_links":{"self":[{"href":"http:\/\/www.michael-schumacher.es\/noticias-f1\/wp-json\/wp\/v2\/posts\/801"}],"collection":[{"href":"http:\/\/www.michael-schumacher.es\/noticias-f1\/wp-json\/wp\/v2\/posts"}],"about":[{"href":"http:\/\/www.michael-schumacher.es\/noticias-f1\/wp-json\/wp\/v2\/types\/post"}],"author":[{"embeddable":true,"href":"http:\/\/www.michael-schumacher.es\/noticias-f1\/wp-json\/wp\/v2\/users\/2"}],"replies":[{"embeddable":true,"href":"http:\/\/www.michael-schumacher.es\/noticias-f1\/wp-json\/wp\/v2\/comments?post=801"}],"version-history":[{"count":0,"href":"http:\/\/www.michael-schumacher.es\/noticias-f1\/wp-json\/wp\/v2\/posts\/801\/revisions"}],"wp:attachment":[{"href":"http:\/\/www.michael-schumacher.es\/noticias-f1\/wp-json\/wp\/v2\/media?parent=801"}],"wp:term":[{"taxonomy":"category","embeddable":true,"href":"http:\/\/www.michael-schumacher.es\/noticias-f1\/wp-json\/wp\/v2\/categories?post=801"},{"taxonomy":"post_tag","embeddable":true,"href":"http:\/\/www.michael-schumacher.es\/noticias-f1\/wp-json\/wp\/v2\/tags?post=801"}],"curies":[{"name":"wp","href":"https:\/\/api.w.org\/{rel}","templated":true}]}}