{"id":8022,"date":"2013-02-22T00:01:45","date_gmt":"2013-02-21T23:01:45","guid":{"rendered":"http:\/\/www.michael-schumacher.es\/noticias-f1\/?p=8022"},"modified":"2013-02-22T23:42:06","modified_gmt":"2013-02-22T22:42:06","slug":"fernando-alonso-el-mas-rapido-en-la-tercera-jornada-de-test-en-barcelona","status":"publish","type":"post","link":"http:\/\/www.michael-schumacher.es\/noticias-f1\/2013\/02\/22\/fernando-alonso-el-mas-rapido-en-la-tercera-jornada-de-test-en-barcelona\/","title":{"rendered":"Fernando Alonso el m\u00e1s r\u00e1pido en la tercera jornada de Test en Barcelona"},"content":{"rendered":"<p><a href=\"http:\/\/www.michael-schumacher.es\/noticias-f1\/wp-content\/uploads\/2013\/02\/fernando_alonso_3_dia_test.jpg\"><img loading=\"lazy\" class=\"alignleft\" alt=\"Fernando Alonso - 3 Dia Test - Montmelo\" src=\"http:\/\/www.michael-schumacher.es\/noticias-f1\/wp-content\/uploads\/2013\/02\/fernando_alonso_3_dia_test.jpg\" width=\"200\" height=\"102\" \/><\/a>El tercer d\u00eda en el Circuit de Catalunya, ha tenido amenaza de lluvia por lo que la gran parte de los equipos \u00a0han dedicado la tarde \u00a0la tarde a simulaciones o largos recorridos, por lo que los tiempos apenas han variado durante la tarde.<\/p>\n<p><!--more--> <!--noteaser--><\/p>\n<p><a href=\"http:\/\/www.michael-schumacher.es\/noticias-f1\/wp-content\/uploads\/2013\/02\/fernando_alonso_3_dia_test.jpg\"><img loading=\"lazy\" class=\"aligncenter size-full wp-image-8024\" alt=\"Fernando Alonso - 3 Dia Test - Montmelo\" src=\"http:\/\/www.michael-schumacher.es\/noticias-f1\/wp-content\/uploads\/2013\/02\/fernando_alonso_3_dia_test.jpg\" width=\"660\" height=\"337\" srcset=\"http:\/\/www.michael-schumacher.es\/noticias-f1\/wp-content\/uploads\/2013\/02\/fernando_alonso_3_dia_test.jpg 660w, http:\/\/www.michael-schumacher.es\/noticias-f1\/wp-content\/uploads\/2013\/02\/fernando_alonso_3_dia_test-300x153.jpg 300w\" sizes=\"(max-width: 660px) 100vw, 660px\" \/><\/a><\/p>\n<p>El tercer d\u00eda en el Circuit de Catalunya, ha tenido amenaza de lluvia por lo que la gran parte de los equipos \u00a0han dedicado la tarde \u00a0la tarde a simulaciones o largos recorridos, por lo que los tiempos apenas han variado durante la tarde.<\/p>\n<p>&nbsp;<\/p>\n<p>En el \u00faltimo d\u00eda de test de esta semana de Fernando Alonso en \u00a0Barcelona ha conseguido el mejor tiempo de la jornada con su nuevo Ferrari F138 , su tiempo ha sido 1:21.875 con 98 vueltas realizadas, adem\u00e1s ha sido un tiempo muy cercano al mejor de la semana que logr\u00f3 ayer Sergio Perez con el Mclaren. Nico Hulkenberg ha sido segundo con el Sauber C32 y un tiempo de 1:22.160 \u00a0a +0,285 segundos. \u00a0Romain Grosjean con el Lotus ha logrado el tercer mejor tiempo de 1:22.188 a +0,313s y ha sido el piloto que m\u00e1s ha trabajado en pista con 119 vueltas en la jornada.<\/p>\n<p>&nbsp;<\/p>\n<p>Cuarto ha sido Nico Rosberg con el Mercedes W04 F1 y un mejor tiempo de 1:22.611 a+0.736s. El quinto lugar lo ha conseguido el piloto de Williams con el \u00a0FW35, Pastor Maldonado, que ha logrado un tiempo de 1:22.675 a +0.800s. Valtteri Bottas tambi\u00e9n con el Williams FW35, ha sido sexto y logr\u00f3 un tiempo de 1:22.826 a +0.951s. La s\u00e9ptima posici\u00f3n ha sido para el piloto de McLaren, Jenson Button, con el MP4-28 y un tiempo de 1:22.840 a +0.965s. Octavo finaliz\u00f3\u00a0 Adrian Sutil en el Force India VJM06 y un tiempo de 1:22.877 y una diferencia con el primero de +1.002. Noveno fue Mark Webber, que realiz\u00f3 con su Red Bull RB9, durante la tarde una simulaci\u00f3n de carrera de 50 vueltas, y logro un tiempo de 1:23.024 a +1.149.<\/p>\n<p>&nbsp;<\/p>\n<p>D\u00e9cimo ha sido el piloto de Toro Rosso, STR8, Jean Eric Vergne\u00a0 logrando un tiempo de\u00a0 1:23.366 a +1.491. En la posici\u00f3n once termino Max Chilton con su Marussia MR02 y un tiempo de 1:25.690 a +3.815. En doceava posici\u00f3n cerrando la clasificaci\u00f3n de hoy se encuentra Giedo Van der Garde, \u00fanico piloto que ha provocado hoy una bandera roja a 15 minutos del final de la sesi\u00f3n, parado entre las curvas 2 y 3, con el Caterham CT03 y un tiempo de 1:26.177 a +4.302.<\/p>\n<p>&nbsp;<\/p>\n<p>Ma\u00f1ana ser\u00e1 el \u00faltimo d\u00eda de los segundos entrenamientos de pre-temporada, que continuaran tambi\u00e9n en este mismo circuito, el Circuit de Montmelo en Barcelona el pr\u00f3ximo d\u00eda 28 de febrero.<\/p>\n<p>&nbsp;<\/p>\n<p><b>Clasificaci\u00f3n, tercer d\u00eda entrenamientos Barcelona:<\/b><\/p>\n<p>&nbsp;<\/p>\n<table style=\"width: 660px;\" border=\"0\">\n<tbody>\n<tr>\n<td>\u00a0Pos.<\/td>\n<td>\u00a0Piloto<\/td>\n<td>Equipo<\/td>\n<td>\u00a0Tiempo<\/td>\n<td>\u00a0Vueltas<\/td>\n<\/tr>\n<tr>\n<td>01<\/td>\n<td>F. Alonso<\/td>\n<td>Ferrari F138<\/td>\n<td>1:21.875<\/td>\n<td>97<\/td>\n<\/tr>\n<tr>\n<td>02<\/td>\n<td>N. Hulkenberg<\/td>\n<td>Sauber C32<\/td>\n<td>1:22.160<\/td>\n<td>91<\/td>\n<\/tr>\n<tr>\n<td>03<\/td>\n<td>R. Grosjean<\/td>\n<td>Lotus E21<\/td>\n<td>1:22.188<\/td>\n<td>119<\/td>\n<\/tr>\n<tr>\n<td>04<\/td>\n<td>N. Rosberg<\/td>\n<td>Mercedes F1 W04<\/td>\n<td>1:22.611<\/td>\n<td>108<\/td>\n<\/tr>\n<tr>\n<td>05<\/td>\n<td>P. Maldonado<\/td>\n<td>Williams FW35<\/td>\n<td>1:22.675<\/td>\n<td>79<\/td>\n<\/tr>\n<tr>\n<td>06<\/td>\n<td>V. Bottas<\/td>\n<td>Williams FW35<\/td>\n<td>1:22.826<\/td>\n<td>68<\/td>\n<\/tr>\n<tr>\n<td>07<\/td>\n<td>J. Button<\/td>\n<td>McLaren MP4-28<\/td>\n<td>1:22.840<\/td>\n<td>71<\/td>\n<\/tr>\n<tr>\n<td>08<\/td>\n<td>A. Sutil<\/td>\n<td>Force India VJM06<\/td>\n<td>1:22.877<\/td>\n<td>78<\/td>\n<\/tr>\n<tr>\n<td>09<\/td>\n<td>M. Webber<\/td>\n<td>Red Bull RB9<\/td>\n<td>1:23.024<\/td>\n<td>108<\/td>\n<\/tr>\n<tr>\n<td>10<\/td>\n<td>JE. Vergne<\/td>\n<td>Toro Rosso STR8<\/td>\n<td>1:23.366<\/td>\n<td>106<\/td>\n<\/tr>\n<tr>\n<td>11<\/td>\n<td>M. Chilton<\/td>\n<td>Marussia \u00a0\u00a0MR02<\/td>\n<td>1:25.690<\/td>\n<td>58<\/td>\n<\/tr>\n<tr>\n<td>12<\/td>\n<td>G. Van der Garde<\/td>\n<td>Caterham CT03<\/td>\n<td>1:26.177<\/td>\n<td>93<\/td>\n<\/tr>\n<\/tbody>\n<\/table>\n<div class=\"sharedaddy sd-sharing-enabled\"><div class=\"robots-nocontent sd-block sd-social sd-social-official sd-sharing\"><h3 class=\"sd-title\">Opciones Sociales:<\/h3><div class=\"sd-content\"><ul><li class=\"share-facebook\"><div class=\"fb-share-button\" data-href=\"http:\/\/www.michael-schumacher.es\/noticias-f1\/2013\/02\/22\/fernando-alonso-el-mas-rapido-en-la-tercera-jornada-de-test-en-barcelona\/\" data-layout=\"button_count\"><\/div><\/li><li class=\"share-twitter\"><a href=\"https:\/\/twitter.com\/share\" class=\"twitter-share-button\" data-url=\"http:\/\/www.michael-schumacher.es\/noticias-f1\/2013\/02\/22\/fernando-alonso-el-mas-rapido-en-la-tercera-jornada-de-test-en-barcelona\/\" data-text=\"Fernando Alonso el m\u00e1s r\u00e1pido en la tercera jornada de Test en Barcelona\"  >Tweet<\/a><\/li><li class=\"share-email\"><a rel=\"nofollow noopener noreferrer\" data-shared=\"\" class=\"share-email sd-button\" href=\"http:\/\/www.michael-schumacher.es\/noticias-f1\/2013\/02\/22\/fernando-alonso-el-mas-rapido-en-la-tercera-jornada-de-test-en-barcelona\/?share=email\" target=\"_blank\" title=\"Haz clic para enviar por correo electr\u00f3nico a un amigo\"><span>Correo electr\u00f3nico<\/span><\/a><\/li><li class=\"share-end\"><\/li><\/ul><\/div><\/div><\/div>","protected":false},"excerpt":{"rendered":"<p>El tercer d\u00eda en el Circuit de Catalunya, ha tenido amenaza de lluvia por lo que la gran parte de los equipos \u00a0han dedicado la tarde \u00a0la tarde a simulaciones o largos recorridos, por lo que los tiempos apenas han variado durante la tarde.<\/p>\n<div class=\"sharedaddy sd-sharing-enabled\"><div class=\"robots-nocontent sd-block sd-social sd-social-official sd-sharing\"><h3 class=\"sd-title\">Opciones Sociales:<\/h3><div class=\"sd-content\"><ul><li class=\"share-facebook\"><div class=\"fb-share-button\" data-href=\"http:\/\/www.michael-schumacher.es\/noticias-f1\/2013\/02\/22\/fernando-alonso-el-mas-rapido-en-la-tercera-jornada-de-test-en-barcelona\/\" data-layout=\"button_count\"><\/div><\/li><li class=\"share-twitter\"><a href=\"https:\/\/twitter.com\/share\" class=\"twitter-share-button\" data-url=\"http:\/\/www.michael-schumacher.es\/noticias-f1\/2013\/02\/22\/fernando-alonso-el-mas-rapido-en-la-tercera-jornada-de-test-en-barcelona\/\" data-text=\"Fernando Alonso el m\u00e1s r\u00e1pido en la tercera jornada de Test en Barcelona\"  >Tweet<\/a><\/li><li class=\"share-email\"><a rel=\"nofollow noopener noreferrer\" data-shared=\"\" class=\"share-email sd-button\" href=\"http:\/\/www.michael-schumacher.es\/noticias-f1\/2013\/02\/22\/fernando-alonso-el-mas-rapido-en-la-tercera-jornada-de-test-en-barcelona\/?share=email\" target=\"_blank\" title=\"Haz clic para enviar por correo electr\u00f3nico a un amigo\"><span>Correo electr\u00f3nico<\/span><\/a><\/li><li class=\"share-end\"><\/li><\/ul><\/div><\/div><\/div>","protected":false},"author":3,"featured_media":0,"comment_status":"open","ping_status":"open","sticky":false,"template":"","format":"standard","meta":{"_monsterinsights_skip_tracking":false,"_monsterinsights_sitenote_active":false,"_monsterinsights_sitenote_note":"","_monsterinsights_sitenote_category":0,"spay_email":"","jetpack_publicize_message":"","jetpack_is_tweetstorm":false,"jetpack_publicize_feature_enabled":true},"categories":[3],"tags":[373,105,315,374,704,2895,17,104,141,15,83,2896,12,26,138,314,186,86,238,215,93],"jetpack_featured_media_url":"","jetpack_publicize_connections":[],"jetpack_sharing_enabled":true,"jetpack_shortlink":"https:\/\/wp.me\/p27q3P-25o","_links":{"self":[{"href":"http:\/\/www.michael-schumacher.es\/noticias-f1\/wp-json\/wp\/v2\/posts\/8022"}],"collection":[{"href":"http:\/\/www.michael-schumacher.es\/noticias-f1\/wp-json\/wp\/v2\/posts"}],"about":[{"href":"http:\/\/www.michael-schumacher.es\/noticias-f1\/wp-json\/wp\/v2\/types\/post"}],"author":[{"embeddable":true,"href":"http:\/\/www.michael-schumacher.es\/noticias-f1\/wp-json\/wp\/v2\/users\/3"}],"replies":[{"embeddable":true,"href":"http:\/\/www.michael-schumacher.es\/noticias-f1\/wp-json\/wp\/v2\/comments?post=8022"}],"version-history":[{"count":0,"href":"http:\/\/www.michael-schumacher.es\/noticias-f1\/wp-json\/wp\/v2\/posts\/8022\/revisions"}],"wp:attachment":[{"href":"http:\/\/www.michael-schumacher.es\/noticias-f1\/wp-json\/wp\/v2\/media?parent=8022"}],"wp:term":[{"taxonomy":"category","embeddable":true,"href":"http:\/\/www.michael-schumacher.es\/noticias-f1\/wp-json\/wp\/v2\/categories?post=8022"},{"taxonomy":"post_tag","embeddable":true,"href":"http:\/\/www.michael-schumacher.es\/noticias-f1\/wp-json\/wp\/v2\/tags?post=8022"}],"curies":[{"name":"wp","href":"https:\/\/api.w.org\/{rel}","templated":true}]}}