{"id":8054,"date":"2013-02-25T00:03:46","date_gmt":"2013-02-24T23:03:46","guid":{"rendered":"http:\/\/www.michael-schumacher.es\/noticias-f1\/?p=8054"},"modified":"2013-02-24T22:50:10","modified_gmt":"2013-02-24T21:50:10","slug":"grosjean-comenzara-la-temporada-en-igualdad-de-trato","status":"publish","type":"post","link":"http:\/\/www.michael-schumacher.es\/noticias-f1\/2013\/02\/25\/grosjean-comenzara-la-temporada-en-igualdad-de-trato\/","title":{"rendered":"Grosjean comenzar\u00e1 la temporada en igualdad de trato"},"content":{"rendered":"<p><a href=\"http:\/\/www.michael-schumacher.es\/noticias-f1\/wp-content\/uploads\/2012\/12\/Romain-Grosjean-Eric-Boullier.jpg\"><img loading=\"lazy\" class=\"alignleft\" alt=\"Romain Grosjean - Eric Boullier\" src=\"http:\/\/www.michael-schumacher.es\/noticias-f1\/wp-content\/uploads\/2012\/12\/Romain-Grosjean-Eric-Boullier.jpg\" width=\"200\" height=\"150\" \/><\/a>Para Kimi Raikkonen y Romain Grosjean el a\u00f1o 2012 fue su primera temporada con Lotus y para ambos hubo un s\u00f3lido comienzo. Aunque con el paso de la temporada, las posturas fueron cambiando, Raikkonen consolidaba su tercera posici\u00f3n en el campeonato de pilotos y ganaba su primer GP en su regreso en Abu Dhabi. Por el contrario Grosjean, entraba en una \u00e9poca dif\u00edcil con demasiados accidentes, demasiadas cr\u00edticas y un choque en cadena en Spa-Francorchamps e incluso se le llego a castigar con la prohibici\u00f3n de disputar una carrera<\/p>\n<p><!--more--> <!--noteaser--><\/p>\n<p><a href=\"http:\/\/www.michael-schumacher.es\/noticias-f1\/wp-content\/uploads\/2012\/12\/Romain-Grosjean-Eric-Boullier.jpg\"><img loading=\"lazy\" class=\"aligncenter size-full wp-image-7006\" alt=\"Romain Grosjean - Eric Boullier\" src=\"http:\/\/www.michael-schumacher.es\/noticias-f1\/wp-content\/uploads\/2012\/12\/Romain-Grosjean-Eric-Boullier.jpg\" width=\"650\" height=\"488\" srcset=\"http:\/\/www.michael-schumacher.es\/noticias-f1\/wp-content\/uploads\/2012\/12\/Romain-Grosjean-Eric-Boullier.jpg 650w, http:\/\/www.michael-schumacher.es\/noticias-f1\/wp-content\/uploads\/2012\/12\/Romain-Grosjean-Eric-Boullier-300x225.jpg 300w\" sizes=\"(max-width: 650px) 100vw, 650px\" \/><\/a><\/p>\n<p>&nbsp;<\/p>\n<p>Para Kimi Raikkonen y Romain Grosjean el a\u00f1o 2012 fue su primera temporada con Lotus y para ambos hubo un s\u00f3lido comienzo. Aunque con el paso de la temporada, las posturas fueron cambiando, Raikkonen consolidaba su tercera posici\u00f3n en el campeonato de pilotos y ganaba su primer GP en su regreso en Abu Dhabi. Por el contrario Grosjean, entraba en una \u00e9poca dif\u00edcil con demasiados accidentes, demasiadas cr\u00edticas y un choque en cadena en Spa-Francorchamps e incluso se le llego a castigar con la prohibici\u00f3n de disputar una carrera<\/p>\n<p>&nbsp;<\/p>\n<p>Pero pese a todo Grosjean ha conseguido mantener la confianza del equipo y renovar su contrato, por lo que el piloto conf\u00eda en iniciar la temporada en igualdad de condiciones con su compa\u00f1ero el campe\u00f3n del mundo Kimi Raikkonen.<\/p>\n<p>&nbsp;<\/p>\n<p>Eric Boullier director del equipo Lotus ha declarado su confianza en Grosjean y espera para el piloto una mejor temporada 2013, sin tantos problemas: <b>\u201c\u00c9l est\u00e1 tranquilo, est\u00e1 centrado y se puede sentir que ha dado un primer paso hacia donde queremos que vaya y en la forma en que \u00e9l mismo se maneja, as\u00ed que estoy feliz. \u00c9l est\u00e1 m\u00e1s seguro y m\u00e1s centrado. Hace exactamente lo que los ingenieros esperan de \u00e9l. Es muy bueno. Creo que fue todo el trabajo que hizo detr\u00e1s de las escenas, se ve como que est\u00e1 dando sus frutos. Tenemos que ver c\u00f3mo est\u00e1 en condiciones de carrera. No veo ninguna raz\u00f3n, si \u00e9l est\u00e1 de vuelta ahora que se comporte como debe ser y confi\u00e9 en s\u00ed mismo, \u00bfpor qu\u00e9 no deber\u00eda estar bien?.\u00bb<\/b><\/p>\n<p><b>\u00a0<\/b><\/p>\n<p>No fue f\u00e1cil para Grosjean hasta que el equipo volvi\u00f3 a confiar en el para el 2013:<b> \u00abNo han sido las m\u00e1s f\u00e1ciles las noches que he tenido! Fue largo, tuve muchas discusiones con Gerard L\u00f3pez y el equipo y eso era bueno. Eso me estaba tratando de ayudar a entender c\u00f3mo seguir adelante, y cuando finalmente tuve la llamada telef\u00f3nica era bueno\u00bb.<\/b><\/p>\n<p>&nbsp;<\/p>\n<p>Aunque tiene la confianza de Lotus, Grosjean tambi\u00e9n espera tener la confianza de sus rivales y que le den otra oportunidad: <b>\u00abVa a suceder si no hago mi trabajo, y hago buenas carreras, sin incidentes y despu\u00e9s de cuatro o cinco carreras que punt\u00faan los buenos resultados que van a ver que estoy bien. Creo que ellos lo saben, creo que el a\u00f1o pasado ha sido un poco psicol\u00f3gico. Comet\u00ed algunos errores, a veces era un poco de mala suerte y al final result\u00f3 que era una gran historia. Fue una suerte que nadie result\u00f3 herido en el accidente en Spa. De todos modos, he estado trabajando mucho tratando de cambiar la gesti\u00f3n del riesgo y ver las cosas un poco diferente.\u00bb<\/b><\/p>\n<p>&nbsp;<\/p>\n<p>Por todo esto Romain Grosjean, cree que comenzara en igualdad con Kimi Raikkonen, aunque pueda parecer que es el n\u00famero dos del equipo: <b>\u201cEn t\u00e9rminos de comunicaci\u00f3n, s\u00ed lo es. Quiero decir, Kimi tuvo una muy buena temporada el a\u00f1o pasado, ha sido campe\u00f3n del mundo de una vez, es normal que el equipo est\u00e1 navegando en su nombre. Luego jugamos el a\u00f1o pasado justo con dos coches iguales y una vez que Kimi estaba por delante en el campeonato y ten\u00eda que tratar de obtener buenos resultados es normal que \u00e9l tuviera lo mejor de todo lo que pudimos. Pero este a\u00f1o empezamos de nuevo deportivamente en el mismo lugar y estoy seguro de que si yo estoy delante a mediados de campeonato ser\u00e1 diferente\u00bb.<\/b><\/p>\n<div class=\"sharedaddy sd-sharing-enabled\"><div class=\"robots-nocontent sd-block sd-social sd-social-official sd-sharing\"><h3 class=\"sd-title\">Opciones Sociales:<\/h3><div class=\"sd-content\"><ul><li class=\"share-facebook\"><div class=\"fb-share-button\" data-href=\"http:\/\/www.michael-schumacher.es\/noticias-f1\/2013\/02\/25\/grosjean-comenzara-la-temporada-en-igualdad-de-trato\/\" data-layout=\"button_count\"><\/div><\/li><li class=\"share-twitter\"><a href=\"https:\/\/twitter.com\/share\" class=\"twitter-share-button\" data-url=\"http:\/\/www.michael-schumacher.es\/noticias-f1\/2013\/02\/25\/grosjean-comenzara-la-temporada-en-igualdad-de-trato\/\" data-text=\"Grosjean comenzar\u00e1 la temporada en igualdad de trato\"  >Tweet<\/a><\/li><li class=\"share-email\"><a rel=\"nofollow noopener noreferrer\" data-shared=\"\" class=\"share-email sd-button\" href=\"http:\/\/www.michael-schumacher.es\/noticias-f1\/2013\/02\/25\/grosjean-comenzara-la-temporada-en-igualdad-de-trato\/?share=email\" target=\"_blank\" title=\"Haz clic para enviar por correo electr\u00f3nico a un amigo\"><span>Correo electr\u00f3nico<\/span><\/a><\/li><li class=\"share-end\"><\/li><\/ul><\/div><\/div><\/div>","protected":false},"excerpt":{"rendered":"<p>Para Kimi Raikkonen y Romain Grosjean el a\u00f1o 2012 fue su primera temporada con Lotus y para ambos hubo un s\u00f3lido comienzo. Aunque con el paso de la temporada, las posturas fueron cambiando, Raikkonen consolidaba su tercera posici\u00f3n en el campeonato de pilotos y ganaba su primer GP en su regreso en Abu Dhabi. Por [&hellip;]<\/p>\n<div class=\"sharedaddy sd-sharing-enabled\"><div class=\"robots-nocontent sd-block sd-social sd-social-official sd-sharing\"><h3 class=\"sd-title\">Opciones Sociales:<\/h3><div class=\"sd-content\"><ul><li class=\"share-facebook\"><div class=\"fb-share-button\" data-href=\"http:\/\/www.michael-schumacher.es\/noticias-f1\/2013\/02\/25\/grosjean-comenzara-la-temporada-en-igualdad-de-trato\/\" data-layout=\"button_count\"><\/div><\/li><li class=\"share-twitter\"><a href=\"https:\/\/twitter.com\/share\" class=\"twitter-share-button\" data-url=\"http:\/\/www.michael-schumacher.es\/noticias-f1\/2013\/02\/25\/grosjean-comenzara-la-temporada-en-igualdad-de-trato\/\" data-text=\"Grosjean comenzar\u00e1 la temporada en igualdad de trato\"  >Tweet<\/a><\/li><li class=\"share-email\"><a rel=\"nofollow noopener noreferrer\" data-shared=\"\" class=\"share-email sd-button\" href=\"http:\/\/www.michael-schumacher.es\/noticias-f1\/2013\/02\/25\/grosjean-comenzara-la-temporada-en-igualdad-de-trato\/?share=email\" target=\"_blank\" title=\"Haz clic para enviar por correo electr\u00f3nico a un amigo\"><span>Correo electr\u00f3nico<\/span><\/a><\/li><li class=\"share-end\"><\/li><\/ul><\/div><\/div><\/div>","protected":false},"author":3,"featured_media":0,"comment_status":"open","ping_status":"open","sticky":false,"template":"","format":"standard","meta":{"_monsterinsights_skip_tracking":false,"_monsterinsights_sitenote_active":false,"_monsterinsights_sitenote_note":"","_monsterinsights_sitenote_category":0,"spay_email":"","jetpack_publicize_message":"","jetpack_is_tweetstorm":false,"jetpack_publicize_feature_enabled":true},"categories":[3],"tags":[521,766,17,15,83,446,81,26,24,82,238],"jetpack_featured_media_url":"","jetpack_publicize_connections":[],"jetpack_sharing_enabled":true,"jetpack_shortlink":"https:\/\/wp.me\/p27q3P-25U","_links":{"self":[{"href":"http:\/\/www.michael-schumacher.es\/noticias-f1\/wp-json\/wp\/v2\/posts\/8054"}],"collection":[{"href":"http:\/\/www.michael-schumacher.es\/noticias-f1\/wp-json\/wp\/v2\/posts"}],"about":[{"href":"http:\/\/www.michael-schumacher.es\/noticias-f1\/wp-json\/wp\/v2\/types\/post"}],"author":[{"embeddable":true,"href":"http:\/\/www.michael-schumacher.es\/noticias-f1\/wp-json\/wp\/v2\/users\/3"}],"replies":[{"embeddable":true,"href":"http:\/\/www.michael-schumacher.es\/noticias-f1\/wp-json\/wp\/v2\/comments?post=8054"}],"version-history":[{"count":0,"href":"http:\/\/www.michael-schumacher.es\/noticias-f1\/wp-json\/wp\/v2\/posts\/8054\/revisions"}],"wp:attachment":[{"href":"http:\/\/www.michael-schumacher.es\/noticias-f1\/wp-json\/wp\/v2\/media?parent=8054"}],"wp:term":[{"taxonomy":"category","embeddable":true,"href":"http:\/\/www.michael-schumacher.es\/noticias-f1\/wp-json\/wp\/v2\/categories?post=8054"},{"taxonomy":"post_tag","embeddable":true,"href":"http:\/\/www.michael-schumacher.es\/noticias-f1\/wp-json\/wp\/v2\/tags?post=8054"}],"curies":[{"name":"wp","href":"https:\/\/api.w.org\/{rel}","templated":true}]}}