{"id":8102,"date":"2013-02-28T00:50:42","date_gmt":"2013-02-27T23:50:42","guid":{"rendered":"http:\/\/www.michael-schumacher.es\/noticias-f1\/?p=8102"},"modified":"2013-02-28T00:50:42","modified_gmt":"2013-02-27T23:50:42","slug":"de-villota-vuelve-a-tener-permiso-de-conducir","status":"publish","type":"post","link":"http:\/\/www.michael-schumacher.es\/noticias-f1\/2013\/02\/28\/de-villota-vuelve-a-tener-permiso-de-conducir\/","title":{"rendered":"De Villota vuelve a tener permiso de conducir"},"content":{"rendered":"<p><a href=\"http:\/\/www.michael-schumacher.es\/noticias-f1\/wp-content\/uploads\/2013\/02\/maria_de_Villota.jpg\"><img loading=\"lazy\" class=\"alignleft\" alt=\"maria_de_Villota\" src=\"http:\/\/www.michael-schumacher.es\/noticias-f1\/wp-content\/uploads\/2013\/02\/maria_de_Villota.jpg\" width=\"200\" height=\"113\" \/><\/a>Mar\u00eda como resultado de su aparatoso accidente en el mes de Julio del pasado a\u00f1o, sufri\u00f3 graves lesiones en la cabeza, al chocar durante unos test de aerodin\u00e1mica de Marussia, su monoplaza contra un cami\u00f3n. En principio se lleg\u00f3 a temer por su vida, pero la piloto demostr\u00f3 un tremendo coraje y logr\u00f3 recuperase de las graves lesiones y luchar con una dura recuperaci\u00f3n y varias operaciones. Ahora\u00a0 trabaja con la FIA para promover una mayor presencia femenina en el deporte motor. Y su propia recuperaci\u00f3n ya le permite incluso conducir.<\/p>\n<p><!--more--> <!--noteaser--><\/p>\n<p><a href=\"http:\/\/www.michael-schumacher.es\/noticias-f1\/wp-content\/uploads\/2013\/02\/maria_de_Villota.jpg\"><img loading=\"lazy\" class=\"aligncenter size-full wp-image-8104\" alt=\"maria_de_Villota\" src=\"http:\/\/www.michael-schumacher.es\/noticias-f1\/wp-content\/uploads\/2013\/02\/maria_de_Villota.jpg\" width=\"650\" height=\"366\" srcset=\"http:\/\/www.michael-schumacher.es\/noticias-f1\/wp-content\/uploads\/2013\/02\/maria_de_Villota.jpg 650w, http:\/\/www.michael-schumacher.es\/noticias-f1\/wp-content\/uploads\/2013\/02\/maria_de_Villota-300x168.jpg 300w\" sizes=\"(max-width: 650px) 100vw, 650px\" \/><\/a><\/p>\n<p>Mar\u00eda como resultado de su aparatoso accidente en el mes de Julio del pasado a\u00f1o, sufri\u00f3 graves lesiones en la cabeza, al chocar durante unos test de aerodin\u00e1mica de Marussia, su monoplaza contra un cami\u00f3n. En principio se lleg\u00f3 a temer por su vida, pero la piloto demostr\u00f3 un tremendo coraje y logr\u00f3 recuperase de las graves lesiones y luchar con una dura recuperaci\u00f3n y varias operaciones. Ahora\u00a0 trabaja con la FIA para promover una mayor presencia femenina en el deporte motor. Y su propia recuperaci\u00f3n ya le permite incluso conducir.<\/p>\n<p>&nbsp;<\/p>\n<p>Mar\u00eda de Villota explica ilusionada su aportaci\u00f3n importante en apoyo de la mujer en la FIA:<b> \u00abAhora estoy en la Federaci\u00f3n Internacional de Automovilismo (FIA), en la comisi\u00f3n de la mujer. Mi misi\u00f3n es apoyarlas, intentar que poco a poco la mujer vaya teniendo un papel protagonista dentro del automovilismo. Tambi\u00e9n colaboro con la Federaci\u00f3n Espa\u00f1ola, tratando de buscar proyectos nuevos para la gente joven. Todav\u00eda se debe si participar\u00e9 de alguna manera en los Grandes Premios, pero espero que s\u00ed, porque se ha desgarrado una parte muy importante en mi vida y no lo quiero perder\u00bb.<\/b><\/p>\n<p>&nbsp;<\/p>\n<p>Mar\u00eda explico que se encuentra mucho mejor e que incluso le dieron permiso para conducir: <b>\u00abMe encuentro muy bien. Los m\u00e9dicos me han dicho que el hecho de no haber consumido alcohol o fumado ayuda mucho, adem\u00e1s de ser deportista. Todav\u00eda me encuentro un poquito d\u00e9bil y tengo dolores de cabeza, pero lo llevo muy bien. Los d\u00edas de mucha actividad me pasan factura, pero yo estoy tranquila porque s\u00e9 que todo va por buen camino. La semana pasada, me dieron permiso para conducir de nuevo. Pues ya puedo calcular distancias, es como si no hubiera pasado nada. Mi h\u00e1bitat natural est\u00e1 en un coche, es en este mi ambiente donde yo soy el m\u00e1s feliz. Lo echaba de menos\u00bb.<\/b><\/p>\n<p>&nbsp;<\/p>\n<p>Mar\u00eda no siente rencor a la F1 y esta agradecida a todos los pilotos y equipos, solamente quiere trabajar en mejorar la seguridad: <b>\u00abCuando recuperas la vida nadie te debe nada. No tengo rencor contra la disciplina. Lo \u00fanico que quiero es que es que se aumente la seguridad en las carreras y en los tests. Voy a trabajar con ellos en lo que haga falta. Adem\u00e1s, me siento muy agradecida a todos los equipos y pilotos que me mostraron todo su apoyo tras el accidente\u00bb.<\/b><\/p>\n<p>&nbsp;<\/p>\n<p>Nuevamente, Mar\u00eda da una lecci\u00f3n de coraje y ganas de vivir, mirando para adelante y en la suerte de estar viva, pese a los dif\u00edciles momentos que ha pasado: <b>\u00abNo soy de buscar porqu\u00e9s, s\u00e9 que esto es muy dif\u00edcil, pero prefiero mirar hacia adelante y quedarme con lo bueno, porque si no es una p\u00e9rdida de tiempo. Ha sido dur\u00edsimo tener que curarme las cicatrices todas las noches yo sola, pero ya est\u00e1, es algo que se olvida. Pienso en el ahora y en la suerte de estar viva\u00bb<\/b>.<\/p>\n<div class=\"sharedaddy sd-sharing-enabled\"><div class=\"robots-nocontent sd-block sd-social sd-social-official sd-sharing\"><h3 class=\"sd-title\">Opciones Sociales:<\/h3><div class=\"sd-content\"><ul><li class=\"share-facebook\"><div class=\"fb-share-button\" data-href=\"http:\/\/www.michael-schumacher.es\/noticias-f1\/2013\/02\/28\/de-villota-vuelve-a-tener-permiso-de-conducir\/\" data-layout=\"button_count\"><\/div><\/li><li class=\"share-twitter\"><a href=\"https:\/\/twitter.com\/share\" class=\"twitter-share-button\" data-url=\"http:\/\/www.michael-schumacher.es\/noticias-f1\/2013\/02\/28\/de-villota-vuelve-a-tener-permiso-de-conducir\/\" data-text=\"De Villota vuelve a tener permiso de conducir\"  >Tweet<\/a><\/li><li class=\"share-email\"><a rel=\"nofollow noopener noreferrer\" data-shared=\"\" class=\"share-email sd-button\" href=\"http:\/\/www.michael-schumacher.es\/noticias-f1\/2013\/02\/28\/de-villota-vuelve-a-tener-permiso-de-conducir\/?share=email\" target=\"_blank\" title=\"Haz clic para enviar por correo electr\u00f3nico a un amigo\"><span>Correo electr\u00f3nico<\/span><\/a><\/li><li class=\"share-end\"><\/li><\/ul><\/div><\/div><\/div>","protected":false},"excerpt":{"rendered":"<p>Mar\u00eda como resultado de su aparatoso accidente en el mes de Julio del pasado a\u00f1o, sufri\u00f3 graves lesiones en la cabeza, al chocar durante unos test de aerodin\u00e1mica de Marussia, su monoplaza contra un cami\u00f3n. En principio se lleg\u00f3 a temer por su vida, pero la piloto demostr\u00f3 un tremendo coraje y logr\u00f3 recuperase de [&hellip;]<\/p>\n<div class=\"sharedaddy sd-sharing-enabled\"><div class=\"robots-nocontent sd-block sd-social sd-social-official sd-sharing\"><h3 class=\"sd-title\">Opciones Sociales:<\/h3><div class=\"sd-content\"><ul><li class=\"share-facebook\"><div class=\"fb-share-button\" data-href=\"http:\/\/www.michael-schumacher.es\/noticias-f1\/2013\/02\/28\/de-villota-vuelve-a-tener-permiso-de-conducir\/\" data-layout=\"button_count\"><\/div><\/li><li class=\"share-twitter\"><a href=\"https:\/\/twitter.com\/share\" class=\"twitter-share-button\" data-url=\"http:\/\/www.michael-schumacher.es\/noticias-f1\/2013\/02\/28\/de-villota-vuelve-a-tener-permiso-de-conducir\/\" data-text=\"De Villota vuelve a tener permiso de conducir\"  >Tweet<\/a><\/li><li class=\"share-email\"><a rel=\"nofollow noopener noreferrer\" data-shared=\"\" class=\"share-email sd-button\" href=\"http:\/\/www.michael-schumacher.es\/noticias-f1\/2013\/02\/28\/de-villota-vuelve-a-tener-permiso-de-conducir\/?share=email\" target=\"_blank\" title=\"Haz clic para enviar por correo electr\u00f3nico a un amigo\"><span>Correo electr\u00f3nico<\/span><\/a><\/li><li class=\"share-end\"><\/li><\/ul><\/div><\/div><\/div>","protected":false},"author":3,"featured_media":0,"comment_status":"open","ping_status":"open","sticky":false,"template":"","format":"standard","meta":{"_monsterinsights_skip_tracking":false,"_monsterinsights_sitenote_active":false,"_monsterinsights_sitenote_note":"","_monsterinsights_sitenote_category":0,"spay_email":"","jetpack_publicize_message":"","jetpack_is_tweetstorm":false,"jetpack_publicize_feature_enabled":true},"categories":[3],"tags":[14,464,581,726,2951,17,127,15,460,139,411,354,238,2950,2949,1334],"jetpack_featured_media_url":"","jetpack_publicize_connections":[],"jetpack_sharing_enabled":true,"jetpack_shortlink":"https:\/\/wp.me\/p27q3P-26G","_links":{"self":[{"href":"http:\/\/www.michael-schumacher.es\/noticias-f1\/wp-json\/wp\/v2\/posts\/8102"}],"collection":[{"href":"http:\/\/www.michael-schumacher.es\/noticias-f1\/wp-json\/wp\/v2\/posts"}],"about":[{"href":"http:\/\/www.michael-schumacher.es\/noticias-f1\/wp-json\/wp\/v2\/types\/post"}],"author":[{"embeddable":true,"href":"http:\/\/www.michael-schumacher.es\/noticias-f1\/wp-json\/wp\/v2\/users\/3"}],"replies":[{"embeddable":true,"href":"http:\/\/www.michael-schumacher.es\/noticias-f1\/wp-json\/wp\/v2\/comments?post=8102"}],"version-history":[{"count":0,"href":"http:\/\/www.michael-schumacher.es\/noticias-f1\/wp-json\/wp\/v2\/posts\/8102\/revisions"}],"wp:attachment":[{"href":"http:\/\/www.michael-schumacher.es\/noticias-f1\/wp-json\/wp\/v2\/media?parent=8102"}],"wp:term":[{"taxonomy":"category","embeddable":true,"href":"http:\/\/www.michael-schumacher.es\/noticias-f1\/wp-json\/wp\/v2\/categories?post=8102"},{"taxonomy":"post_tag","embeddable":true,"href":"http:\/\/www.michael-schumacher.es\/noticias-f1\/wp-json\/wp\/v2\/tags?post=8102"}],"curies":[{"name":"wp","href":"https:\/\/api.w.org\/{rel}","templated":true}]}}