{"id":8131,"date":"2013-03-04T13:09:54","date_gmt":"2013-03-04T12:09:54","guid":{"rendered":"http:\/\/www.michael-schumacher.es\/noticias-f1\/?p=8131"},"modified":"2013-03-04T13:09:54","modified_gmt":"2013-03-04T12:09:54","slug":"roscoe-el-bulldog-de-hamilton-tendra-su-pase-de-paddock","status":"publish","type":"post","link":"http:\/\/www.michael-schumacher.es\/noticias-f1\/2013\/03\/04\/roscoe-el-bulldog-de-hamilton-tendra-su-pase-de-paddock\/","title":{"rendered":"Roscoe el bulldog de Hamilton tendr\u00e1 su pase de paddock"},"content":{"rendered":"<p><a href=\"http:\/\/www.michael-schumacher.es\/noticias-f1\/wp-content\/uploads\/2013\/03\/roscoe-hamilton.jpg\"><img loading=\"lazy\" class=\"alignleft\" alt=\"roscoe-hamilton\" src=\"http:\/\/www.michael-schumacher.es\/noticias-f1\/wp-content\/uploads\/2013\/03\/roscoe-hamilton.jpg\" width=\"200\" height=\"150\" \/><\/a>Roscoe el bulldog Ingl\u00e9s y nuevo mejor amigo de Lewis contar\u00e1 con un pase de paddock permanente para que pueda acompa\u00f1ar al piloto de Mercedes por el mundo a cada Gran Premio, como ya ha hecho en Barcelona<\/p>\n<p><!--more--> <!--noteaser--><\/p>\n<p><a href=\"http:\/\/www.michael-schumacher.es\/noticias-f1\/wp-content\/uploads\/2013\/03\/roscoe-hamilton.jpg\"><img loading=\"lazy\" class=\"aligncenter size-full wp-image-8138\" alt=\"roscoe-hamilton\" src=\"http:\/\/www.michael-schumacher.es\/noticias-f1\/wp-content\/uploads\/2013\/03\/roscoe-hamilton.jpg\" width=\"650\" height=\"488\" srcset=\"http:\/\/www.michael-schumacher.es\/noticias-f1\/wp-content\/uploads\/2013\/03\/roscoe-hamilton.jpg 650w, http:\/\/www.michael-schumacher.es\/noticias-f1\/wp-content\/uploads\/2013\/03\/roscoe-hamilton-300x225.jpg 300w\" sizes=\"(max-width: 650px) 100vw, 650px\" \/><\/a><\/p>\n<p>&nbsp;<\/p>\n<p>Roscoe el bulldog Ingl\u00e9s y nuevo mejor amigo de Lewis contar\u00e1 con un pase de paddock permanente para que pueda acompa\u00f1ar al piloto de Mercedes por el mundo a cada Gran Premio, como ya ha hecho en Barcelona<\/p>\n<p>&nbsp;<\/p>\n<p>Lewis Hamilton confirmaba la noticia, muy contento de poder tener la compa\u00f1\u00eda de Roscoe, por el mundo: <b>\u00abBernie ha sido amable de permitirle tener uno. Acabo de hacerle una fotograf\u00eda. Este es mi nuevo mejor amigo. Siempre quise tener un perro para m\u00ed. En mi familia, yo crec\u00ed con labradores, a mi madre le encantan. Creo que desde que ella ten\u00eda 5 a\u00f1os. Incluso mi padre ten\u00eda uno. Ahora he tenido la oportunidad de tener mi propio perro, estoy muy contento con \u00e9l! \u00ab<\/b><\/p>\n<p>&nbsp;<\/p>\n<p>&nbsp;<\/p>\n<div class=\"sharedaddy sd-sharing-enabled\"><div class=\"robots-nocontent sd-block sd-social sd-social-official sd-sharing\"><h3 class=\"sd-title\">Opciones Sociales:<\/h3><div class=\"sd-content\"><ul><li class=\"share-facebook\"><div class=\"fb-share-button\" data-href=\"http:\/\/www.michael-schumacher.es\/noticias-f1\/2013\/03\/04\/roscoe-el-bulldog-de-hamilton-tendra-su-pase-de-paddock\/\" data-layout=\"button_count\"><\/div><\/li><li class=\"share-twitter\"><a href=\"https:\/\/twitter.com\/share\" class=\"twitter-share-button\" data-url=\"http:\/\/www.michael-schumacher.es\/noticias-f1\/2013\/03\/04\/roscoe-el-bulldog-de-hamilton-tendra-su-pase-de-paddock\/\" data-text=\"Roscoe el bulldog de Hamilton tendr\u00e1 su pase de paddock\"  >Tweet<\/a><\/li><li class=\"share-email\"><a rel=\"nofollow noopener noreferrer\" data-shared=\"\" class=\"share-email sd-button\" href=\"http:\/\/www.michael-schumacher.es\/noticias-f1\/2013\/03\/04\/roscoe-el-bulldog-de-hamilton-tendra-su-pase-de-paddock\/?share=email\" target=\"_blank\" title=\"Haz clic para enviar por correo electr\u00f3nico a un amigo\"><span>Correo electr\u00f3nico<\/span><\/a><\/li><li class=\"share-end\"><\/li><\/ul><\/div><\/div><\/div>","protected":false},"excerpt":{"rendered":"<p>Roscoe el bulldog Ingl\u00e9s y nuevo mejor amigo de Lewis contar\u00e1 con un pase de paddock permanente para que pueda acompa\u00f1ar al piloto de Mercedes por el mundo a cada Gran Premio, como ya ha hecho en Barcelona<\/p>\n<div class=\"sharedaddy sd-sharing-enabled\"><div class=\"robots-nocontent sd-block sd-social sd-social-official sd-sharing\"><h3 class=\"sd-title\">Opciones Sociales:<\/h3><div class=\"sd-content\"><ul><li class=\"share-facebook\"><div class=\"fb-share-button\" data-href=\"http:\/\/www.michael-schumacher.es\/noticias-f1\/2013\/03\/04\/roscoe-el-bulldog-de-hamilton-tendra-su-pase-de-paddock\/\" data-layout=\"button_count\"><\/div><\/li><li class=\"share-twitter\"><a href=\"https:\/\/twitter.com\/share\" class=\"twitter-share-button\" data-url=\"http:\/\/www.michael-schumacher.es\/noticias-f1\/2013\/03\/04\/roscoe-el-bulldog-de-hamilton-tendra-su-pase-de-paddock\/\" data-text=\"Roscoe el bulldog de Hamilton tendr\u00e1 su pase de paddock\"  >Tweet<\/a><\/li><li class=\"share-email\"><a rel=\"nofollow noopener noreferrer\" data-shared=\"\" class=\"share-email sd-button\" href=\"http:\/\/www.michael-schumacher.es\/noticias-f1\/2013\/03\/04\/roscoe-el-bulldog-de-hamilton-tendra-su-pase-de-paddock\/?share=email\" target=\"_blank\" title=\"Haz clic para enviar por correo electr\u00f3nico a un amigo\"><span>Correo electr\u00f3nico<\/span><\/a><\/li><li class=\"share-end\"><\/li><\/ul><\/div><\/div><\/div>","protected":false},"author":3,"featured_media":0,"comment_status":"open","ping_status":"open","sticky":false,"template":"","format":"standard","meta":{"_monsterinsights_skip_tracking":false,"_monsterinsights_sitenote_active":false,"_monsterinsights_sitenote_note":"","_monsterinsights_sitenote_category":0,"spay_email":"","jetpack_publicize_message":"","jetpack_is_tweetstorm":false,"jetpack_publicize_feature_enabled":true},"categories":[3],"tags":[373,2968,489,2965,766,431,11,10,304,1470,2967,2969,238,2966],"jetpack_featured_media_url":"","jetpack_publicize_connections":[],"jetpack_sharing_enabled":true,"jetpack_shortlink":"https:\/\/wp.me\/p27q3P-279","_links":{"self":[{"href":"http:\/\/www.michael-schumacher.es\/noticias-f1\/wp-json\/wp\/v2\/posts\/8131"}],"collection":[{"href":"http:\/\/www.michael-schumacher.es\/noticias-f1\/wp-json\/wp\/v2\/posts"}],"about":[{"href":"http:\/\/www.michael-schumacher.es\/noticias-f1\/wp-json\/wp\/v2\/types\/post"}],"author":[{"embeddable":true,"href":"http:\/\/www.michael-schumacher.es\/noticias-f1\/wp-json\/wp\/v2\/users\/3"}],"replies":[{"embeddable":true,"href":"http:\/\/www.michael-schumacher.es\/noticias-f1\/wp-json\/wp\/v2\/comments?post=8131"}],"version-history":[{"count":0,"href":"http:\/\/www.michael-schumacher.es\/noticias-f1\/wp-json\/wp\/v2\/posts\/8131\/revisions"}],"wp:attachment":[{"href":"http:\/\/www.michael-schumacher.es\/noticias-f1\/wp-json\/wp\/v2\/media?parent=8131"}],"wp:term":[{"taxonomy":"category","embeddable":true,"href":"http:\/\/www.michael-schumacher.es\/noticias-f1\/wp-json\/wp\/v2\/categories?post=8131"},{"taxonomy":"post_tag","embeddable":true,"href":"http:\/\/www.michael-schumacher.es\/noticias-f1\/wp-json\/wp\/v2\/tags?post=8131"}],"curies":[{"name":"wp","href":"https:\/\/api.w.org\/{rel}","templated":true}]}}