{"id":814,"date":"2012-05-10T12:10:09","date_gmt":"2012-05-10T10:10:09","guid":{"rendered":"http:\/\/www.michael-schumacher.es\/noticias-f1\/?p=814"},"modified":"2012-05-10T12:10:09","modified_gmt":"2012-05-10T10:10:09","slug":"karthikeyan-tiene-dificultades-para-asegurar-su-sitio-para-la-temporada-de-f1-2012-en-hrt","status":"publish","type":"post","link":"http:\/\/www.michael-schumacher.es\/noticias-f1\/2012\/05\/10\/karthikeyan-tiene-dificultades-para-asegurar-su-sitio-para-la-temporada-de-f1-2012-en-hrt\/","title":{"rendered":"Karthikeyan tiene dificultades para asegurar su sitio para la temporada de F1 2012 en HRT"},"content":{"rendered":"<p><img loading=\"lazy\" class=\"alignleft\" src=\"http:\/\/img.michael-schumacher.es\/noticias-f1\/hrt\/hrt-1-mini.jpg\" alt=\"HRT\" width=\"202\" height=\"100\" \/>Seg\u00fan algunas informaciones, Narain Karthikeyan, que forma t\u00e1ndem esta temporada con Pedro de la Rosa y firm\u00f3 por segundo a\u00f1o consecutivo con el equipo HRT, podr\u00eda no tener garantizada su plaza para todo el 2012.<\/p>\n<p><!--more--> <!--noteaser--><\/p>\n<p><img loading=\"lazy\" class=\"aligncenter\" src=\"http:\/\/img.michael-schumacher.es\/noticias-f1\/hrt\/hrt-1.jpg\" alt=\"HRT\" width=\"605\" height=\"300\" \/><\/p>\n<p>Seg\u00fan algunas informaciones, Narain Karthikeyan, que forma t\u00e1ndem esta temporada con Pedro de la Rosa y firm\u00f3 por segundo a\u00f1o consecutivo con el equipo HRT, podr\u00eda no tener garantizada su plaza para todo el 2012.<\/p>\n<p>Narain Karthikeyan, seg\u00fan informa el peri\u00f3dico Times of India, necesitar\u00eda un mill\u00f3n de euros para tener el contrato que le garantizar\u00eda su sitio hasta el Gran Premio de Brasil, final de temporada 2012, en el F112. Sin ese mill\u00f3n el piloto indio se ver\u00eda en dificultades para conservar su sitio.<\/p>\n<p><strong>Times of India: <\/strong><em>\u00abLos patrocinadores est\u00e1n contentos de darle dinero, pero no al equipo, ya que ellos no quieren verse asociados con un conjunto con dificultades\u00bb<\/em>.<\/p>\n<p>En caso de que no encontrara patrocinadores que alcanzaran la suma necesaria podr\u00eda sustituirle Dani Clos, el piloto espa\u00f1ol, el cual en los libres 1 del GP de Espa\u00f1a correr\u00e1 por primera vez con el F112.<\/p>\n<div class=\"sharedaddy sd-sharing-enabled\"><div class=\"robots-nocontent sd-block sd-social sd-social-official sd-sharing\"><h3 class=\"sd-title\">Opciones Sociales:<\/h3><div class=\"sd-content\"><ul><li class=\"share-facebook\"><div class=\"fb-share-button\" data-href=\"http:\/\/www.michael-schumacher.es\/noticias-f1\/2012\/05\/10\/karthikeyan-tiene-dificultades-para-asegurar-su-sitio-para-la-temporada-de-f1-2012-en-hrt\/\" data-layout=\"button_count\"><\/div><\/li><li class=\"share-twitter\"><a href=\"https:\/\/twitter.com\/share\" class=\"twitter-share-button\" data-url=\"http:\/\/www.michael-schumacher.es\/noticias-f1\/2012\/05\/10\/karthikeyan-tiene-dificultades-para-asegurar-su-sitio-para-la-temporada-de-f1-2012-en-hrt\/\" data-text=\"Karthikeyan tiene dificultades para asegurar su sitio para la temporada de F1 2012 en HRT\"  >Tweet<\/a><\/li><li class=\"share-email\"><a rel=\"nofollow noopener noreferrer\" data-shared=\"\" class=\"share-email sd-button\" href=\"http:\/\/www.michael-schumacher.es\/noticias-f1\/2012\/05\/10\/karthikeyan-tiene-dificultades-para-asegurar-su-sitio-para-la-temporada-de-f1-2012-en-hrt\/?share=email\" target=\"_blank\" title=\"Haz clic para enviar por correo electr\u00f3nico a un amigo\"><span>Correo electr\u00f3nico<\/span><\/a><\/li><li class=\"share-end\"><\/li><\/ul><\/div><\/div><\/div>","protected":false},"excerpt":{"rendered":"<p>Seg\u00fan algunas informaciones, Narain Karthikeyan, que forma t\u00e1ndem esta temporada con Pedro de la Rosa y firm\u00f3 por segundo a\u00f1o consecutivo con el equipo HRT, podr\u00eda no tener garantizada su plaza para todo el 2012.<\/p>\n<div class=\"sharedaddy sd-sharing-enabled\"><div class=\"robots-nocontent sd-block sd-social sd-social-official sd-sharing\"><h3 class=\"sd-title\">Opciones Sociales:<\/h3><div class=\"sd-content\"><ul><li class=\"share-facebook\"><div class=\"fb-share-button\" data-href=\"http:\/\/www.michael-schumacher.es\/noticias-f1\/2012\/05\/10\/karthikeyan-tiene-dificultades-para-asegurar-su-sitio-para-la-temporada-de-f1-2012-en-hrt\/\" data-layout=\"button_count\"><\/div><\/li><li class=\"share-twitter\"><a href=\"https:\/\/twitter.com\/share\" class=\"twitter-share-button\" data-url=\"http:\/\/www.michael-schumacher.es\/noticias-f1\/2012\/05\/10\/karthikeyan-tiene-dificultades-para-asegurar-su-sitio-para-la-temporada-de-f1-2012-en-hrt\/\" data-text=\"Karthikeyan tiene dificultades para asegurar su sitio para la temporada de F1 2012 en HRT\"  >Tweet<\/a><\/li><li class=\"share-email\"><a rel=\"nofollow noopener noreferrer\" data-shared=\"\" class=\"share-email sd-button\" href=\"http:\/\/www.michael-schumacher.es\/noticias-f1\/2012\/05\/10\/karthikeyan-tiene-dificultades-para-asegurar-su-sitio-para-la-temporada-de-f1-2012-en-hrt\/?share=email\" target=\"_blank\" title=\"Haz clic para enviar por correo electr\u00f3nico a un amigo\"><span>Correo electr\u00f3nico<\/span><\/a><\/li><li class=\"share-end\"><\/li><\/ul><\/div><\/div><\/div>","protected":false},"author":4,"featured_media":0,"comment_status":"open","ping_status":"open","sticky":false,"template":"","format":"standard","meta":{"_monsterinsights_skip_tracking":false,"_monsterinsights_sitenote_active":false,"_monsterinsights_sitenote_note":"","_monsterinsights_sitenote_category":0,"spay_email":"","jetpack_publicize_message":"","jetpack_is_tweetstorm":false,"jetpack_publicize_feature_enabled":true},"categories":[3],"tags":[380,369,381,161,17,15,75,379,383,132,367,382],"jetpack_featured_media_url":"","jetpack_publicize_connections":[],"jetpack_sharing_enabled":true,"jetpack_shortlink":"https:\/\/wp.me\/p27q3P-d8","_links":{"self":[{"href":"http:\/\/www.michael-schumacher.es\/noticias-f1\/wp-json\/wp\/v2\/posts\/814"}],"collection":[{"href":"http:\/\/www.michael-schumacher.es\/noticias-f1\/wp-json\/wp\/v2\/posts"}],"about":[{"href":"http:\/\/www.michael-schumacher.es\/noticias-f1\/wp-json\/wp\/v2\/types\/post"}],"author":[{"embeddable":true,"href":"http:\/\/www.michael-schumacher.es\/noticias-f1\/wp-json\/wp\/v2\/users\/4"}],"replies":[{"embeddable":true,"href":"http:\/\/www.michael-schumacher.es\/noticias-f1\/wp-json\/wp\/v2\/comments?post=814"}],"version-history":[{"count":0,"href":"http:\/\/www.michael-schumacher.es\/noticias-f1\/wp-json\/wp\/v2\/posts\/814\/revisions"}],"wp:attachment":[{"href":"http:\/\/www.michael-schumacher.es\/noticias-f1\/wp-json\/wp\/v2\/media?parent=814"}],"wp:term":[{"taxonomy":"category","embeddable":true,"href":"http:\/\/www.michael-schumacher.es\/noticias-f1\/wp-json\/wp\/v2\/categories?post=814"},{"taxonomy":"post_tag","embeddable":true,"href":"http:\/\/www.michael-schumacher.es\/noticias-f1\/wp-json\/wp\/v2\/tags?post=814"}],"curies":[{"name":"wp","href":"https:\/\/api.w.org\/{rel}","templated":true}]}}