{"id":8219,"date":"2013-03-12T00:03:42","date_gmt":"2013-03-11T23:03:42","guid":{"rendered":"http:\/\/www.michael-schumacher.es\/noticias-f1\/?p=8219"},"modified":"2013-03-11T19:24:56","modified_gmt":"2013-03-11T18:24:56","slug":"previo-gp-de-australia-melbourne-2013-caterham","status":"publish","type":"post","link":"http:\/\/www.michael-schumacher.es\/noticias-f1\/2013\/03\/12\/previo-gp-de-australia-melbourne-2013-caterham\/","title":{"rendered":"Previo GP de Australia, Melbourne 2013. Caterham"},"content":{"rendered":"<p><a href=\"http:\/\/www.michael-schumacher.es\/noticias-f1\/wp-content\/uploads\/2013\/03\/giedo_van_der_garde_test-bcn-2013_david-sarro.jpg\"><img loading=\"lazy\" class=\"alignleft\" alt=\"Giedo Van  der Garde - Test Bcn 2013 - David Sarr\u00f3\" src=\"http:\/\/www.michael-schumacher.es\/noticias-f1\/wp-content\/uploads\/2013\/03\/giedo_van_der_garde_test-bcn-2013_david-sarro.jpg\" width=\"200\" height=\"133\" \/><\/a>El equipo Caterham se siente mucho m\u00e1s preparado para enfrentar la nueva temporada, con su nueva base, personal m\u00e1s cualificada y mucho trabajo que esperan que de un visible paso adelante para el equipo. Tambi\u00e9n cuentan con dos nuevos pilotos para 2013,\u00a0 Charles Pic y Giedo van der Garde, que el equipo considera preparados para ayudar al equipo a avanzar.<\/p>\n<p><!--more--> <!--noteaser--><\/p>\n<p><a href=\"http:\/\/www.michael-schumacher.es\/noticias-f1\/wp-content\/uploads\/2013\/03\/giedo_van_der_garde_test-bcn-2013_david-sarro.jpg\"><img loading=\"lazy\" class=\"aligncenter size-full wp-image-8230\" alt=\"Giedo Van  der Garde - Test Bcn 2013 - David Sarr\u00f3\" src=\"http:\/\/www.michael-schumacher.es\/noticias-f1\/wp-content\/uploads\/2013\/03\/giedo_van_der_garde_test-bcn-2013_david-sarro.jpg\" width=\"650\" height=\"433\" srcset=\"http:\/\/www.michael-schumacher.es\/noticias-f1\/wp-content\/uploads\/2013\/03\/giedo_van_der_garde_test-bcn-2013_david-sarro.jpg 650w, http:\/\/www.michael-schumacher.es\/noticias-f1\/wp-content\/uploads\/2013\/03\/giedo_van_der_garde_test-bcn-2013_david-sarro-300x199.jpg 300w\" sizes=\"(max-width: 650px) 100vw, 650px\" \/><\/a><\/p>\n<p>El equipo Caterham se siente mucho m\u00e1s preparado para enfrentar la nueva temporada, con su nueva base, personal m\u00e1s cualificada y mucho trabajo que esperan que de un visible paso adelante para el equipo. Tambi\u00e9n cuentan con dos nuevos pilotos para 2013,\u00a0 Charles Pic y Giedo van der Garde, que el equipo considera preparados para ayudar al equipo a avanzar.<\/p>\n<p>&nbsp;<\/p>\n<p>Charles Pic esta con muchas ganas de volver a Melbourne, por primera vez con Caterham donde se siente muy bien y considera que est\u00e1n bien preparados. Giedo van der Garde que debutar\u00e1 como piloto oficial tambi\u00e9n se siente preparado y est\u00e1 deseando que comience la carrera de Melbourne donde su sue\u00f1o ser\u00e1 realidad<\/p>\n<p>&nbsp;<\/p>\n<p><b>Charles Pic:<\/b> <em>\u00abEstoy con ganas de volver a Melbourne, esta vez para mi primera carrera con Caterham F1 Team y creo que va a ser un buen fin de semana. Melbourne en s\u00ed es una ciudad muy bonita. Es bueno ir desde el final del invierno europeo fr\u00edo en la intemperie a la m\u00e1s caliente Australia y aunque las horas que pasas volando cuando llegas te sientes un poco destruido, es el mismo para todo el mundo y yo me siento bien f\u00edsica y mentalmente por lo que no ser\u00e1 un problema. El circuito es muy bueno. Es r\u00e1pido, pero ya que es un circuito urbano temporal los coches funcionan con alta carga aerodin\u00e1mica y es un buen reto para conseguir una vuelta muy limpia .La FP1 siempre es tranquilo, ya que la pista est\u00e1 muy verde para la primera parte de la sesi\u00f3n, aunque que evoluciona mucho a lo largo del fin de semana y es necesario medir el tiempo de su vuelta de calificaci\u00f3n para sacar el m\u00e1ximo partido de la goma que est\u00e1 siendo establecido. Despu\u00e9s de las pruebas estamos definitivamente listos para empezar a correr. Tenemos una buena idea de d\u00f3nde vamos a empezar y creo que tenemos una temporada muy interesante por delante. Pase lo que pase, me estoy divirtiendo en Caterham y es genial ser parte de un equipo que tiene un futuro tan apasionante por delante\u00bb.<\/em><\/p>\n<p>&nbsp;<\/p>\n<p><b>Giedo van der Garde:<\/b> <em>\u00abHonestamente no puedo esperar para empezar en Melbourne ser\u00e1 mi primer Gran Premio de inicio y, a pesar de que ha tomado un tiempo para llegar a este punto, estoy totalmente preparado y con muchas ganas para volver a la competici\u00f3n. Despu\u00e9s de haber pasado mucho tiempo con el equipo el a\u00f1o pasado no era nuevo para m\u00ed cuando me mud\u00e9 a la posici\u00f3n de piloto de carreras, pero aun as\u00ed es un mundo diferente, al ser un piloto de carreras en lugar de un reserva, pero estoy disfrutando cada minuto. Termin\u00e9 en 2012 con una victoria en Singapur, y, aunque todos somos lo suficientemente realistas como para saber que no vamos a estar peleando en ese extremo de la parrilla, tambi\u00e9n s\u00e9 que quiero estar en la posici\u00f3n adecuada para tomar ventaja de cualquier cosa que venga en mi camino cuando las luces se apagan. A lo largo de la temporada, Spa va a ser una gran carrera, ya que est\u00e1 tan cerca de casa, pero para m\u00ed el momento m\u00e1s emocionante del a\u00f1o 2013 ser\u00e1 cuando las luces se apagan en Melbourne y todo lo que he so\u00f1ado durante tanto tiempo se haga realidad. He trabajado duro durante todo el invierno y en las pruebas para prepararme y estoy preparado, f\u00edsica y mentalmente. Antes de que la cosa se ponga seria en Australia quiero aprovechar esta oportunidad para agradecer a todos los que me ayudaron a llegar a esta etapa de mi carrera. McGregor ha jugado un papel importante en ayudar a convertirme en piloto de F\u00f3rmula 1 y, por lo que gracias a todos los presentes, y Muchas gracias a toda la gente de Leafield.\u201d Caterham F1 Team es una familia, un grupo muy bueno de las personas que tienen un plan a largo plazo que se har\u00e1 realidad, y si puedo ayudar a todo el equipo alcance sus metas entonces eso ser\u00eda una buena manera de decir gracias. \u00ab<\/em><\/p>\n<p>&nbsp;<\/p>\n<p><b>Cyril Abiteboul, director del equipo<\/b>: <em>\u00abAustralia ser\u00e1 un momento de orgullo para todo el equipo 2013 es nuestro cuarto a\u00f1o en la F1, el primero con nuestra nueva imagen y el inicio de la temporada por primera vez desde que nos mudamos a Leafield. A primera vista puede parecer que estamos empezando 2013 en una posici\u00f3n similar a la de 2012, pero dentro del equipo es muy diferente. Tenemos una base en Oxfordshire en el que ahora controlan todos los elementos del dise\u00f1o y la producci\u00f3n en casa. El t\u00fanel de viento que usamos ha sido actualizado para cumplir con nuestras especificaciones exactas y ahora est\u00e1 produciendo los resultados que se convierten en mejoras concretas. Seguimos mejorando las eficiencias y las pr\u00e1cticas de trabajo en el equipo para poder competir tanto en la pista y como un negocio viable con un seguro de futuro a largo plazo y estamos trayendo gente con talento en todos los niveles para seguir empujando hacia adelante con nosotros. Tambi\u00e9n tenemos dos nuevos pilotos para 2013 Charles Pic y Giedo van der Garde. Ambos son j\u00f3venes, decididos a tener \u00e9xito y con ganas de ayudar al equipo a conseguir sus objetivos. A finales del a\u00f1o 2012 \u00e9ramos una parte central de la serie F1, y yo he dicho a los dos pilotos que esten preparados para ser parte del espect\u00e1culo en 2013, tal vez no adecuadas en el comienzo, pero con lo que hemos de llegar a la auto durante la temporada, podemos estar seguros de que vamos a atraer el inter\u00e9s en nosotros, por las razones correctas. Tenemos las instalaciones, tenemos la gente y tenemos la infraestructura que necesitamos para tomar el siguiente paso. Haremos todo lo que en un ambiente tranquilo, muy medido, que se basa en una visi\u00f3n realista del mundo altamente competitivo en el que operamos, pero lo haremos con el mayor nivel posible de energ\u00eda, pasi\u00f3n y entusiasmo. Parece como si la temporada 2012 termin\u00f3 ayer, pero no puedo esperar para empezar a correr de nuevo! \u00ab<\/em><\/p>\n<div class=\"sharedaddy sd-sharing-enabled\"><div class=\"robots-nocontent sd-block sd-social sd-social-official sd-sharing\"><h3 class=\"sd-title\">Opciones Sociales:<\/h3><div class=\"sd-content\"><ul><li class=\"share-facebook\"><div class=\"fb-share-button\" data-href=\"http:\/\/www.michael-schumacher.es\/noticias-f1\/2013\/03\/12\/previo-gp-de-australia-melbourne-2013-caterham\/\" data-layout=\"button_count\"><\/div><\/li><li class=\"share-twitter\"><a href=\"https:\/\/twitter.com\/share\" class=\"twitter-share-button\" data-url=\"http:\/\/www.michael-schumacher.es\/noticias-f1\/2013\/03\/12\/previo-gp-de-australia-melbourne-2013-caterham\/\" data-text=\"Previo GP de Australia, Melbourne 2013. Caterham\"  >Tweet<\/a><\/li><li class=\"share-email\"><a rel=\"nofollow noopener noreferrer\" data-shared=\"\" class=\"share-email sd-button\" href=\"http:\/\/www.michael-schumacher.es\/noticias-f1\/2013\/03\/12\/previo-gp-de-australia-melbourne-2013-caterham\/?share=email\" target=\"_blank\" title=\"Haz clic para enviar por correo electr\u00f3nico a un amigo\"><span>Correo electr\u00f3nico<\/span><\/a><\/li><li class=\"share-end\"><\/li><\/ul><\/div><\/div><\/div>","protected":false},"excerpt":{"rendered":"<p>El equipo Caterham se siente mucho m\u00e1s preparado para enfrentar la nueva temporada, con su nueva base, personal m\u00e1s cualificada y mucho trabajo que esperan que de un visible paso adelante para el equipo. Tambi\u00e9n cuentan con dos nuevos pilotos para 2013,\u00a0 Charles Pic y Giedo van der Garde, que el equipo considera preparados para [&hellip;]<\/p>\n<div class=\"sharedaddy sd-sharing-enabled\"><div class=\"robots-nocontent sd-block sd-social sd-social-official sd-sharing\"><h3 class=\"sd-title\">Opciones Sociales:<\/h3><div class=\"sd-content\"><ul><li class=\"share-facebook\"><div class=\"fb-share-button\" data-href=\"http:\/\/www.michael-schumacher.es\/noticias-f1\/2013\/03\/12\/previo-gp-de-australia-melbourne-2013-caterham\/\" data-layout=\"button_count\"><\/div><\/li><li class=\"share-twitter\"><a href=\"https:\/\/twitter.com\/share\" class=\"twitter-share-button\" data-url=\"http:\/\/www.michael-schumacher.es\/noticias-f1\/2013\/03\/12\/previo-gp-de-australia-melbourne-2013-caterham\/\" data-text=\"Previo GP de Australia, Melbourne 2013. Caterham\"  >Tweet<\/a><\/li><li class=\"share-email\"><a rel=\"nofollow noopener noreferrer\" data-shared=\"\" class=\"share-email sd-button\" href=\"http:\/\/www.michael-schumacher.es\/noticias-f1\/2013\/03\/12\/previo-gp-de-australia-melbourne-2013-caterham\/?share=email\" target=\"_blank\" title=\"Haz clic para enviar por correo electr\u00f3nico a un amigo\"><span>Correo electr\u00f3nico<\/span><\/a><\/li><li class=\"share-end\"><\/li><\/ul><\/div><\/div><\/div>","protected":false},"author":3,"featured_media":0,"comment_status":"open","ping_status":"open","sticky":false,"template":"","format":"standard","meta":{"_monsterinsights_skip_tracking":false,"_monsterinsights_sitenote_active":false,"_monsterinsights_sitenote_note":"","_monsterinsights_sitenote_category":0,"spay_email":"","jetpack_publicize_message":"","jetpack_is_tweetstorm":false,"jetpack_publicize_feature_enabled":true},"categories":[3,22],"tags":[373,2838,58,116,1906,17,15,3014,6,8,2837,117,5,238,1219],"jetpack_featured_media_url":"","jetpack_publicize_connections":[],"jetpack_sharing_enabled":true,"jetpack_shortlink":"https:\/\/wp.me\/p27q3P-28z","_links":{"self":[{"href":"http:\/\/www.michael-schumacher.es\/noticias-f1\/wp-json\/wp\/v2\/posts\/8219"}],"collection":[{"href":"http:\/\/www.michael-schumacher.es\/noticias-f1\/wp-json\/wp\/v2\/posts"}],"about":[{"href":"http:\/\/www.michael-schumacher.es\/noticias-f1\/wp-json\/wp\/v2\/types\/post"}],"author":[{"embeddable":true,"href":"http:\/\/www.michael-schumacher.es\/noticias-f1\/wp-json\/wp\/v2\/users\/3"}],"replies":[{"embeddable":true,"href":"http:\/\/www.michael-schumacher.es\/noticias-f1\/wp-json\/wp\/v2\/comments?post=8219"}],"version-history":[{"count":0,"href":"http:\/\/www.michael-schumacher.es\/noticias-f1\/wp-json\/wp\/v2\/posts\/8219\/revisions"}],"wp:attachment":[{"href":"http:\/\/www.michael-schumacher.es\/noticias-f1\/wp-json\/wp\/v2\/media?parent=8219"}],"wp:term":[{"taxonomy":"category","embeddable":true,"href":"http:\/\/www.michael-schumacher.es\/noticias-f1\/wp-json\/wp\/v2\/categories?post=8219"},{"taxonomy":"post_tag","embeddable":true,"href":"http:\/\/www.michael-schumacher.es\/noticias-f1\/wp-json\/wp\/v2\/tags?post=8219"}],"curies":[{"name":"wp","href":"https:\/\/api.w.org\/{rel}","templated":true}]}}