{"id":8238,"date":"2013-03-13T00:02:01","date_gmt":"2013-03-12T23:02:01","guid":{"rendered":"http:\/\/www.michael-schumacher.es\/noticias-f1\/?p=8238"},"modified":"2013-03-13T00:27:41","modified_gmt":"2013-03-12T23:27:41","slug":"previo-gp-de-australia-melbourne-2013-sauber","status":"publish","type":"post","link":"http:\/\/www.michael-schumacher.es\/noticias-f1\/2013\/03\/13\/previo-gp-de-australia-melbourne-2013-sauber\/","title":{"rendered":"Previo GP de Australia, Melbourne 2013. Sauber"},"content":{"rendered":"<p><a href=\"http:\/\/www.michael-schumacher.es\/noticias-f1\/wp-content\/uploads\/2013\/03\/nico_hulkenberg_test-bcn-2013_david-sarro.jpg\"><img loading=\"lazy\" class=\"alignleft\" alt=\"Nico Hulkenberg - Test Bcn 2013 - David Sarr\u00f3\" src=\"http:\/\/www.michael-schumacher.es\/noticias-f1\/wp-content\/uploads\/2013\/03\/nico_hulkenberg_test-bcn-2013_david-sarro.jpg\" width=\"200\" height=\"133\" \/><\/a>Ambos pilotos ser\u00e1n los encargados de estar detr\u00e1s del volante del Sauber C32-Ferrari. A partir de la s\u00f3lida base establecida el a\u00f1o pasado, el equipo ahora tiene como objetivo hacer m\u00e1s avances.\u00a0 Nico H\u00fclkenberg se muestra entusiasmado con la carrera de Australia, primera carrera de la temporada 2013, llega con el convencimiento de que est\u00e1n muy bien preparados para enfrentar la temporada. Esteban Guti\u00e9rrez afronta con una buena base su primera carrera de F1 gracias al trabajo de todo su equipo y con el objetivo de terminar siempre en los puntos<\/p>\n<p><!--more--> <!--noteaser--><\/p>\n<p><a href=\"http:\/\/www.michael-schumacher.es\/noticias-f1\/wp-content\/uploads\/2013\/03\/nico_hulkenberg_test-bcn-2013_david-sarro.jpg\"><img loading=\"lazy\" class=\"aligncenter size-full wp-image-8249\" alt=\"Nico Hulkenberg - Test Bcn 2013 - David Sarr\u00f3\" src=\"http:\/\/www.michael-schumacher.es\/noticias-f1\/wp-content\/uploads\/2013\/03\/nico_hulkenberg_test-bcn-2013_david-sarro.jpg\" width=\"650\" height=\"433\" srcset=\"http:\/\/www.michael-schumacher.es\/noticias-f1\/wp-content\/uploads\/2013\/03\/nico_hulkenberg_test-bcn-2013_david-sarro.jpg 650w, http:\/\/www.michael-schumacher.es\/noticias-f1\/wp-content\/uploads\/2013\/03\/nico_hulkenberg_test-bcn-2013_david-sarro-300x199.jpg 300w\" sizes=\"(max-width: 650px) 100vw, 650px\" \/><\/a><\/p>\n<p>Ambos pilotos ser\u00e1n los encargados de estar detr\u00e1s del volante del Sauber C32-Ferrari. A partir de la s\u00f3lida base establecida el a\u00f1o pasado, el equipo ahora tiene como objetivo hacer m\u00e1s avances.\u00a0 Nico H\u00fclkenberg se muestra entusiasmado con la carrera de Australia, primera carrera de la temporada 2013, llega con el convencimiento de que est\u00e1n muy bien preparados para enfrentar la temporada. Esteban Guti\u00e9rrez afronta con una buena base su primera carrera de F1 gracias al trabajo de todo su equipo y con el objetivo de terminar siempre en los puntos<\/p>\n<p>&nbsp;<\/p>\n<p><b>Nico H\u00fclkenberg: <em>\u201c<\/em><\/b><em>Por fin, el inicio de la temporada se acerca. Sal\u00ed de Europa ayer. Estoy muy entusiasmado con esta carrera, ya que Australia es siempre uno de mis Grandes Premios favoritos, Melbourne tiene un ambiente muy especial, as\u00ed que estoy dispuesto a estar all\u00ed. Tambi\u00e9n me gusta la pista, que no es un circuito permanente. Estamos conduciendo alrededor de un lago en un parque y, en especial durante el desfile de pilotos, se siente muy cerca de los fans. La pista es muy exigente para los pilotos. En t\u00e9rminos de competitividad, el \u00faltimo test de Barcelona mostr\u00f3 estamos muy bien preparados, pero todav\u00eda tenemos algunos deberes que hacer, y que todav\u00eda tenemos margen para mejorar en ciertas \u00e1reas. Pero estoy seguro de que la base es buena. Tengo muchas ganas de competir contra la parrilla de costumbre y finalmente obtener una imagen clara de d\u00f3nde est\u00e1 todo el mundo en cuanto a rendimiento.\u00bb<\/em><\/p>\n<p>&nbsp;<\/p>\n<p><b>Esteban Guti\u00e9rrez:<\/b> <em>\u00abAhora que hemos finalizado las pruebas de pre-temporada, me siento muy agradecido por el trabajo de cada miembro del equipo y la oportunidad de ponerme al d\u00eda con los fundamentos de la F1. Melbourne ser\u00e1 mi primera carrera en la F1 y estoy seguro de que va a ser muy especial. Es una pista que no conozco, pero estoy seguro de que ser\u00e9 capaz de aprender r\u00e1pidamente en las sesiones de entrenamientos libres. Competir en una carrera de F\u00f3rmula Uno es el siguiente paso en mi carrera, y eso es lo que tengo que enfocar. Una de las cosas que tengo que hacer es sentirme natural y relajado en mi entorno para que pueda centrarme en los elementos m\u00e1s importantes durante el fin de semana. Siento que tengo una buena base para el inicio de la temporada, pero, por supuesto, voy a seguir trabajando como lo he hecho \u00e1reas donde puedo mejorar. Mi objetivo es explotar el potencial del coche y terminar siempre en el puntos\u00bb.<\/em><\/p>\n<p><b>\u00a0<\/b><\/p>\n<p><b>Tom McCullough, Director de Ingenier\u00eda de la pista:<\/b>\u00a0 <em>\u00abHemos tenido una muy productiva pretemporada completando en el programa de pruebas 5.308 kil\u00f3metros, que es un m\u00e9rito de todos los que participan en el dise\u00f1o, fabricaci\u00f3n y funcionamiento. Nico y Esteban r\u00e1pidamente se han asentado en su nuevo entorno de trabajo y ya hemos establecido s\u00f3lidas relaciones de trabajo dentro del equipo, lo cual es muy importante. Nunca se sabe exactamente donde usted se encuentra en comparaci\u00f3n con los otros equipos durante las pruebas de invierno, pero es importante que el C32 se haya realizado como se esperaba, lo que es alentador. Melbourne es un t\u00edpico circuito urbano con pista evoluci\u00f3n significativa. Es muy importante tener una buena frenada y estabilidad de un coche que se comporta bien en el bajo a medio en curvas r\u00e1pidas. La disposici\u00f3n de la pista tambi\u00e9n requiere en el coche tener un buen cambio de direcci\u00f3n. Ser\u00e1 interesante ver la nueva generaci\u00f3n de <em>neum\u00e1ticos\u00a0<\/em> medios y super blandos que Pirelli presentar\u00e1 en una pista con curvas r\u00e1pidas menos elevados que nuestras dos pistas de pruebas. Es importante maximizar nuestro potencial desde el inicio de la temporada, ya que todo parece indicar que la parrilla seguir\u00e1 siendo ajustada. En general, el equipo est\u00e1 confiado y con ganas de salir y comenzar la temporada de carreras de 2013.\u00bb<\/em><\/p>\n<p>&nbsp;<\/p>\n<p><strong>Imagen:<\/strong> David Sarr\u00f3<\/p>\n<div class=\"sharedaddy sd-sharing-enabled\"><div class=\"robots-nocontent sd-block sd-social sd-social-official sd-sharing\"><h3 class=\"sd-title\">Opciones Sociales:<\/h3><div class=\"sd-content\"><ul><li class=\"share-facebook\"><div class=\"fb-share-button\" data-href=\"http:\/\/www.michael-schumacher.es\/noticias-f1\/2013\/03\/13\/previo-gp-de-australia-melbourne-2013-sauber\/\" data-layout=\"button_count\"><\/div><\/li><li class=\"share-twitter\"><a href=\"https:\/\/twitter.com\/share\" class=\"twitter-share-button\" data-url=\"http:\/\/www.michael-schumacher.es\/noticias-f1\/2013\/03\/13\/previo-gp-de-australia-melbourne-2013-sauber\/\" data-text=\"Previo GP de Australia, Melbourne 2013. Sauber \"  >Tweet<\/a><\/li><li class=\"share-email\"><a rel=\"nofollow noopener noreferrer\" data-shared=\"\" class=\"share-email sd-button\" href=\"http:\/\/www.michael-schumacher.es\/noticias-f1\/2013\/03\/13\/previo-gp-de-australia-melbourne-2013-sauber\/?share=email\" target=\"_blank\" title=\"Haz clic para enviar por correo electr\u00f3nico a un amigo\"><span>Correo electr\u00f3nico<\/span><\/a><\/li><li class=\"share-end\"><\/li><\/ul><\/div><\/div><\/div>","protected":false},"excerpt":{"rendered":"<p>Ambos pilotos ser\u00e1n los encargados de estar detr\u00e1s del volante del Sauber C32-Ferrari. A partir de la s\u00f3lida base establecida el a\u00f1o pasado, el equipo ahora tiene como objetivo hacer m\u00e1s avances.\u00a0 Nico H\u00fclkenberg se muestra entusiasmado con la carrera de Australia, primera carrera de la temporada 2013, llega con el convencimiento de que est\u00e1n [&hellip;]<\/p>\n<div class=\"sharedaddy sd-sharing-enabled\"><div class=\"robots-nocontent sd-block sd-social sd-social-official sd-sharing\"><h3 class=\"sd-title\">Opciones Sociales:<\/h3><div class=\"sd-content\"><ul><li class=\"share-facebook\"><div class=\"fb-share-button\" data-href=\"http:\/\/www.michael-schumacher.es\/noticias-f1\/2013\/03\/13\/previo-gp-de-australia-melbourne-2013-sauber\/\" data-layout=\"button_count\"><\/div><\/li><li class=\"share-twitter\"><a href=\"https:\/\/twitter.com\/share\" class=\"twitter-share-button\" data-url=\"http:\/\/www.michael-schumacher.es\/noticias-f1\/2013\/03\/13\/previo-gp-de-australia-melbourne-2013-sauber\/\" data-text=\"Previo GP de Australia, Melbourne 2013. Sauber \"  >Tweet<\/a><\/li><li class=\"share-email\"><a rel=\"nofollow noopener noreferrer\" data-shared=\"\" class=\"share-email sd-button\" href=\"http:\/\/www.michael-schumacher.es\/noticias-f1\/2013\/03\/13\/previo-gp-de-australia-melbourne-2013-sauber\/?share=email\" target=\"_blank\" title=\"Haz clic para enviar por correo electr\u00f3nico a un amigo\"><span>Correo electr\u00f3nico<\/span><\/a><\/li><li class=\"share-end\"><\/li><\/ul><\/div><\/div><\/div>","protected":false},"author":3,"featured_media":0,"comment_status":"open","ping_status":"open","sticky":false,"template":"","format":"standard","meta":{"_monsterinsights_skip_tracking":false,"_monsterinsights_sitenote_active":false,"_monsterinsights_sitenote_note":"","_monsterinsights_sitenote_category":0,"spay_email":"","jetpack_publicize_message":"","jetpack_is_tweetstorm":false,"jetpack_publicize_feature_enabled":true},"categories":[3,22],"tags":[373,2838,1751,17,15,6,8,2059,112,2837,111,5,86,238,3018],"jetpack_featured_media_url":"","jetpack_publicize_connections":[],"jetpack_sharing_enabled":true,"jetpack_shortlink":"https:\/\/wp.me\/p27q3P-28S","_links":{"self":[{"href":"http:\/\/www.michael-schumacher.es\/noticias-f1\/wp-json\/wp\/v2\/posts\/8238"}],"collection":[{"href":"http:\/\/www.michael-schumacher.es\/noticias-f1\/wp-json\/wp\/v2\/posts"}],"about":[{"href":"http:\/\/www.michael-schumacher.es\/noticias-f1\/wp-json\/wp\/v2\/types\/post"}],"author":[{"embeddable":true,"href":"http:\/\/www.michael-schumacher.es\/noticias-f1\/wp-json\/wp\/v2\/users\/3"}],"replies":[{"embeddable":true,"href":"http:\/\/www.michael-schumacher.es\/noticias-f1\/wp-json\/wp\/v2\/comments?post=8238"}],"version-history":[{"count":0,"href":"http:\/\/www.michael-schumacher.es\/noticias-f1\/wp-json\/wp\/v2\/posts\/8238\/revisions"}],"wp:attachment":[{"href":"http:\/\/www.michael-schumacher.es\/noticias-f1\/wp-json\/wp\/v2\/media?parent=8238"}],"wp:term":[{"taxonomy":"category","embeddable":true,"href":"http:\/\/www.michael-schumacher.es\/noticias-f1\/wp-json\/wp\/v2\/categories?post=8238"},{"taxonomy":"post_tag","embeddable":true,"href":"http:\/\/www.michael-schumacher.es\/noticias-f1\/wp-json\/wp\/v2\/tags?post=8238"}],"curies":[{"name":"wp","href":"https:\/\/api.w.org\/{rel}","templated":true}]}}