{"id":8282,"date":"2013-03-15T00:04:25","date_gmt":"2013-03-14T23:04:25","guid":{"rendered":"http:\/\/www.michael-schumacher.es\/noticias-f1\/?p=8282"},"modified":"2013-03-14T19:09:21","modified_gmt":"2013-03-14T18:09:21","slug":"ecclestone-desearia-tener-en-f1-a-danica-patrick-y-a-michael-schumacher","status":"publish","type":"post","link":"http:\/\/www.michael-schumacher.es\/noticias-f1\/2013\/03\/15\/ecclestone-desearia-tener-en-f1-a-danica-patrick-y-a-michael-schumacher\/","title":{"rendered":"Ecclestone desear\u00eda tener en F1 a Danica Patrick y a Michael Schumacher"},"content":{"rendered":"<p><img loading=\"lazy\" class=\"alignleft\" title=\"Ecclestone\" alt=\"\" src=\"http:\/\/img.michael-schumacher.es\/noticias-f1\/ecclestone-1-mini.jpg\" width=\"200\" height=\"100\" \/>El Jefe de la F1 reconoce su inter\u00e9s por tener una mujer en la F\u00f3rmula Uno ya que sabe el fuerte impulso publicitario que supondr\u00eda, y Danica Patrick, reconocida estrella de NASCAR, tendr\u00eda el perfil ideal Y tambi\u00e9n sue\u00f1a con el regreso de Michael Schumacher, el mejor piloto de la historia, aunque fuese como Jefe de equipo.<\/p>\n<p><!--more--> <!--noteaser--><\/p>\n<p style=\"text-align: center;\">\u00a0<img loading=\"lazy\" class=\"aligncenter\" title=\"Ecclestone\" alt=\"\" src=\"http:\/\/img.michael-schumacher.es\/noticias-f1\/ecclestone-1.jpg\" width=\"605\" height=\"300\" \/><\/p>\n<p>El Jefe de la F1 reconoce su inter\u00e9s por tener una mujer en la F\u00f3rmula Uno ya que sabe el fuerte impulso publicitario que supondr\u00eda, y Danica Patrick, reconocida estrella de NASCAR, tendr\u00eda el perfil ideal Y tambi\u00e9n sue\u00f1a con el regreso de Michael Schumacher, el mejor piloto de la historia, aunque fuese como Jefe de equipo.<\/p>\n<p>&nbsp;<\/p>\n<p>Bernie Ecclestone declara su deseo de ver a \u00a0Danica Patrick en la F1, aunque sabe que es un deseo muy dif\u00edcil, ya que la piloto norteamericana, ahora estrella de NASCAR, no tiene ning\u00fan inter\u00e9s en el proyecto de F1: <b>\u00abDanica tiene todas las caracter\u00edsticas de un piloto de F\u00f3rmula Uno ideal, pero entiendo que no est\u00e1 interesado en venir a nosotros. Ella tiene 30 a\u00f1os y en los Estados Unidos ya es una superestrella.\u00bb<\/b><\/p>\n<p>&nbsp;<\/p>\n<p>Michael Schumacher de regreso a la F1, es el otro deseo de Bernie Ecclestone, aunque sea como ejecutivo, como Jefe de equipo: <b>\u00ab\u00c9l es y siempre ser\u00e1 un piloto. A\u00fan quiere ganar. Creo que ser\u00eda un l\u00edder de equipo muy bueno capaz de ganar.\u00bf Si \u00e9l lo quiere? \u00a0Yo no lo s\u00e9, pero tendr\u00eda que ser evaluado, me gustar\u00eda verlo\u00bb.<\/b><\/p>\n<p>&nbsp;<\/p>\n<p>Lo que no interesa a Bernie Ecclestone, es reflejar su vida en una pel\u00edcula, como ya se ha hecho con \u00abSenna\u00bb y tambi\u00e9n se va a hacer sobre la rivalidad entre Niki Lauda y James Hunt: <b>\u00abHe tenido algunas ofertas, pero no lo hago. No tengo tiempo que perder con semejante cosa\u00bb.<\/b><\/p>\n<div class=\"sharedaddy sd-sharing-enabled\"><div class=\"robots-nocontent sd-block sd-social sd-social-official sd-sharing\"><h3 class=\"sd-title\">Opciones Sociales:<\/h3><div class=\"sd-content\"><ul><li class=\"share-facebook\"><div class=\"fb-share-button\" data-href=\"http:\/\/www.michael-schumacher.es\/noticias-f1\/2013\/03\/15\/ecclestone-desearia-tener-en-f1-a-danica-patrick-y-a-michael-schumacher\/\" data-layout=\"button_count\"><\/div><\/li><li class=\"share-twitter\"><a href=\"https:\/\/twitter.com\/share\" class=\"twitter-share-button\" data-url=\"http:\/\/www.michael-schumacher.es\/noticias-f1\/2013\/03\/15\/ecclestone-desearia-tener-en-f1-a-danica-patrick-y-a-michael-schumacher\/\" data-text=\"Ecclestone desear\u00eda tener en F1 a Danica Patrick y a Michael Schumacher\"  >Tweet<\/a><\/li><li class=\"share-email\"><a rel=\"nofollow noopener noreferrer\" data-shared=\"\" class=\"share-email sd-button\" href=\"http:\/\/www.michael-schumacher.es\/noticias-f1\/2013\/03\/15\/ecclestone-desearia-tener-en-f1-a-danica-patrick-y-a-michael-schumacher\/?share=email\" target=\"_blank\" title=\"Haz clic para enviar por correo electr\u00f3nico a un amigo\"><span>Correo electr\u00f3nico<\/span><\/a><\/li><li class=\"share-end\"><\/li><\/ul><\/div><\/div><\/div>","protected":false},"excerpt":{"rendered":"<p>El Jefe de la F1 reconoce su inter\u00e9s por tener una mujer en la F\u00f3rmula Uno ya que sabe el fuerte impulso publicitario que supondr\u00eda, y Danica Patrick, reconocida estrella de NASCAR, tendr\u00eda el perfil ideal Y tambi\u00e9n sue\u00f1a con el regreso de Michael Schumacher, el mejor piloto de la historia, aunque fuese como Jefe [&hellip;]<\/p>\n<div class=\"sharedaddy sd-sharing-enabled\"><div class=\"robots-nocontent sd-block sd-social sd-social-official sd-sharing\"><h3 class=\"sd-title\">Opciones Sociales:<\/h3><div class=\"sd-content\"><ul><li class=\"share-facebook\"><div class=\"fb-share-button\" data-href=\"http:\/\/www.michael-schumacher.es\/noticias-f1\/2013\/03\/15\/ecclestone-desearia-tener-en-f1-a-danica-patrick-y-a-michael-schumacher\/\" data-layout=\"button_count\"><\/div><\/li><li class=\"share-twitter\"><a href=\"https:\/\/twitter.com\/share\" class=\"twitter-share-button\" data-url=\"http:\/\/www.michael-schumacher.es\/noticias-f1\/2013\/03\/15\/ecclestone-desearia-tener-en-f1-a-danica-patrick-y-a-michael-schumacher\/\" data-text=\"Ecclestone desear\u00eda tener en F1 a Danica Patrick y a Michael Schumacher\"  >Tweet<\/a><\/li><li class=\"share-email\"><a rel=\"nofollow noopener noreferrer\" data-shared=\"\" class=\"share-email sd-button\" href=\"http:\/\/www.michael-schumacher.es\/noticias-f1\/2013\/03\/15\/ecclestone-desearia-tener-en-f1-a-danica-patrick-y-a-michael-schumacher\/?share=email\" target=\"_blank\" title=\"Haz clic para enviar por correo electr\u00f3nico a un amigo\"><span>Correo electr\u00f3nico<\/span><\/a><\/li><li class=\"share-end\"><\/li><\/ul><\/div><\/div><\/div>","protected":false},"author":3,"featured_media":0,"comment_status":"open","ping_status":"open","sticky":false,"template":"","format":"standard","meta":{"_monsterinsights_skip_tracking":false,"_monsterinsights_sitenote_active":false,"_monsterinsights_sitenote_note":"","_monsterinsights_sitenote_category":0,"spay_email":"","jetpack_publicize_message":"","jetpack_is_tweetstorm":false,"jetpack_publicize_feature_enabled":true},"categories":[3],"tags":[432,3034,949,431,1490,434,17,15,318,1518,573,1466,2503,229,606,3036,3035,31,574,3037,846],"jetpack_featured_media_url":"","jetpack_publicize_connections":[],"jetpack_sharing_enabled":true,"jetpack_shortlink":"https:\/\/wp.me\/p27q3P-29A","_links":{"self":[{"href":"http:\/\/www.michael-schumacher.es\/noticias-f1\/wp-json\/wp\/v2\/posts\/8282"}],"collection":[{"href":"http:\/\/www.michael-schumacher.es\/noticias-f1\/wp-json\/wp\/v2\/posts"}],"about":[{"href":"http:\/\/www.michael-schumacher.es\/noticias-f1\/wp-json\/wp\/v2\/types\/post"}],"author":[{"embeddable":true,"href":"http:\/\/www.michael-schumacher.es\/noticias-f1\/wp-json\/wp\/v2\/users\/3"}],"replies":[{"embeddable":true,"href":"http:\/\/www.michael-schumacher.es\/noticias-f1\/wp-json\/wp\/v2\/comments?post=8282"}],"version-history":[{"count":0,"href":"http:\/\/www.michael-schumacher.es\/noticias-f1\/wp-json\/wp\/v2\/posts\/8282\/revisions"}],"wp:attachment":[{"href":"http:\/\/www.michael-schumacher.es\/noticias-f1\/wp-json\/wp\/v2\/media?parent=8282"}],"wp:term":[{"taxonomy":"category","embeddable":true,"href":"http:\/\/www.michael-schumacher.es\/noticias-f1\/wp-json\/wp\/v2\/categories?post=8282"},{"taxonomy":"post_tag","embeddable":true,"href":"http:\/\/www.michael-schumacher.es\/noticias-f1\/wp-json\/wp\/v2\/tags?post=8282"}],"curies":[{"name":"wp","href":"https:\/\/api.w.org\/{rel}","templated":true}]}}