{"id":8293,"date":"2013-03-15T14:39:52","date_gmt":"2013-03-15T13:39:52","guid":{"rendered":"http:\/\/www.michael-schumacher.es\/noticias-f1\/?p=8293"},"modified":"2013-03-15T14:39:52","modified_gmt":"2013-03-15T13:39:52","slug":"entrenamientos-gp-de-australia-melbourne-2013-red-bull","status":"publish","type":"post","link":"http:\/\/www.michael-schumacher.es\/noticias-f1\/2013\/03\/15\/entrenamientos-gp-de-australia-melbourne-2013-red-bull\/","title":{"rendered":"Entrenamientos GP de Australia, Melbourne 2013. Red Bull"},"content":{"rendered":"<p><a href=\"http:\/\/www.michael-schumacher.es\/noticias-f1\/wp-content\/uploads\/2013\/03\/mark_webber_test-bcn-2013_david-sarro.jpg\"><img loading=\"lazy\" class=\"alignleft\" alt=\"mark_webber_test-bcn-2013_david-sarro\" src=\"http:\/\/www.michael-schumacher.es\/noticias-f1\/wp-content\/uploads\/2013\/03\/mark_webber_test-bcn-2013_david-sarro.jpg\" width=\"200\" height=\"133\" \/><\/a>Sin duda en el primer dia de acci\u00f3n de esta temporada 2013, Red Bull ha demostrado que est\u00e1 en plena forma as\u00ed como Sebastian Vettel ha sido el primero en las dos sesiones de este viernes, primer d\u00eda de la temporada 2013.<\/p>\n<p><!--more--> <!--noteaser--><\/p>\n<p><a href=\"http:\/\/www.michael-schumacher.es\/noticias-f1\/wp-content\/uploads\/2013\/03\/mark_webber_test-bcn-2013_david-sarro.jpg\"><img loading=\"lazy\" class=\"aligncenter size-full wp-image-8304\" alt=\"mark_webber_test-bcn-2013_david-sarro\" src=\"http:\/\/www.michael-schumacher.es\/noticias-f1\/wp-content\/uploads\/2013\/03\/mark_webber_test-bcn-2013_david-sarro.jpg\" width=\"650\" height=\"433\" srcset=\"http:\/\/www.michael-schumacher.es\/noticias-f1\/wp-content\/uploads\/2013\/03\/mark_webber_test-bcn-2013_david-sarro.jpg 650w, http:\/\/www.michael-schumacher.es\/noticias-f1\/wp-content\/uploads\/2013\/03\/mark_webber_test-bcn-2013_david-sarro-300x199.jpg 300w\" sizes=\"(max-width: 650px) 100vw, 650px\" \/><\/a><\/p>\n<p>Sin duda en el primer dia de acci\u00f3n de esta temporada 2013, Red Bull ha demostrado que est\u00e1 en plena forma as\u00ed como Sebastian Vettel ha sido el primero en las dos sesiones de este viernes, primer d\u00eda de la temporada 2013.<\/p>\n<p>&nbsp;<\/p>\n<p>Sebastian Vettel considera que fue un buen d\u00eda, se ha divertido y ha conseguido el mejor tiempo en ambas sesiones, as\u00ed que no ha podido ir mejor, aunque Vettel sabe que con clima cambiante que se espera para ma\u00f1ana, las condiciones pueden cambiar y han de estar preparados. Mark Webber tambi\u00e9n ha tenido un primer d\u00eda de entrenamientos positivo finalizando 5 en la primera sesi\u00f3n y segundo detr\u00e1s de su compa\u00f1ero en la segunda sesi\u00f3n.<\/p>\n<p>&nbsp;<\/p>\n<p><b>Sebastian Vettel:<\/b> <em>\u00abEn general, fue un buen d\u00eda para nosotros. Fue bastante fluido y no hubo ning\u00fan problema con el coche. Despu\u00e9s de todo el kilometraje de la prueba, fue muy divertido estar all\u00ed, \u00a0este circuito no es nada m\u00e1s f\u00e1cil, es un buen reto. El neum\u00e1tico blando no dura mucho tiempo, pero el neum\u00e1tico m\u00e1s duro es un neum\u00e1tico de carrera decente. El tiempo debe ser muy cambiante y ma\u00f1ana, y no se puede predecir cu\u00e1nto va a impactar a los neum\u00e1ticos y el equilibrio del coche, tenemos que estar dispuestos a cambiar las cosas. Hoy fue un buen d\u00eda y el equilibrio era bueno, pero tenemos que estar preparados para lo que viene\u00bb.<\/em><\/p>\n<p>&nbsp;<\/p>\n<p><b>Mark Webber:<\/b> <em>\u00abNo ha sido un mal d\u00eda y nos dio un mont\u00f3n de informaci\u00f3n. Fue bueno tener un poco de sol en el circuito despu\u00e9s de Barcelona, \u200b\u200bdonde tuvimos condiciones muy nubladas. Tuvimos que correlacionar una gran cantidad de informaci\u00f3n de Europa y ha ido bastante bien. Todav\u00eda tenemos una cantidad enorme de pasar esta noche y estamos esperando un poco de tiempo \u00a0nublado para ma\u00f1ana, as\u00ed que tenemos que estar preparados para eso. En general, fue bastante positivo para nosotros, pero todav\u00eda hay \u00e1reas para mejorar. \u00ab<\/em><\/p>\n<div class=\"sharedaddy sd-sharing-enabled\"><div class=\"robots-nocontent sd-block sd-social sd-social-official sd-sharing\"><h3 class=\"sd-title\">Opciones Sociales:<\/h3><div class=\"sd-content\"><ul><li class=\"share-facebook\"><div class=\"fb-share-button\" data-href=\"http:\/\/www.michael-schumacher.es\/noticias-f1\/2013\/03\/15\/entrenamientos-gp-de-australia-melbourne-2013-red-bull\/\" data-layout=\"button_count\"><\/div><\/li><li class=\"share-twitter\"><a href=\"https:\/\/twitter.com\/share\" class=\"twitter-share-button\" data-url=\"http:\/\/www.michael-schumacher.es\/noticias-f1\/2013\/03\/15\/entrenamientos-gp-de-australia-melbourne-2013-red-bull\/\" data-text=\"Entrenamientos GP de Australia, Melbourne 2013. Red Bull\"  >Tweet<\/a><\/li><li class=\"share-email\"><a rel=\"nofollow noopener noreferrer\" data-shared=\"\" class=\"share-email sd-button\" href=\"http:\/\/www.michael-schumacher.es\/noticias-f1\/2013\/03\/15\/entrenamientos-gp-de-australia-melbourne-2013-red-bull\/?share=email\" target=\"_blank\" title=\"Haz clic para enviar por correo electr\u00f3nico a un amigo\"><span>Correo electr\u00f3nico<\/span><\/a><\/li><li class=\"share-end\"><\/li><\/ul><\/div><\/div><\/div>","protected":false},"excerpt":{"rendered":"<p>Sin duda en el primer dia de acci\u00f3n de esta temporada 2013, Red Bull ha demostrado que est\u00e1 en plena forma as\u00ed como Sebastian Vettel ha sido el primero en las dos sesiones de este viernes, primer d\u00eda de la temporada 2013.<\/p>\n<div class=\"sharedaddy sd-sharing-enabled\"><div class=\"robots-nocontent sd-block sd-social sd-social-official sd-sharing\"><h3 class=\"sd-title\">Opciones Sociales:<\/h3><div class=\"sd-content\"><ul><li class=\"share-facebook\"><div class=\"fb-share-button\" data-href=\"http:\/\/www.michael-schumacher.es\/noticias-f1\/2013\/03\/15\/entrenamientos-gp-de-australia-melbourne-2013-red-bull\/\" data-layout=\"button_count\"><\/div><\/li><li class=\"share-twitter\"><a href=\"https:\/\/twitter.com\/share\" class=\"twitter-share-button\" data-url=\"http:\/\/www.michael-schumacher.es\/noticias-f1\/2013\/03\/15\/entrenamientos-gp-de-australia-melbourne-2013-red-bull\/\" data-text=\"Entrenamientos GP de Australia, Melbourne 2013. Red Bull\"  >Tweet<\/a><\/li><li class=\"share-email\"><a rel=\"nofollow noopener noreferrer\" data-shared=\"\" class=\"share-email sd-button\" href=\"http:\/\/www.michael-schumacher.es\/noticias-f1\/2013\/03\/15\/entrenamientos-gp-de-australia-melbourne-2013-red-bull\/?share=email\" target=\"_blank\" title=\"Haz clic para enviar por correo electr\u00f3nico a un amigo\"><span>Correo electr\u00f3nico<\/span><\/a><\/li><li class=\"share-end\"><\/li><\/ul><\/div><\/div><\/div>","protected":false},"author":3,"featured_media":0,"comment_status":"open","ping_status":"open","sticky":false,"template":"","format":"standard","meta":{"_monsterinsights_skip_tracking":false,"_monsterinsights_sitenote_active":false,"_monsterinsights_sitenote_note":"","_monsterinsights_sitenote_category":0,"spay_email":"","jetpack_publicize_message":"","jetpack_is_tweetstorm":false,"jetpack_publicize_feature_enabled":true},"categories":[67,3],"tags":[373,2838,131,393,17,15,6,8,72,2837,51,71,238,30,73],"jetpack_featured_media_url":"","jetpack_publicize_connections":[],"jetpack_sharing_enabled":true,"jetpack_shortlink":"https:\/\/wp.me\/p27q3P-29L","_links":{"self":[{"href":"http:\/\/www.michael-schumacher.es\/noticias-f1\/wp-json\/wp\/v2\/posts\/8293"}],"collection":[{"href":"http:\/\/www.michael-schumacher.es\/noticias-f1\/wp-json\/wp\/v2\/posts"}],"about":[{"href":"http:\/\/www.michael-schumacher.es\/noticias-f1\/wp-json\/wp\/v2\/types\/post"}],"author":[{"embeddable":true,"href":"http:\/\/www.michael-schumacher.es\/noticias-f1\/wp-json\/wp\/v2\/users\/3"}],"replies":[{"embeddable":true,"href":"http:\/\/www.michael-schumacher.es\/noticias-f1\/wp-json\/wp\/v2\/comments?post=8293"}],"version-history":[{"count":0,"href":"http:\/\/www.michael-schumacher.es\/noticias-f1\/wp-json\/wp\/v2\/posts\/8293\/revisions"}],"wp:attachment":[{"href":"http:\/\/www.michael-schumacher.es\/noticias-f1\/wp-json\/wp\/v2\/media?parent=8293"}],"wp:term":[{"taxonomy":"category","embeddable":true,"href":"http:\/\/www.michael-schumacher.es\/noticias-f1\/wp-json\/wp\/v2\/categories?post=8293"},{"taxonomy":"post_tag","embeddable":true,"href":"http:\/\/www.michael-schumacher.es\/noticias-f1\/wp-json\/wp\/v2\/tags?post=8293"}],"curies":[{"name":"wp","href":"https:\/\/api.w.org\/{rel}","templated":true}]}}