{"id":8320,"date":"2013-03-15T15:52:51","date_gmt":"2013-03-15T14:52:51","guid":{"rendered":"http:\/\/www.michael-schumacher.es\/noticias-f1\/?p=8320"},"modified":"2013-03-15T15:52:51","modified_gmt":"2013-03-15T14:52:51","slug":"entrenamientos-gp-de-australia-melbourne-2013-sauber","status":"publish","type":"post","link":"http:\/\/www.michael-schumacher.es\/noticias-f1\/2013\/03\/15\/entrenamientos-gp-de-australia-melbourne-2013-sauber\/","title":{"rendered":"Entrenamientos GP de Australia, Melbourne 2013. Sauber"},"content":{"rendered":"<p><a href=\"http:\/\/www.michael-schumacher.es\/noticias-f1\/wp-content\/uploads\/2013\/03\/nico_hulkenberg_test-bcn-2013_david-sarro.jpg\"><img loading=\"lazy\" class=\"alignleft\" alt=\"Nico Hulkenberg - Test Bcn 2013 - David Sarr\u00f3\" src=\"http:\/\/www.michael-schumacher.es\/noticias-f1\/wp-content\/uploads\/2013\/03\/nico_hulkenberg_test-bcn-2013_david-sarro.jpg\" width=\"200\" height=\"133\" \/><\/a>Sauber se muestra contento con el rendimiento de su monoplaza, aunque deben mejorar el equilibrio para llegar lo mejor preparados posible para clasificaci\u00f3n y carrera.<\/p>\n<p><!--more--> <!--noteaser--><\/p>\n<p><a href=\"http:\/\/www.michael-schumacher.es\/noticias-f1\/wp-content\/uploads\/2013\/03\/nico_hulkenberg_test-bcn-2013_david-sarro.jpg\"><img loading=\"lazy\" class=\"aligncenter size-full wp-image-8249\" alt=\"Nico Hulkenberg - Test Bcn 2013 - David Sarr\u00f3\" src=\"http:\/\/www.michael-schumacher.es\/noticias-f1\/wp-content\/uploads\/2013\/03\/nico_hulkenberg_test-bcn-2013_david-sarro.jpg\" width=\"650\" height=\"433\" srcset=\"http:\/\/www.michael-schumacher.es\/noticias-f1\/wp-content\/uploads\/2013\/03\/nico_hulkenberg_test-bcn-2013_david-sarro.jpg 650w, http:\/\/www.michael-schumacher.es\/noticias-f1\/wp-content\/uploads\/2013\/03\/nico_hulkenberg_test-bcn-2013_david-sarro-300x199.jpg 300w\" sizes=\"(max-width: 650px) 100vw, 650px\" \/><\/a><\/p>\n<p>Sauber se muestra contento con el rendimiento de su monoplaza, aunque deben mejorar el equilibrio para llegar lo mejor preparados posible para clasificaci\u00f3n y carrera.<\/p>\n<p>&nbsp;<\/p>\n<p>Nico Hulkenberg ha finalizado la primera sesi\u00f3n en la posici\u00f3n 12 y la segunda en la posici\u00f3n 10. Aunque considera que fue penalizado por el tr\u00e1fico pero que tiene potencial para mejorar, por lo que espera estar entre los diez primeros en la clasificaci\u00f3n de ma\u00f1ana. \u00a0Esteban Guti\u00e9rrez ha finalizado la primera sesi\u00f3n en posici\u00f3n 16 y la segunda en la 15 posici\u00f3n. Guti\u00e9rrez considera que han tenido un d\u00eda productivo y que pueden mejorar el rendimiento concentr\u00e1ndose en trabajar para la sesi\u00f3n de clasificaci\u00f3n.<\/p>\n<p>&nbsp;<\/p>\n<p><b>Nico Hulkenberg:<\/b> <em>\u201cTuvimos un ajetreado d\u00eda. En el primer d\u00eda siempre hay mucho\u00a0 trabajo por hacer sin duda. Creo que todav\u00eda tenemos muchas decisiones por tomar Tuve una segunda sesi\u00f3n dif\u00edcil como mucho tr\u00e1fico, aunque pod\u00edamos mejora moderadamente el tiempo. Tenemos un mont\u00f3n de datos recogidos para los neum\u00e1ticos, y si hacemos bien nuestros deberes durante la noche, se espera que ma\u00f1ana en la calificaci\u00f3n podamos estar en \u00a0el top ten.\u201d<\/em><\/p>\n<p>&nbsp;<\/p>\n<p><b>Esteban Guti\u00e9rrez:<\/b> <em>\u00abHa sido un d\u00eda productivo. Los neum\u00e1ticos funcionan mejor aqu\u00ed que en Barcelona. En general, creo que todav\u00eda podemos mejorar el rendimiento. He mejorado en la segunda pr\u00e1ctica libre, y ahora nos concentramos en la calificaci\u00f3n de ma\u00f1ana\u201d<\/em><\/p>\n<p>&nbsp;<\/p>\n<p><b>Tom McCullough, ingeniero principal en la pista:<\/b> <em>\u00abEl tiempo era bueno hoy, lo que nos ha permitido probar las dos especificaciones de neum\u00e1ticos y algunas partes de desarrollo. Esteban tuvo en la primera pr\u00e1ctica un peque\u00f1o problema en su coche, que nos cost\u00f3 unas vueltas, pero hemos sido capaces de volver. En general, tenemos trabajo que hacer para mejorar el equilibrio del coche, pero con el rendimiento estamos bastante satisfechos. Ahora tenemos que analizar los datos y asegurarse de que salgamos para la calificaci\u00f3n y la carrera al m\u00e1ximo. \u00ab<\/em><\/p>\n<p>&nbsp;<\/p>\n<p><strong>Imagen:<\/strong> David Sarr\u00f3<\/p>\n<div class=\"sharedaddy sd-sharing-enabled\"><div class=\"robots-nocontent sd-block sd-social sd-social-official sd-sharing\"><h3 class=\"sd-title\">Opciones Sociales:<\/h3><div class=\"sd-content\"><ul><li class=\"share-facebook\"><div class=\"fb-share-button\" data-href=\"http:\/\/www.michael-schumacher.es\/noticias-f1\/2013\/03\/15\/entrenamientos-gp-de-australia-melbourne-2013-sauber\/\" data-layout=\"button_count\"><\/div><\/li><li class=\"share-twitter\"><a href=\"https:\/\/twitter.com\/share\" class=\"twitter-share-button\" data-url=\"http:\/\/www.michael-schumacher.es\/noticias-f1\/2013\/03\/15\/entrenamientos-gp-de-australia-melbourne-2013-sauber\/\" data-text=\"Entrenamientos GP de Australia, Melbourne 2013. Sauber\"  >Tweet<\/a><\/li><li class=\"share-email\"><a rel=\"nofollow noopener noreferrer\" data-shared=\"\" class=\"share-email sd-button\" href=\"http:\/\/www.michael-schumacher.es\/noticias-f1\/2013\/03\/15\/entrenamientos-gp-de-australia-melbourne-2013-sauber\/?share=email\" target=\"_blank\" title=\"Haz clic para enviar por correo electr\u00f3nico a un amigo\"><span>Correo electr\u00f3nico<\/span><\/a><\/li><li class=\"share-end\"><\/li><\/ul><\/div><\/div><\/div>","protected":false},"excerpt":{"rendered":"<p>Sauber se muestra contento con el rendimiento de su monoplaza, aunque deben mejorar el equilibrio para llegar lo mejor preparados posible para clasificaci\u00f3n y carrera.<\/p>\n<div class=\"sharedaddy sd-sharing-enabled\"><div class=\"robots-nocontent sd-block sd-social sd-social-official sd-sharing\"><h3 class=\"sd-title\">Opciones Sociales:<\/h3><div class=\"sd-content\"><ul><li class=\"share-facebook\"><div class=\"fb-share-button\" data-href=\"http:\/\/www.michael-schumacher.es\/noticias-f1\/2013\/03\/15\/entrenamientos-gp-de-australia-melbourne-2013-sauber\/\" data-layout=\"button_count\"><\/div><\/li><li class=\"share-twitter\"><a href=\"https:\/\/twitter.com\/share\" class=\"twitter-share-button\" data-url=\"http:\/\/www.michael-schumacher.es\/noticias-f1\/2013\/03\/15\/entrenamientos-gp-de-australia-melbourne-2013-sauber\/\" data-text=\"Entrenamientos GP de Australia, Melbourne 2013. Sauber\"  >Tweet<\/a><\/li><li class=\"share-email\"><a rel=\"nofollow noopener noreferrer\" data-shared=\"\" class=\"share-email sd-button\" href=\"http:\/\/www.michael-schumacher.es\/noticias-f1\/2013\/03\/15\/entrenamientos-gp-de-australia-melbourne-2013-sauber\/?share=email\" target=\"_blank\" title=\"Haz clic para enviar por correo electr\u00f3nico a un amigo\"><span>Correo electr\u00f3nico<\/span><\/a><\/li><li class=\"share-end\"><\/li><\/ul><\/div><\/div><\/div>","protected":false},"author":3,"featured_media":0,"comment_status":"open","ping_status":"open","sticky":false,"template":"","format":"standard","meta":{"_monsterinsights_skip_tracking":false,"_monsterinsights_sitenote_active":false,"_monsterinsights_sitenote_note":"","_monsterinsights_sitenote_category":0,"spay_email":"","jetpack_publicize_message":"","jetpack_is_tweetstorm":false,"jetpack_publicize_feature_enabled":true},"categories":[67,3],"tags":[373,2838,131,393,1751,17,15,6,8,2059,112,2837,111,86,238],"jetpack_featured_media_url":"","jetpack_publicize_connections":[],"jetpack_sharing_enabled":true,"jetpack_shortlink":"https:\/\/wp.me\/p27q3P-2ac","_links":{"self":[{"href":"http:\/\/www.michael-schumacher.es\/noticias-f1\/wp-json\/wp\/v2\/posts\/8320"}],"collection":[{"href":"http:\/\/www.michael-schumacher.es\/noticias-f1\/wp-json\/wp\/v2\/posts"}],"about":[{"href":"http:\/\/www.michael-schumacher.es\/noticias-f1\/wp-json\/wp\/v2\/types\/post"}],"author":[{"embeddable":true,"href":"http:\/\/www.michael-schumacher.es\/noticias-f1\/wp-json\/wp\/v2\/users\/3"}],"replies":[{"embeddable":true,"href":"http:\/\/www.michael-schumacher.es\/noticias-f1\/wp-json\/wp\/v2\/comments?post=8320"}],"version-history":[{"count":0,"href":"http:\/\/www.michael-schumacher.es\/noticias-f1\/wp-json\/wp\/v2\/posts\/8320\/revisions"}],"wp:attachment":[{"href":"http:\/\/www.michael-schumacher.es\/noticias-f1\/wp-json\/wp\/v2\/media?parent=8320"}],"wp:term":[{"taxonomy":"category","embeddable":true,"href":"http:\/\/www.michael-schumacher.es\/noticias-f1\/wp-json\/wp\/v2\/categories?post=8320"},{"taxonomy":"post_tag","embeddable":true,"href":"http:\/\/www.michael-schumacher.es\/noticias-f1\/wp-json\/wp\/v2\/tags?post=8320"}],"curies":[{"name":"wp","href":"https:\/\/api.w.org\/{rel}","templated":true}]}}