{"id":8326,"date":"2013-03-15T19:25:43","date_gmt":"2013-03-15T18:25:43","guid":{"rendered":"http:\/\/www.michael-schumacher.es\/noticias-f1\/?p=8326"},"modified":"2013-03-15T20:02:40","modified_gmt":"2013-03-15T19:02:40","slug":"entrenamientos-gp-de-australia-melbourne-2013-sahara-force-india","status":"publish","type":"post","link":"http:\/\/www.michael-schumacher.es\/noticias-f1\/2013\/03\/15\/entrenamientos-gp-de-australia-melbourne-2013-sahara-force-india\/","title":{"rendered":"Entrenamientos GP de Australia, Melbourne 2013. Sahara Force India"},"content":{"rendered":"<p><a href=\"http:\/\/www.michael-schumacher.es\/noticias-f1\/wp-content\/uploads\/2013\/03\/adrian_sutil_test-bcn-2013_david-sarro.jpg\"><img loading=\"lazy\" class=\"alignleft\" alt=\"Adrian Sutil - Test Bcn 2013 - David Sarr\u00f3\" src=\"http:\/\/www.michael-schumacher.es\/noticias-f1\/wp-content\/uploads\/2013\/03\/adrian_sutil_test-bcn-2013_david-sarro.jpg\" width=\"200\" height=\"133\" \/><\/a>Ha sido un d\u00eda de mucho trabajo positivo para el equipo Force India, que solo han tenido un problema con el suelo del coche de Paul. Pero ambos pilotos \u00a0Adrian Sutil y Paul Di Resta han logrado completar sus programas de entrenamientos libres de hoy en Albert Park.<\/p>\n<p><!--more--> <!--noteaser--><\/p>\n<p><a href=\"http:\/\/www.michael-schumacher.es\/noticias-f1\/wp-content\/uploads\/2013\/03\/adrian_sutil_test-bcn-2013_david-sarro.jpg\"><img loading=\"lazy\" class=\"aligncenter size-full wp-image-8278\" alt=\"Adrian Sutil - Test Bcn 2013 - David Sarr\u00f3\" src=\"http:\/\/www.michael-schumacher.es\/noticias-f1\/wp-content\/uploads\/2013\/03\/adrian_sutil_test-bcn-2013_david-sarro.jpg\" width=\"650\" height=\"433\" srcset=\"http:\/\/www.michael-schumacher.es\/noticias-f1\/wp-content\/uploads\/2013\/03\/adrian_sutil_test-bcn-2013_david-sarro.jpg 650w, http:\/\/www.michael-schumacher.es\/noticias-f1\/wp-content\/uploads\/2013\/03\/adrian_sutil_test-bcn-2013_david-sarro-300x199.jpg 300w\" sizes=\"(max-width: 650px) 100vw, 650px\" \/><\/a><\/p>\n<p>Ha sido un d\u00eda de mucho trabajo positivo para el equipo Force India, que solo han tenido un problema con el suelo del coche de Paul. Pero ambos pilotos \u00a0Adrian Sutil y Paul Di Resta han logrado completar sus programas de entrenamientos libres de hoy en Albert Park.<\/p>\n<p>&nbsp;<\/p>\n<p>Paul Di Resta ha finalizado la primera sesi\u00f3n en la posici\u00f3n 13 y la segunda en la posici\u00f3n 12, aunque con el da\u00f1o de su suelo no ha podido juzgar su rendimiento real en la segunda sesi\u00f3n, por lo que esta noche tendr\u00e1n trabajo de estudio de datos para estar preparados para la clasificaci\u00f3n. Adrian Sutil ha finalizado la primera sesi\u00f3n en posici\u00f3n 8 y la segunda sesi\u00f3n en posici\u00f3n 9, se ha sentido c\u00f3modo con el coche y el reencuentro con sus ingenieros, esta noche trabajaran para mejorar el equilibrio con los super-blandos.<\/p>\n<p>&nbsp;<\/p>\n<p><b>Paul Di Resta:<\/b> <em>\u00abNo ha sido un d\u00eda f\u00e1cil porque ten\u00eda un problema de equilibrio con el coche en la segunda sesi\u00f3n. Parece que ten\u00eda alg\u00fan da\u00f1o, por lo que no era f\u00e1cil de medir exactamente d\u00f3nde estamos. Dado que es probable que sea ma\u00f1ana h\u00famedo, era crucial para obtener toda la informaci\u00f3n de neum\u00e1ticos que necesit\u00e1bamos hoy. Hay una diferencia notable entre los dos compuestos, pero es dif\u00edcil decir mucho m\u00e1s hasta que hayamos estudiado todos los datos.\u00bb<\/em><\/p>\n<p>&nbsp;<\/p>\n<p><b>Adrian Sutil:<\/b> <em>\u00abHa sido un d\u00eda muy bueno y me siento satisfecho. La l\u00ednea base de configuraci\u00f3n no estaba muy lejos de lo que necesit\u00e1bamos, y el coche se sent\u00eda muy similar a la forma en que se realiz\u00f3 en Barcelona en la prueba final. Tuve una buena sensaci\u00f3n durante todo el d\u00eda y un placer trabajar con mis ingenieros, que ya conozco muy bien. El tema es, obviamente, evolucionar y mejorar, pero nos dieron una buena idea de los neum\u00e1ticos. El objetivo principal de esta noche es trabajar en mejorar el equilibrio en los super-blandos\u00bb.<\/em><\/p>\n<p>&nbsp;<\/p>\n<p><b>Jakob Andreasen, Ingeniero Jefe:<\/b><em> \u00abUn d\u00eda normal de entrenamientos del viernes para comenzar la temporada. Los coches est\u00e1n funcionando bien y hemos sido capaces de continuar donde lo dejamos en la prueba de Barcelona. Adrian se acomod\u00f3 en la rutina sin problemas y se abri\u00f3 camino de manera constante a trav\u00e9s del programa. El \u00fanico problema \u00a0del d\u00eda fue un poco de da\u00f1o en el suelo del coche de Paul, que no hemos podido solucionar, por lo que comprometi\u00f3 el rendimiento de su coche esta tarde. En general estamos bien preparados entrar en el fin de semana y posiblemente anticiparnos a un clima h\u00famedo de ma\u00f1ana\u00bb.<\/em><\/p>\n<div class=\"sharedaddy sd-sharing-enabled\"><div class=\"robots-nocontent sd-block sd-social sd-social-official sd-sharing\"><h3 class=\"sd-title\">Opciones Sociales:<\/h3><div class=\"sd-content\"><ul><li class=\"share-facebook\"><div class=\"fb-share-button\" data-href=\"http:\/\/www.michael-schumacher.es\/noticias-f1\/2013\/03\/15\/entrenamientos-gp-de-australia-melbourne-2013-sahara-force-india\/\" data-layout=\"button_count\"><\/div><\/li><li class=\"share-twitter\"><a href=\"https:\/\/twitter.com\/share\" class=\"twitter-share-button\" data-url=\"http:\/\/www.michael-schumacher.es\/noticias-f1\/2013\/03\/15\/entrenamientos-gp-de-australia-melbourne-2013-sahara-force-india\/\" data-text=\"Entrenamientos GP de Australia, Melbourne 2013. Sahara Force India\"  >Tweet<\/a><\/li><li class=\"share-email\"><a rel=\"nofollow noopener noreferrer\" data-shared=\"\" class=\"share-email sd-button\" href=\"http:\/\/www.michael-schumacher.es\/noticias-f1\/2013\/03\/15\/entrenamientos-gp-de-australia-melbourne-2013-sahara-force-india\/?share=email\" target=\"_blank\" title=\"Haz clic para enviar por correo electr\u00f3nico a un amigo\"><span>Correo electr\u00f3nico<\/span><\/a><\/li><li class=\"share-end\"><\/li><\/ul><\/div><\/div><\/div>","protected":false},"excerpt":{"rendered":"<p>Ha sido un d\u00eda de mucho trabajo positivo para el equipo Force India, que solo han tenido un problema con el suelo del coche de Paul. Pero ambos pilotos \u00a0Adrian Sutil y Paul Di Resta han logrado completar sus programas de entrenamientos libres de hoy en Albert Park.<\/p>\n<div class=\"sharedaddy sd-sharing-enabled\"><div class=\"robots-nocontent sd-block sd-social sd-social-official sd-sharing\"><h3 class=\"sd-title\">Opciones Sociales:<\/h3><div class=\"sd-content\"><ul><li class=\"share-facebook\"><div class=\"fb-share-button\" data-href=\"http:\/\/www.michael-schumacher.es\/noticias-f1\/2013\/03\/15\/entrenamientos-gp-de-australia-melbourne-2013-sahara-force-india\/\" data-layout=\"button_count\"><\/div><\/li><li class=\"share-twitter\"><a href=\"https:\/\/twitter.com\/share\" class=\"twitter-share-button\" data-url=\"http:\/\/www.michael-schumacher.es\/noticias-f1\/2013\/03\/15\/entrenamientos-gp-de-australia-melbourne-2013-sahara-force-india\/\" data-text=\"Entrenamientos GP de Australia, Melbourne 2013. Sahara Force India\"  >Tweet<\/a><\/li><li class=\"share-email\"><a rel=\"nofollow noopener noreferrer\" data-shared=\"\" class=\"share-email sd-button\" href=\"http:\/\/www.michael-schumacher.es\/noticias-f1\/2013\/03\/15\/entrenamientos-gp-de-australia-melbourne-2013-sahara-force-india\/?share=email\" target=\"_blank\" title=\"Haz clic para enviar por correo electr\u00f3nico a un amigo\"><span>Correo electr\u00f3nico<\/span><\/a><\/li><li class=\"share-end\"><\/li><\/ul><\/div><\/div><\/div>","protected":false},"author":3,"featured_media":0,"comment_status":"open","ping_status":"open","sticky":false,"template":"","format":"standard","meta":{"_monsterinsights_skip_tracking":false,"_monsterinsights_sitenote_active":false,"_monsterinsights_sitenote_note":"","_monsterinsights_sitenote_category":0,"spay_email":"","jetpack_publicize_message":"","jetpack_is_tweetstorm":false,"jetpack_publicize_feature_enabled":true},"categories":[67,3],"tags":[373,732,2838,110,131,393,17,126,15,6,8,1697,2837,109,733,238,113],"jetpack_featured_media_url":"","jetpack_publicize_connections":[],"jetpack_sharing_enabled":true,"jetpack_shortlink":"https:\/\/wp.me\/p27q3P-2ai","_links":{"self":[{"href":"http:\/\/www.michael-schumacher.es\/noticias-f1\/wp-json\/wp\/v2\/posts\/8326"}],"collection":[{"href":"http:\/\/www.michael-schumacher.es\/noticias-f1\/wp-json\/wp\/v2\/posts"}],"about":[{"href":"http:\/\/www.michael-schumacher.es\/noticias-f1\/wp-json\/wp\/v2\/types\/post"}],"author":[{"embeddable":true,"href":"http:\/\/www.michael-schumacher.es\/noticias-f1\/wp-json\/wp\/v2\/users\/3"}],"replies":[{"embeddable":true,"href":"http:\/\/www.michael-schumacher.es\/noticias-f1\/wp-json\/wp\/v2\/comments?post=8326"}],"version-history":[{"count":0,"href":"http:\/\/www.michael-schumacher.es\/noticias-f1\/wp-json\/wp\/v2\/posts\/8326\/revisions"}],"wp:attachment":[{"href":"http:\/\/www.michael-schumacher.es\/noticias-f1\/wp-json\/wp\/v2\/media?parent=8326"}],"wp:term":[{"taxonomy":"category","embeddable":true,"href":"http:\/\/www.michael-schumacher.es\/noticias-f1\/wp-json\/wp\/v2\/categories?post=8326"},{"taxonomy":"post_tag","embeddable":true,"href":"http:\/\/www.michael-schumacher.es\/noticias-f1\/wp-json\/wp\/v2\/tags?post=8326"}],"curies":[{"name":"wp","href":"https:\/\/api.w.org\/{rel}","templated":true}]}}