{"id":8518,"date":"2013-03-22T19:03:46","date_gmt":"2013-03-22T18:03:46","guid":{"rendered":"http:\/\/www.michael-schumacher.es\/noticias-f1\/?p=8518"},"modified":"2013-03-22T19:03:46","modified_gmt":"2013-03-22T18:03:46","slug":"entrenamientos-gp-de-malasia-sepang-2013-marussia","status":"publish","type":"post","link":"http:\/\/www.michael-schumacher.es\/noticias-f1\/2013\/03\/22\/entrenamientos-gp-de-malasia-sepang-2013-marussia\/","title":{"rendered":"Entrenamientos GP de Malasia, Sepang 2013. Marussia"},"content":{"rendered":"<p><a href=\"http:\/\/www.michael-schumacher.es\/noticias-f1\/wp-content\/uploads\/2013\/03\/jules_bianchi_test-bcn-2013_david-sarro.jpg\"><img loading=\"lazy\" class=\"alignleft\" alt=\"Jules Bianchi  - Test Bcn 2013 - David Sarr\u00f3\" src=\"http:\/\/www.michael-schumacher.es\/noticias-f1\/wp-content\/uploads\/2013\/03\/jules_bianchi_test-bcn-2013_david-sarro.jpg\" width=\"200\" height=\"133\" \/><\/a>El equipo Marussia tuvo un intenso trabajo para arriba y abajo de la calle de boxes, con los problemas de desgaste de neum\u00e1ticos que aquejan a los equipos. El equipo hizo algunos cambios mec\u00e1nicos para intentar compensar los problemas de gesti\u00f3n de los neum\u00e1ticos y la segunda sesi\u00f3n fue mejor, Marussia piensa que los tiempos en la tabla no corresponden con su verdadero rendimiento, y que tienen una informaci\u00f3n muy \u00fatil para preparar el resto del fin de semana.<\/p>\n<p><!--more--> <!--noteaser--><\/p>\n<p><a href=\"http:\/\/www.michael-schumacher.es\/noticias-f1\/wp-content\/uploads\/2013\/03\/jules_bianchi_test-bcn-2013_david-sarro.jpg\"><img loading=\"lazy\" class=\"aligncenter size-full wp-image-8228\" alt=\"Jules Bianchi  - Test Bcn 2013 - David Sarr\u00f3\" src=\"http:\/\/www.michael-schumacher.es\/noticias-f1\/wp-content\/uploads\/2013\/03\/jules_bianchi_test-bcn-2013_david-sarro.jpg\" width=\"650\" height=\"433\" srcset=\"http:\/\/www.michael-schumacher.es\/noticias-f1\/wp-content\/uploads\/2013\/03\/jules_bianchi_test-bcn-2013_david-sarro.jpg 650w, http:\/\/www.michael-schumacher.es\/noticias-f1\/wp-content\/uploads\/2013\/03\/jules_bianchi_test-bcn-2013_david-sarro-300x199.jpg 300w\" sizes=\"(max-width: 650px) 100vw, 650px\" \/><\/a><\/p>\n<p>El equipo Marussia tuvo un intenso trabajo para arriba y abajo de la calle de boxes, con los problemas de desgaste de neum\u00e1ticos que aquejan a los equipos. El equipo hizo algunos cambios mec\u00e1nicos para intentar compensar los problemas de gesti\u00f3n de los neum\u00e1ticos y la segunda sesi\u00f3n fue mejor, Marussia piensa que los tiempos en la tabla no corresponden con su verdadero rendimiento, y que tienen una informaci\u00f3n muy \u00fatil para preparar el resto del fin de semana.<\/p>\n<p>&nbsp;<\/p>\n<p>Jules Bianchi, que nunca ha corrido en Sepang, se siente satisfecho por su trabajo de hoy, ha finalizado la primera sesi\u00f3n en posici\u00f3n 20 y la segunda en 18 y espera con inter\u00e9s la calificaci\u00f3n y la carrera. Max Chilton, vio dificultada su jornada de hoy \u00a0por problemas con los neum\u00e1ticos traseros desgaste y solamente logro acabar sus dos sesiones en posici\u00f3n 22, pero considera que est\u00e1n progresando y espera con inter\u00e9s el resto del fin de semana<\/p>\n<p>&nbsp;<\/p>\n<p><b>Jules Bianchi:<\/b> <em>\u00abEstoy contento con el trabajo que hemos podido completar hoy, pero siempre es dif\u00edcil poner fin a un viernes sin una idea clara de d\u00f3nde estamos y todav\u00eda hay muchas variables a tener en cuenta. Estoy satisfecho con mi actuaci\u00f3n de hoy, y nos parece estar haciendo progresos en la puesta a punto que necesitamos aqu\u00ed. Esta es s\u00f3lo una de esas carreras y circuitos, \u00a0es lo mismo para todos los equipos. Es mi primera vez aqu\u00ed y estoy contento con la forma en que me he aclimatado a la pista. Ahora tenemos que ver lo que el resto del fin de semana nos depara. Puede ser frustrante, puede ser emocionante. Vamos a ver\u00bb.<\/em><\/p>\n<p>&nbsp;<\/p>\n<p><b>Max Chilton:<\/b> <em>\u00abHoy no ha sido el m\u00e1s sencillo de los d\u00edas, pero s\u00e9 por experiencia que este circuito presenta una variedad de desaf\u00edos, por lo que no es del todo inesperado. Hemos tenido nuestras frustraciones en unas pocas \u00e1reas, pero hemos hecho algunos progresos y completado algunas buenas carreras, por desgracia, no con los opcionales. Estoy deseando ver c\u00f3mo el resto del fin de semana toma forma. La lluvia parece que va a jugar su parte, esto parece claro. El resto es un poco abierto en este momento, as\u00ed que creo que veremos una clasificaci\u00f3n y carrera interesantes.\u00bb<\/em><\/p>\n<p>&nbsp;<\/p>\n<p><b>John Booth, jefe de equipo:<\/b> <em>\u00abHa sido un d\u00eda interesante para arriba y abajo de la calle de boxes, con el desgaste de los neum\u00e1ticos y el clima que jug\u00f3 un papel en las dos sesiones. En FP1 tuvimos una buena sesi\u00f3n para ver algunas mediciones aerodin\u00e1micas y componentes de escape, que ha ido bien, y pudimos correr en FP2 con los nuevos desarrollos de ambos coches. Qued\u00f3 claro tras la primera sesi\u00f3n que el desgaste del neum\u00e1tico trasero era bastante significativo, sin embargo, al efectuar algunos cambios reglajes para hacer frente a esto y FP2 en la situaci\u00f3n parece haber disminuido. Max experiment\u00f3 una deslaminaci\u00f3n en uno de sus neum\u00e1ticos traseros durante su funcionamiento, lo que dificultaba su sesi\u00f3n de manera significativa, por desgracia, lo que significa que no pudo salir en el per\u00edodo seco, con los neum\u00e1ticos blandos. Hemos hecho el mejor uso de las condiciones de humedad en el extremo con el fin de dar los dos pilotos m\u00e1s experiencia de la carrera desde h\u00famedo a seco y el cambio de neum\u00e1tico que esto requiere. En fin, un d\u00eda en el que la tabla de tiempos no habla mucho acerca de d\u00f3nde estamos, pero una gran cantidad de informaci\u00f3n muy \u00fatil en las manos para lo que viene este fin de semana. \u00ab<\/em><\/p>\n<p>&nbsp;<\/p>\n<p><strong>Imagen:<\/strong> David Sarr\u00f3<\/p>\n<div class=\"sharedaddy sd-sharing-enabled\"><div class=\"robots-nocontent sd-block sd-social sd-social-official sd-sharing\"><h3 class=\"sd-title\">Opciones Sociales:<\/h3><div class=\"sd-content\"><ul><li class=\"share-facebook\"><div class=\"fb-share-button\" data-href=\"http:\/\/www.michael-schumacher.es\/noticias-f1\/2013\/03\/22\/entrenamientos-gp-de-malasia-sepang-2013-marussia\/\" data-layout=\"button_count\"><\/div><\/li><li class=\"share-twitter\"><a href=\"https:\/\/twitter.com\/share\" class=\"twitter-share-button\" data-url=\"http:\/\/www.michael-schumacher.es\/noticias-f1\/2013\/03\/22\/entrenamientos-gp-de-malasia-sepang-2013-marussia\/\" data-text=\"Entrenamientos GP de Malasia, Sepang 2013. Marussia\"  >Tweet<\/a><\/li><li class=\"share-email\"><a rel=\"nofollow noopener noreferrer\" data-shared=\"\" class=\"share-email sd-button\" href=\"http:\/\/www.michael-schumacher.es\/noticias-f1\/2013\/03\/22\/entrenamientos-gp-de-malasia-sepang-2013-marussia\/?share=email\" target=\"_blank\" title=\"Haz clic para enviar por correo electr\u00f3nico a un amigo\"><span>Correo electr\u00f3nico<\/span><\/a><\/li><li class=\"share-end\"><\/li><\/ul><\/div><\/div><\/div>","protected":false},"excerpt":{"rendered":"<p>El equipo Marussia tuvo un intenso trabajo para arriba y abajo de la calle de boxes, con los problemas de desgaste de neum\u00e1ticos que aquejan a los equipos. El equipo hizo algunos cambios mec\u00e1nicos para intentar compensar los problemas de gesti\u00f3n de los neum\u00e1ticos y la segunda sesi\u00f3n fue mejor, Marussia piensa que los tiempos [&hellip;]<\/p>\n<div class=\"sharedaddy sd-sharing-enabled\"><div class=\"robots-nocontent sd-block sd-social sd-social-official sd-sharing\"><h3 class=\"sd-title\">Opciones Sociales:<\/h3><div class=\"sd-content\"><ul><li class=\"share-facebook\"><div class=\"fb-share-button\" data-href=\"http:\/\/www.michael-schumacher.es\/noticias-f1\/2013\/03\/22\/entrenamientos-gp-de-malasia-sepang-2013-marussia\/\" data-layout=\"button_count\"><\/div><\/li><li class=\"share-twitter\"><a href=\"https:\/\/twitter.com\/share\" class=\"twitter-share-button\" data-url=\"http:\/\/www.michael-schumacher.es\/noticias-f1\/2013\/03\/22\/entrenamientos-gp-de-malasia-sepang-2013-marussia\/\" data-text=\"Entrenamientos GP de Malasia, Sepang 2013. Marussia\"  >Tweet<\/a><\/li><li class=\"share-email\"><a rel=\"nofollow noopener noreferrer\" data-shared=\"\" class=\"share-email sd-button\" href=\"http:\/\/www.michael-schumacher.es\/noticias-f1\/2013\/03\/22\/entrenamientos-gp-de-malasia-sepang-2013-marussia\/?share=email\" target=\"_blank\" title=\"Haz clic para enviar por correo electr\u00f3nico a un amigo\"><span>Correo electr\u00f3nico<\/span><\/a><\/li><li class=\"share-end\"><\/li><\/ul><\/div><\/div><\/div>","protected":false},"author":3,"featured_media":0,"comment_status":"open","ping_status":"open","sticky":false,"template":"","format":"standard","meta":{"_monsterinsights_skip_tracking":false,"_monsterinsights_sitenote_active":false,"_monsterinsights_sitenote_note":"","_monsterinsights_sitenote_category":0,"spay_email":"","jetpack_publicize_message":"","jetpack_is_tweetstorm":false,"jetpack_publicize_feature_enabled":true},"categories":[67,3],"tags":[373,1300,2346,131,393,17,15,6,8,120,397,63,139,2345,455,2839,238],"jetpack_featured_media_url":"","jetpack_publicize_connections":[],"jetpack_sharing_enabled":true,"jetpack_shortlink":"https:\/\/wp.me\/p27q3P-2do","_links":{"self":[{"href":"http:\/\/www.michael-schumacher.es\/noticias-f1\/wp-json\/wp\/v2\/posts\/8518"}],"collection":[{"href":"http:\/\/www.michael-schumacher.es\/noticias-f1\/wp-json\/wp\/v2\/posts"}],"about":[{"href":"http:\/\/www.michael-schumacher.es\/noticias-f1\/wp-json\/wp\/v2\/types\/post"}],"author":[{"embeddable":true,"href":"http:\/\/www.michael-schumacher.es\/noticias-f1\/wp-json\/wp\/v2\/users\/3"}],"replies":[{"embeddable":true,"href":"http:\/\/www.michael-schumacher.es\/noticias-f1\/wp-json\/wp\/v2\/comments?post=8518"}],"version-history":[{"count":0,"href":"http:\/\/www.michael-schumacher.es\/noticias-f1\/wp-json\/wp\/v2\/posts\/8518\/revisions"}],"wp:attachment":[{"href":"http:\/\/www.michael-schumacher.es\/noticias-f1\/wp-json\/wp\/v2\/media?parent=8518"}],"wp:term":[{"taxonomy":"category","embeddable":true,"href":"http:\/\/www.michael-schumacher.es\/noticias-f1\/wp-json\/wp\/v2\/categories?post=8518"},{"taxonomy":"post_tag","embeddable":true,"href":"http:\/\/www.michael-schumacher.es\/noticias-f1\/wp-json\/wp\/v2\/tags?post=8518"}],"curies":[{"name":"wp","href":"https:\/\/api.w.org\/{rel}","templated":true}]}}