{"id":8616,"date":"2013-03-24T21:32:54","date_gmt":"2013-03-24T20:32:54","guid":{"rendered":"http:\/\/www.michael-schumacher.es\/noticias-f1\/?p=8616"},"modified":"2013-03-24T21:32:54","modified_gmt":"2013-03-24T20:32:54","slug":"balance-gp-de-malasia-sepang-2013-toro-rosso","status":"publish","type":"post","link":"http:\/\/www.michael-schumacher.es\/noticias-f1\/2013\/03\/24\/balance-gp-de-malasia-sepang-2013-toro-rosso\/","title":{"rendered":"Balance GP de Malasia, Sepang 2013. Toro Rosso"},"content":{"rendered":"<p><a href=\"http:\/\/www.michael-schumacher.es\/noticias-f1\/wp-content\/uploads\/2013\/03\/jean-eric_vergne_test-bcn-2013_david-sarro.jpg\"><img loading=\"lazy\" class=\"alignleft\" alt=\"Jean-Eric Vergne - Test Bcn 2013 David Sarr\u00f3\" src=\"http:\/\/www.michael-schumacher.es\/noticias-f1\/wp-content\/uploads\/2013\/03\/jean-eric_vergne_test-bcn-2013_david-sarro.jpg\" width=\"200\" height=\"133\" \/><\/a>Toro Rosso ha tenido un fin de semana complicado en el circuito de Sepang, sin embargo a pesar de las dificultades han conseguido terminar con uno de sus coches en la zona de puntos.<\/p>\n<p><!--more--> <!--noteaser--><\/p>\n<p><a href=\"http:\/\/www.michael-schumacher.es\/noticias-f1\/wp-content\/uploads\/2013\/03\/jean-eric_vergne_test-bcn-2013_david-sarro.jpg\"><img loading=\"lazy\" class=\"aligncenter size-full wp-image-8335\" alt=\"Jean-Eric Vergne - Test Bcn 2013 David Sarr\u00f3\" src=\"http:\/\/www.michael-schumacher.es\/noticias-f1\/wp-content\/uploads\/2013\/03\/jean-eric_vergne_test-bcn-2013_david-sarro.jpg\" width=\"650\" height=\"433\" srcset=\"http:\/\/www.michael-schumacher.es\/noticias-f1\/wp-content\/uploads\/2013\/03\/jean-eric_vergne_test-bcn-2013_david-sarro.jpg 650w, http:\/\/www.michael-schumacher.es\/noticias-f1\/wp-content\/uploads\/2013\/03\/jean-eric_vergne_test-bcn-2013_david-sarro-300x199.jpg 300w\" sizes=\"(max-width: 650px) 100vw, 650px\" \/><\/a><\/p>\n<p>Toro Rosso ha tenido un fin de semana complicado en el circuito de Sepang, sin embargo a pesar de las dificultades han conseguido terminar con uno de sus coches en la zona de puntos.<\/p>\n<p>&nbsp;<\/p>\n<p>Los problemas de Toro Rosso comenzaron incluso antes del inicio de la carrera, ya que Daniel Ricciardo tuvo una salida de pista que da\u00f1o el fondo de su monoplaza, algo que afecto posteriormente a su rendimiento y que hizo finalmente el equipo decidiera en los compases finales retirarle de la carrera. Jean-Eric Vergne realizo una solida carrera que le permiti\u00f3 alcanzar la d\u00e9cima posici\u00f3n, aunque tambi\u00e9n perdi\u00f3 tiempo de carrera debido a una de las salidas de la parada, donde al salir impacto con un Caterham, obligando a empujar su coche hasta la zona de parada y sustituir el aler\u00f3n delantero.<\/p>\n<p>&nbsp;<\/p>\n<p><b>Jean-Eric Vergne:<\/b> <i>\u00abEs bueno terminar en los puntos, pero es una pena que un error en los pits nos cost\u00f3 mucho, ya que lo podr\u00eda haber hecho algo mejor. As\u00ed que, en general, me siento un poco frustrado. Pero me quedo con el punto contento. Despu\u00e9s de estas dos primeras carreras, ahora tenemos un breve descanso antes de volver a competir \u00a0\u00a0y debemos utilizar ese tiempo para echar un vistazo a c\u00f3mo rendimos y en el que podemos hacerlo mejor, porque sin duda hay mucho margen de mejora, ya que en estas dos carreras se han perdido oportunidades. En el lado positivo, tambi\u00e9n hoy, una vez que superamos los problemas tuve un buen ritmo de carrera y logr\u00e9 ganar un mont\u00f3n de posiciones. \u00ab<\/i><\/p>\n<p>&nbsp;<\/p>\n<p><b>Daniel Ricciardo:<i> <\/i><\/b><i>\u00abHe comprometido mi carrera, incluso antes de la salida, cuando las condiciones eran muy resbaladizas, con aquaplaning en la curva 3. Me las arregl\u00e9 para seguir adelante, pero me fui por la grava muy r\u00e1pido y se da\u00f1o el suelo. Eso probablemente fue importante en mi problema al final. He hecho una salida razonable y gane por unas pocas posiciones y estaba muy satisfecho con el primer par de vueltas. Pero yo no ten\u00eda el ritmo para mantener los Lotus detr\u00e1s de m\u00ed y permanecer en el top ten, a pesar de que el cambio a neum\u00e1ticos de seco fue muy oportuno. Como he dicho, creo que el da\u00f1o en la vuelta de formaci\u00f3n afect\u00f3 mi rendimiento general durante toda la carrera. <\/i><i>\u00ab<\/i><\/p>\n<p>&nbsp;<\/p>\n<p><b>Franz Tost:<\/b> <i>\u00abUna carrera llena de acontecimientos en la pista comenzando con intermedios. Controlamos \u00a0nuestro cambio a slicks bien en ambos coches y Daniel gan\u00f3 algunas posiciones de inmediato. La batalla en el mediocampo fue muy fuerte y tuvimos un coche en la parte delantera, Daniel, y uno en la parte posterior de este grupo, Jev. Por desgracia, tuvimos una mal lanzamiento de la parada en boxes Jev y choc\u00f3 con un Caterham que nos cost\u00f3 un mont\u00f3n de tiempo, ya que tuvimos que tirar de \u00e9l para colocar un nuevo aleron. Los comisarios nos han multado por una salida peligrosa de la parada en boxes y estamos de acuerdo con su decisi\u00f3n. Despu\u00e9s de eso, Jev hizo un buen trabajo para luchar y entrar en los puntos por delante de ese grupo del centro, lo cual es todo un logro en una pista seca. El hecho de nuestro ritmo de carrera ha sido satisfactorio fue el punto m\u00e1s positivo de la carrera. En el caso de Daniel, se fue en la vuelta de preparaci\u00f3n y corri\u00f3 con el fondo da\u00f1ado, por lo que teniendo eso en cuenta y c\u00f3mo afect\u00f3 a su coche, su desempe\u00f1o en esas circunstancias tambi\u00e9n fue positivo. Por desgracia, tuvimos un problema de escape de su coche en las \u00faltimas vueltas y se decidi\u00f3 que era mejor que volviera a boxes. En general, nuestro rendimiento de carrera fue bueno, pero somos demasiado lentos en la calificaci\u00f3n. Tenemos que encontrar una forma de mejorar los s\u00e1bados por la tarde, ya \u00a0que nos dar\u00e1 una mejor salida de los domingos. <\/i><i>\u00ab<\/i><\/p>\n<p>&nbsp;<\/p>\n<p><strong>Imagen:<\/strong> David Sarr\u00f3<\/p>\n<div class=\"sharedaddy sd-sharing-enabled\"><div class=\"robots-nocontent sd-block sd-social sd-social-official sd-sharing\"><h3 class=\"sd-title\">Opciones Sociales:<\/h3><div class=\"sd-content\"><ul><li class=\"share-facebook\"><div class=\"fb-share-button\" data-href=\"http:\/\/www.michael-schumacher.es\/noticias-f1\/2013\/03\/24\/balance-gp-de-malasia-sepang-2013-toro-rosso\/\" data-layout=\"button_count\"><\/div><\/li><li class=\"share-twitter\"><a href=\"https:\/\/twitter.com\/share\" class=\"twitter-share-button\" data-url=\"http:\/\/www.michael-schumacher.es\/noticias-f1\/2013\/03\/24\/balance-gp-de-malasia-sepang-2013-toro-rosso\/\" data-text=\"Balance GP de Malasia, Sepang 2013. Toro Rosso\"  >Tweet<\/a><\/li><li class=\"share-email\"><a rel=\"nofollow noopener noreferrer\" data-shared=\"\" class=\"share-email sd-button\" href=\"http:\/\/www.michael-schumacher.es\/noticias-f1\/2013\/03\/24\/balance-gp-de-malasia-sepang-2013-toro-rosso\/?share=email\" target=\"_blank\" title=\"Haz clic para enviar por correo electr\u00f3nico a un amigo\"><span>Correo electr\u00f3nico<\/span><\/a><\/li><li class=\"share-end\"><\/li><\/ul><\/div><\/div><\/div>","protected":false},"excerpt":{"rendered":"<p>Toro Rosso ha tenido un fin de semana complicado en el circuito de Sepang, sin embargo a pesar de las dificultades han conseguido terminar con uno de sus coches en la zona de puntos.<\/p>\n<div class=\"sharedaddy sd-sharing-enabled\"><div class=\"robots-nocontent sd-block sd-social sd-social-official sd-sharing\"><h3 class=\"sd-title\">Opciones Sociales:<\/h3><div class=\"sd-content\"><ul><li class=\"share-facebook\"><div class=\"fb-share-button\" data-href=\"http:\/\/www.michael-schumacher.es\/noticias-f1\/2013\/03\/24\/balance-gp-de-malasia-sepang-2013-toro-rosso\/\" data-layout=\"button_count\"><\/div><\/li><li class=\"share-twitter\"><a href=\"https:\/\/twitter.com\/share\" class=\"twitter-share-button\" data-url=\"http:\/\/www.michael-schumacher.es\/noticias-f1\/2013\/03\/24\/balance-gp-de-malasia-sepang-2013-toro-rosso\/\" data-text=\"Balance GP de Malasia, Sepang 2013. Toro Rosso\"  >Tweet<\/a><\/li><li class=\"share-email\"><a rel=\"nofollow noopener noreferrer\" data-shared=\"\" class=\"share-email sd-button\" href=\"http:\/\/www.michael-schumacher.es\/noticias-f1\/2013\/03\/24\/balance-gp-de-malasia-sepang-2013-toro-rosso\/?share=email\" target=\"_blank\" title=\"Haz clic para enviar por correo electr\u00f3nico a un amigo\"><span>Correo electr\u00f3nico<\/span><\/a><\/li><li class=\"share-end\"><\/li><\/ul><\/div><\/div><\/div>","protected":false},"author":2,"featured_media":0,"comment_status":"open","ping_status":"open","sticky":false,"template":"","format":"standard","meta":{"_monsterinsights_skip_tracking":false,"_monsterinsights_sitenote_active":false,"_monsterinsights_sitenote_note":"","_monsterinsights_sitenote_category":0,"spay_email":"","jetpack_publicize_message":"","jetpack_is_tweetstorm":false,"jetpack_publicize_feature_enabled":true},"categories":[4,3],"tags":[373,401,64,101,17,15,6,8,99,63,1303,102,2839,238,103,100],"jetpack_featured_media_url":"","jetpack_publicize_connections":[],"jetpack_sharing_enabled":true,"jetpack_shortlink":"https:\/\/wp.me\/p27q3P-2eY","_links":{"self":[{"href":"http:\/\/www.michael-schumacher.es\/noticias-f1\/wp-json\/wp\/v2\/posts\/8616"}],"collection":[{"href":"http:\/\/www.michael-schumacher.es\/noticias-f1\/wp-json\/wp\/v2\/posts"}],"about":[{"href":"http:\/\/www.michael-schumacher.es\/noticias-f1\/wp-json\/wp\/v2\/types\/post"}],"author":[{"embeddable":true,"href":"http:\/\/www.michael-schumacher.es\/noticias-f1\/wp-json\/wp\/v2\/users\/2"}],"replies":[{"embeddable":true,"href":"http:\/\/www.michael-schumacher.es\/noticias-f1\/wp-json\/wp\/v2\/comments?post=8616"}],"version-history":[{"count":0,"href":"http:\/\/www.michael-schumacher.es\/noticias-f1\/wp-json\/wp\/v2\/posts\/8616\/revisions"}],"wp:attachment":[{"href":"http:\/\/www.michael-schumacher.es\/noticias-f1\/wp-json\/wp\/v2\/media?parent=8616"}],"wp:term":[{"taxonomy":"category","embeddable":true,"href":"http:\/\/www.michael-schumacher.es\/noticias-f1\/wp-json\/wp\/v2\/categories?post=8616"},{"taxonomy":"post_tag","embeddable":true,"href":"http:\/\/www.michael-schumacher.es\/noticias-f1\/wp-json\/wp\/v2\/tags?post=8616"}],"curies":[{"name":"wp","href":"https:\/\/api.w.org\/{rel}","templated":true}]}}