{"id":8661,"date":"2013-03-29T00:02:31","date_gmt":"2013-03-28T23:02:31","guid":{"rendered":"http:\/\/www.michael-schumacher.es\/noticias-f1\/?p=8661"},"modified":"2013-03-29T00:29:04","modified_gmt":"2013-03-28T23:29:04","slug":"sebastian-vettel-director-de-rendimiento-de-infiniti","status":"publish","type":"post","link":"http:\/\/www.michael-schumacher.es\/noticias-f1\/2013\/03\/29\/sebastian-vettel-director-de-rendimiento-de-infiniti\/","title":{"rendered":"Sebastian Vettel Director de Rendimiento de Infiniti"},"content":{"rendered":"<p><a href=\"http:\/\/www.michael-schumacher.es\/noticias-f1\/wp-content\/uploads\/2013\/03\/Vettel_Director_rendimiento-Infiniti.jpg\"><img loading=\"lazy\" class=\"alignleft\" alt=\"Vettel_Director_rendimiento-Infiniti\" src=\"http:\/\/www.michael-schumacher.es\/noticias-f1\/wp-content\/uploads\/2013\/03\/Vettel_Director_rendimiento-Infiniti.jpg\" width=\"200\" height=\"133\" \/><\/a>Sebastian Vettel se ha convertido en director de Rendimiento de la marca Infiniti, patrocinador principal del equipo Red Bull Racing. As\u00ed el tricampe\u00f3n aumenta su colaboraci\u00f3n con la marca japonesa Infiniti, para quienes colabora preparando una versi\u00f3n especial de \u00abalto rendimiento\u00bb, la edici\u00f3n FX Vettel, y el con el Infiniti Q50.<\/p>\n<p><!--more--> <!--noteaser--><\/p>\n<p><a href=\"http:\/\/www.michael-schumacher.es\/noticias-f1\/wp-content\/uploads\/2013\/03\/Vettel_Director_rendimiento-Infiniti.jpg\"><img loading=\"lazy\" class=\"aligncenter size-full wp-image-8673\" alt=\"Vettel_Director_rendimiento-Infiniti\" src=\"http:\/\/www.michael-schumacher.es\/noticias-f1\/wp-content\/uploads\/2013\/03\/Vettel_Director_rendimiento-Infiniti.jpg\" width=\"650\" height=\"433\" srcset=\"http:\/\/www.michael-schumacher.es\/noticias-f1\/wp-content\/uploads\/2013\/03\/Vettel_Director_rendimiento-Infiniti.jpg 650w, http:\/\/www.michael-schumacher.es\/noticias-f1\/wp-content\/uploads\/2013\/03\/Vettel_Director_rendimiento-Infiniti-300x199.jpg 300w\" sizes=\"(max-width: 650px) 100vw, 650px\" \/><\/a><\/p>\n<p>Sebastian Vettel se ha convertido en director de Rendimiento de la marca Infiniti, patrocinador principal del equipo Red Bull Racing. As\u00ed el tricampe\u00f3n aumenta su colaboraci\u00f3n con la marca japonesa Infiniti, para quienes colabora preparando una versi\u00f3n especial de \u00abalto rendimiento\u00bb, la edici\u00f3n FX Vettel, y el con el Infiniti Q50.<\/p>\n<p>&nbsp;<\/p>\n<p>Sebastian Vettel confirmaba muy feliz esta nueva colaboraci\u00f3n: <b>\u00abEstoy encantado de extender mi relaci\u00f3n con Infiniti y convertirme en su director de Rendimiento. Ayudar a desarrollar la Q50 es un trabajo muy diferente para m\u00ed en t\u00e9rminos de control, pero se acercaba la misma forma que en la F\u00f3rmula 1. Tengo muchas ganas de ayudar a desarrollar otros modelos de Infiniti de carretera en el futuro \u00ab<\/b><\/p>\n<p>&nbsp;<\/p>\n<p>Johan de Nysschen el presidente Infiniti, expresaba su satisfacci\u00f3n por contar con el talento de Vettel en el desarrollo de su marca: <b>\u00abEl talento y las habilidades al volante Sebasti\u00e1n es incuestionable y su papel en el desarrollo de Infiniti no tiene precio. Marcas Premium \u00bfCu\u00e1ntos pueden decir que sus modelos se han desarrollado por un triple campe\u00f3n del mundo?\u00bb<\/b><\/p>\n<p>&nbsp;<\/p>\n<p>&nbsp;<\/p>\n<div class=\"sharedaddy sd-sharing-enabled\"><div class=\"robots-nocontent sd-block sd-social sd-social-official sd-sharing\"><h3 class=\"sd-title\">Opciones Sociales:<\/h3><div class=\"sd-content\"><ul><li class=\"share-facebook\"><div class=\"fb-share-button\" data-href=\"http:\/\/www.michael-schumacher.es\/noticias-f1\/2013\/03\/29\/sebastian-vettel-director-de-rendimiento-de-infiniti\/\" data-layout=\"button_count\"><\/div><\/li><li class=\"share-twitter\"><a href=\"https:\/\/twitter.com\/share\" class=\"twitter-share-button\" data-url=\"http:\/\/www.michael-schumacher.es\/noticias-f1\/2013\/03\/29\/sebastian-vettel-director-de-rendimiento-de-infiniti\/\" data-text=\"Sebastian Vettel Director de Rendimiento de Infiniti \"  >Tweet<\/a><\/li><li class=\"share-email\"><a rel=\"nofollow noopener noreferrer\" data-shared=\"\" class=\"share-email sd-button\" href=\"http:\/\/www.michael-schumacher.es\/noticias-f1\/2013\/03\/29\/sebastian-vettel-director-de-rendimiento-de-infiniti\/?share=email\" target=\"_blank\" title=\"Haz clic para enviar por correo electr\u00f3nico a un amigo\"><span>Correo electr\u00f3nico<\/span><\/a><\/li><li class=\"share-end\"><\/li><\/ul><\/div><\/div><\/div>","protected":false},"excerpt":{"rendered":"<p>Sebastian Vettel se ha convertido en director de Rendimiento de la marca Infiniti, patrocinador principal del equipo Red Bull Racing. As\u00ed el tricampe\u00f3n aumenta su colaboraci\u00f3n con la marca japonesa Infiniti, para quienes colabora preparando una versi\u00f3n especial de \u00abalto rendimiento\u00bb, la edici\u00f3n FX Vettel, y el con el Infiniti Q50.<\/p>\n<div class=\"sharedaddy sd-sharing-enabled\"><div class=\"robots-nocontent sd-block sd-social sd-social-official sd-sharing\"><h3 class=\"sd-title\">Opciones Sociales:<\/h3><div class=\"sd-content\"><ul><li class=\"share-facebook\"><div class=\"fb-share-button\" data-href=\"http:\/\/www.michael-schumacher.es\/noticias-f1\/2013\/03\/29\/sebastian-vettel-director-de-rendimiento-de-infiniti\/\" data-layout=\"button_count\"><\/div><\/li><li class=\"share-twitter\"><a href=\"https:\/\/twitter.com\/share\" class=\"twitter-share-button\" data-url=\"http:\/\/www.michael-schumacher.es\/noticias-f1\/2013\/03\/29\/sebastian-vettel-director-de-rendimiento-de-infiniti\/\" data-text=\"Sebastian Vettel Director de Rendimiento de Infiniti \"  >Tweet<\/a><\/li><li class=\"share-email\"><a rel=\"nofollow noopener noreferrer\" data-shared=\"\" class=\"share-email sd-button\" href=\"http:\/\/www.michael-schumacher.es\/noticias-f1\/2013\/03\/29\/sebastian-vettel-director-de-rendimiento-de-infiniti\/?share=email\" target=\"_blank\" title=\"Haz clic para enviar por correo electr\u00f3nico a un amigo\"><span>Correo electr\u00f3nico<\/span><\/a><\/li><li class=\"share-end\"><\/li><\/ul><\/div><\/div><\/div>","protected":false},"author":3,"featured_media":0,"comment_status":"open","ping_status":"open","sticky":false,"template":"","format":"standard","meta":{"_monsterinsights_skip_tracking":false,"_monsterinsights_sitenote_active":false,"_monsterinsights_sitenote_note":"","_monsterinsights_sitenote_category":0,"spay_email":"","jetpack_publicize_message":"","jetpack_is_tweetstorm":false,"jetpack_publicize_feature_enabled":true},"categories":[3],"tags":[240,618,17,15,2767,3096,51,185,71,1944,30],"jetpack_featured_media_url":"","jetpack_publicize_connections":[],"jetpack_sharing_enabled":true,"jetpack_shortlink":"https:\/\/wp.me\/p27q3P-2fH","_links":{"self":[{"href":"http:\/\/www.michael-schumacher.es\/noticias-f1\/wp-json\/wp\/v2\/posts\/8661"}],"collection":[{"href":"http:\/\/www.michael-schumacher.es\/noticias-f1\/wp-json\/wp\/v2\/posts"}],"about":[{"href":"http:\/\/www.michael-schumacher.es\/noticias-f1\/wp-json\/wp\/v2\/types\/post"}],"author":[{"embeddable":true,"href":"http:\/\/www.michael-schumacher.es\/noticias-f1\/wp-json\/wp\/v2\/users\/3"}],"replies":[{"embeddable":true,"href":"http:\/\/www.michael-schumacher.es\/noticias-f1\/wp-json\/wp\/v2\/comments?post=8661"}],"version-history":[{"count":0,"href":"http:\/\/www.michael-schumacher.es\/noticias-f1\/wp-json\/wp\/v2\/posts\/8661\/revisions"}],"wp:attachment":[{"href":"http:\/\/www.michael-schumacher.es\/noticias-f1\/wp-json\/wp\/v2\/media?parent=8661"}],"wp:term":[{"taxonomy":"category","embeddable":true,"href":"http:\/\/www.michael-schumacher.es\/noticias-f1\/wp-json\/wp\/v2\/categories?post=8661"},{"taxonomy":"post_tag","embeddable":true,"href":"http:\/\/www.michael-schumacher.es\/noticias-f1\/wp-json\/wp\/v2\/tags?post=8661"}],"curies":[{"name":"wp","href":"https:\/\/api.w.org\/{rel}","templated":true}]}}