{"id":8710,"date":"2013-04-02T00:01:10","date_gmt":"2013-04-01T22:01:10","guid":{"rendered":"http:\/\/www.michael-schumacher.es\/noticias-f1\/?p=8710"},"modified":"2013-04-01T14:53:21","modified_gmt":"2013-04-01T12:53:21","slug":"claire-williams-preparada-para-seguir-los-pasos-de-su-padre","status":"publish","type":"post","link":"http:\/\/www.michael-schumacher.es\/noticias-f1\/2013\/04\/02\/claire-williams-preparada-para-seguir-los-pasos-de-su-padre\/","title":{"rendered":"Claire Williams, preparada para seguir los pasos de su padre"},"content":{"rendered":"<p><a href=\"http:\/\/www.michael-schumacher.es\/noticias-f1\/wp-content\/uploads\/2013\/04\/Claire-y-Frank-Williams.jpg\"><img loading=\"lazy\" class=\"alignleft\" alt=\"Claire-y-Frank-Williams\" src=\"http:\/\/www.michael-schumacher.es\/noticias-f1\/wp-content\/uploads\/2013\/04\/Claire-y-Frank-Williams.jpg\" width=\"200\" height=\"133\" \/><\/a>Sin duda la sucesi\u00f3n en Williams no ha sido una tarea sencilla, por diferentes causas en los \u00faltimos a\u00f1os el segundo puesto del equipo, al lado de Frank Williams no ha tenido \u00e9xito. Adam Parr, lo ocupo durante cinco a\u00f1os pero de repente se termin\u00f3 esta colaboraci\u00f3n y entro en la escena de Williams en el puesto a la derecha de Sir Williams , Toto Wolff, pero abandono Williams al ser nombrado director del equipo Mercedes.<\/p>\n<p><!--more--> <!--noteaser--><\/p>\n<p><a href=\"http:\/\/www.michael-schumacher.es\/noticias-f1\/wp-content\/uploads\/2013\/04\/Claire-y-Frank-Williams.jpg\"><img loading=\"lazy\" class=\"aligncenter size-full wp-image-8718\" alt=\"Claire-y-Frank-Williams\" src=\"http:\/\/www.michael-schumacher.es\/noticias-f1\/wp-content\/uploads\/2013\/04\/Claire-y-Frank-Williams.jpg\" width=\"650\" height=\"433\" srcset=\"http:\/\/www.michael-schumacher.es\/noticias-f1\/wp-content\/uploads\/2013\/04\/Claire-y-Frank-Williams.jpg 650w, http:\/\/www.michael-schumacher.es\/noticias-f1\/wp-content\/uploads\/2013\/04\/Claire-y-Frank-Williams-300x199.jpg 300w\" sizes=\"(max-width: 650px) 100vw, 650px\" \/><\/a><\/p>\n<p>Sin duda la sucesi\u00f3n en Williams no ha sido una tarea sencilla, por diferentes causas en los \u00faltimos a\u00f1os el segundo puesto del equipo, al lado de Frank Williams no ha tenido \u00e9xito. Adam Parr, lo ocupo durante cinco a\u00f1os pero de repente se termin\u00f3 esta colaboraci\u00f3n y entro en la escena de Williams en el puesto a la derecha de Sir Williams , Toto Wolff, pero abandono Williams al ser nombrado director del equipo Mercedes.<\/p>\n<p>&nbsp;<\/p>\n<p>Claire Williams, hija de Frank Williams, fue nombrada director de Marketting y comunicaci\u00f3n del equipo en marzo de 2012, ahora ha sido ascendida a subdirectora del equipo, lo que dar\u00e1 la continuidad en el cargo, algo que ha sido muy dif\u00edcil hasta ahora y sin duda garantiza que la escuder\u00eda quiere seguir bajo el control de la familia.<\/p>\n<p>&nbsp;<\/p>\n<p>El propio Sir Frank Williams, reconoc\u00eda que este nombramiento coloca el futuro del equipo en buenas manos: <b>\u00abSu conocimiento del deporte y su pasi\u00f3n por el equipo es incuestionable y estoy orgulloso de decir que a lo largo de su tiempo aqu\u00ed, ha demostrado ser uno de los miembros del equipo m\u00e1s estimable. Con el nombramiento de Claire como Subdirector, estoy convencido de que el futuro de Williams F1 es muy buenas manos. Este nombramiento fue aprobado tambi\u00e9n por Ginny hubiera estado, estoy seguro orgullosa de ver a Claire tomar este lugar a mi lado\u00bb.<\/b><\/p>\n<p>&nbsp;<\/p>\n<p>Claire Williams, ser\u00e1 el brazo derecho de su padre y director, Frank Williams. Adem\u00e1s de subdirectora del equipo, continuar\u00e1 sus funciones como directora comercial y ser\u00e1 parte de la junta.<\/p>\n<p>&nbsp;<\/p>\n<p>Claire Williams, declara que ha trabajado duro y se siente preparada para este reto: <b>\u00abCrec\u00ed en este deporte, y aprend\u00ed de uno de los legendarios directores de equipo de F\u00f3rmula Uno, por lo que me siento lista para este reto. Es una gran responsabilidad para convertirse en director adjunto y le he dado muchas vueltas. Viv\u00ed lo que es un equipo de F1 a trav\u00e9s de mi padre y sabemos la presi\u00f3n que genera en una familia. Y cuando usted es miembro, hay m\u00e1s presi\u00f3n. Esta es una oportunidad fant\u00e1stica, no me tomo a la ligera. Siempre he sido consciente, estoy segura, de lo que la gente dice a mis espaldas que me dieron este trabajo por ser quien soy. Pero he trabajado duro. Ahora Frank acept\u00f3 que su familia trabajaba con \u00e9l a medida que asumen el papel de equipo de la familia. Ahora sabemos que Frank puede contar conmigo. \u00ab<\/b><\/p>\n<div class=\"sharedaddy sd-sharing-enabled\"><div class=\"robots-nocontent sd-block sd-social sd-social-official sd-sharing\"><h3 class=\"sd-title\">Opciones Sociales:<\/h3><div class=\"sd-content\"><ul><li class=\"share-facebook\"><div class=\"fb-share-button\" data-href=\"http:\/\/www.michael-schumacher.es\/noticias-f1\/2013\/04\/02\/claire-williams-preparada-para-seguir-los-pasos-de-su-padre\/\" data-layout=\"button_count\"><\/div><\/li><li class=\"share-twitter\"><a href=\"https:\/\/twitter.com\/share\" class=\"twitter-share-button\" data-url=\"http:\/\/www.michael-schumacher.es\/noticias-f1\/2013\/04\/02\/claire-williams-preparada-para-seguir-los-pasos-de-su-padre\/\" data-text=\"Claire Williams, preparada para seguir los pasos de su padre\"  >Tweet<\/a><\/li><li class=\"share-email\"><a rel=\"nofollow noopener noreferrer\" data-shared=\"\" class=\"share-email sd-button\" href=\"http:\/\/www.michael-schumacher.es\/noticias-f1\/2013\/04\/02\/claire-williams-preparada-para-seguir-los-pasos-de-su-padre\/?share=email\" target=\"_blank\" title=\"Haz clic para enviar por correo electr\u00f3nico a un amigo\"><span>Correo electr\u00f3nico<\/span><\/a><\/li><li class=\"share-end\"><\/li><\/ul><\/div><\/div><\/div>","protected":false},"excerpt":{"rendered":"<p>Sin duda la sucesi\u00f3n en Williams no ha sido una tarea sencilla, por diferentes causas en los \u00faltimos a\u00f1os el segundo puesto del equipo, al lado de Frank Williams no ha tenido \u00e9xito. Adam Parr, lo ocupo durante cinco a\u00f1os pero de repente se termin\u00f3 esta colaboraci\u00f3n y entro en la escena de Williams en [&hellip;]<\/p>\n<div class=\"sharedaddy sd-sharing-enabled\"><div class=\"robots-nocontent sd-block sd-social sd-social-official sd-sharing\"><h3 class=\"sd-title\">Opciones Sociales:<\/h3><div class=\"sd-content\"><ul><li class=\"share-facebook\"><div class=\"fb-share-button\" data-href=\"http:\/\/www.michael-schumacher.es\/noticias-f1\/2013\/04\/02\/claire-williams-preparada-para-seguir-los-pasos-de-su-padre\/\" data-layout=\"button_count\"><\/div><\/li><li class=\"share-twitter\"><a href=\"https:\/\/twitter.com\/share\" class=\"twitter-share-button\" data-url=\"http:\/\/www.michael-schumacher.es\/noticias-f1\/2013\/04\/02\/claire-williams-preparada-para-seguir-los-pasos-de-su-padre\/\" data-text=\"Claire Williams, preparada para seguir los pasos de su padre\"  >Tweet<\/a><\/li><li class=\"share-email\"><a rel=\"nofollow noopener noreferrer\" data-shared=\"\" class=\"share-email sd-button\" href=\"http:\/\/www.michael-schumacher.es\/noticias-f1\/2013\/04\/02\/claire-williams-preparada-para-seguir-los-pasos-de-su-padre\/?share=email\" target=\"_blank\" title=\"Haz clic para enviar por correo electr\u00f3nico a un amigo\"><span>Correo electr\u00f3nico<\/span><\/a><\/li><li class=\"share-end\"><\/li><\/ul><\/div><\/div><\/div>","protected":false},"author":3,"featured_media":0,"comment_status":"open","ping_status":"open","sticky":false,"template":"","format":"standard","meta":{"_monsterinsights_skip_tracking":false,"_monsterinsights_sitenote_active":false,"_monsterinsights_sitenote_note":"","_monsterinsights_sitenote_category":0,"spay_email":"","jetpack_publicize_message":"","jetpack_is_tweetstorm":false,"jetpack_publicize_feature_enabled":true},"categories":[3],"tags":[3122,620,381,17,15,557,3127,1731,3124,3123,1618,3126,93,3125],"jetpack_featured_media_url":"","jetpack_publicize_connections":[],"jetpack_sharing_enabled":true,"jetpack_shortlink":"https:\/\/wp.me\/p27q3P-2gu","_links":{"self":[{"href":"http:\/\/www.michael-schumacher.es\/noticias-f1\/wp-json\/wp\/v2\/posts\/8710"}],"collection":[{"href":"http:\/\/www.michael-schumacher.es\/noticias-f1\/wp-json\/wp\/v2\/posts"}],"about":[{"href":"http:\/\/www.michael-schumacher.es\/noticias-f1\/wp-json\/wp\/v2\/types\/post"}],"author":[{"embeddable":true,"href":"http:\/\/www.michael-schumacher.es\/noticias-f1\/wp-json\/wp\/v2\/users\/3"}],"replies":[{"embeddable":true,"href":"http:\/\/www.michael-schumacher.es\/noticias-f1\/wp-json\/wp\/v2\/comments?post=8710"}],"version-history":[{"count":0,"href":"http:\/\/www.michael-schumacher.es\/noticias-f1\/wp-json\/wp\/v2\/posts\/8710\/revisions"}],"wp:attachment":[{"href":"http:\/\/www.michael-schumacher.es\/noticias-f1\/wp-json\/wp\/v2\/media?parent=8710"}],"wp:term":[{"taxonomy":"category","embeddable":true,"href":"http:\/\/www.michael-schumacher.es\/noticias-f1\/wp-json\/wp\/v2\/categories?post=8710"},{"taxonomy":"post_tag","embeddable":true,"href":"http:\/\/www.michael-schumacher.es\/noticias-f1\/wp-json\/wp\/v2\/tags?post=8710"}],"curies":[{"name":"wp","href":"https:\/\/api.w.org\/{rel}","templated":true}]}}