{"id":8716,"date":"2013-04-02T00:04:37","date_gmt":"2013-04-01T22:04:37","guid":{"rendered":"http:\/\/www.michael-schumacher.es\/noticias-f1\/?p=8716"},"modified":"2013-04-01T15:05:22","modified_gmt":"2013-04-01T13:05:22","slug":"domenicali-sigue-sin-saber-su-actual-posicion","status":"publish","type":"post","link":"http:\/\/www.michael-schumacher.es\/noticias-f1\/2013\/04\/02\/domenicali-sigue-sin-saber-su-actual-posicion\/","title":{"rendered":"Domenicali sigue sin saber su actual posici\u00f3n"},"content":{"rendered":"<p><img loading=\"lazy\" class=\"alignleft\" title=\"Domenicali\" alt=\"Domenicali\" src=\"http:\/\/img.michael-schumacher.es\/noticias-f1\/ferrari\/domenicali-1-mini.jpg\" width=\"200\" height=\"100\" \/>El comienzo de la temporada se ha visto protagonizado por un clima cambiante entre Melbourne y Sepang las diferente temperaturas han alterado el claro rendimiento de los coches. Ahora la siguiente cita es en dos semanas en China, por lo que todav\u00eda podr\u00eda no verse claramente la ubicaci\u00f3n de cada equipo<\/p>\n<p><!--more--> <!--noteaser--><\/p>\n<p style=\"text-align: center;\">\u00a0<img loading=\"lazy\" class=\"aligncenter\" title=\"Domenicali\" alt=\"Domenicali\" src=\"http:\/\/img.michael-schumacher.es\/noticias-f1\/ferrari\/domenicali-1.jpg\" width=\"605\" height=\"300\" \/><\/p>\n<p>El comienzo de la temporada se ha visto protagonizado por un clima cambiante entre Melbourne y Sepang las diferente temperaturas han alterado el claro rendimiento de los coches. Ahora la siguiente cita es en dos semanas en China, por lo que todav\u00eda podr\u00eda no verse claramente la ubicaci\u00f3n de cada equipo<\/p>\n<p>&nbsp;<\/p>\n<p>Por lo que Stefano Domenicali, ha reconocido no saber en qu\u00e9 posici\u00f3n se encuentran, dentro de los equipos lideres: \u201c<b>No s\u00e9 exactamente donde estamos ubicados. Ciertamente estamos entre los l\u00edderes. Creo que Red Bull es el equipo m\u00e1s fuerte en el momento pero Mercedes ha dado un muy claro paso hacia adelante y Lotus es muy competitivo\u00bb.<\/b><\/p>\n<p>&nbsp;<\/p>\n<p>Domenicali incluso espera alteraciones de l\u00edderes en los diferentes circuitos:<b> \u00abHay circuitos en los que vamos a estar en mayor forma y otros que promueven a nuestros rivales. Esto promete una temporada muy emocionante, pero vamos a estar ah\u00ed sin duda. \u00ab<\/b><\/p>\n<p>&nbsp;<\/p>\n<p>Muchas incertidumbres, diferentes circuitos y temperaturas variadas y la degradaci\u00f3n de los neum\u00e1ticos. Por lo que Domenicali considera que no es f\u00e1cil ya que en una sola semana se observan resultados muy diferentes: <b>\u00abEs cierto que en esta zona no es f\u00e1cil. Usted puede ver lo que sucede en otros equipos, con resultados diferentes para algunos de ellos como (Red Bull) entre Melbourne y Sepang en s\u00f3lo una semana diferencia. Pero eso es parte de la competencia\u201d.<\/b><\/p>\n<p>&nbsp;<\/p>\n<div class=\"sharedaddy sd-sharing-enabled\"><div class=\"robots-nocontent sd-block sd-social sd-social-official sd-sharing\"><h3 class=\"sd-title\">Opciones Sociales:<\/h3><div class=\"sd-content\"><ul><li class=\"share-facebook\"><div class=\"fb-share-button\" data-href=\"http:\/\/www.michael-schumacher.es\/noticias-f1\/2013\/04\/02\/domenicali-sigue-sin-saber-su-actual-posicion\/\" data-layout=\"button_count\"><\/div><\/li><li class=\"share-twitter\"><a href=\"https:\/\/twitter.com\/share\" class=\"twitter-share-button\" data-url=\"http:\/\/www.michael-schumacher.es\/noticias-f1\/2013\/04\/02\/domenicali-sigue-sin-saber-su-actual-posicion\/\" data-text=\"Domenicali sigue sin saber su actual posici\u00f3n\"  >Tweet<\/a><\/li><li class=\"share-email\"><a rel=\"nofollow noopener noreferrer\" data-shared=\"\" class=\"share-email sd-button\" href=\"http:\/\/www.michael-schumacher.es\/noticias-f1\/2013\/04\/02\/domenicali-sigue-sin-saber-su-actual-posicion\/?share=email\" target=\"_blank\" title=\"Haz clic para enviar por correo electr\u00f3nico a un amigo\"><span>Correo electr\u00f3nico<\/span><\/a><\/li><li class=\"share-end\"><\/li><\/ul><\/div><\/div><\/div>","protected":false},"excerpt":{"rendered":"<p>El comienzo de la temporada se ha visto protagonizado por un clima cambiante entre Melbourne y Sepang las diferente temperaturas han alterado el claro rendimiento de los coches. Ahora la siguiente cita es en dos semanas en China, por lo que todav\u00eda podr\u00eda no verse claramente la ubicaci\u00f3n de cada equipo<\/p>\n<div class=\"sharedaddy sd-sharing-enabled\"><div class=\"robots-nocontent sd-block sd-social sd-social-official sd-sharing\"><h3 class=\"sd-title\">Opciones Sociales:<\/h3><div class=\"sd-content\"><ul><li class=\"share-facebook\"><div class=\"fb-share-button\" data-href=\"http:\/\/www.michael-schumacher.es\/noticias-f1\/2013\/04\/02\/domenicali-sigue-sin-saber-su-actual-posicion\/\" data-layout=\"button_count\"><\/div><\/li><li class=\"share-twitter\"><a href=\"https:\/\/twitter.com\/share\" class=\"twitter-share-button\" data-url=\"http:\/\/www.michael-schumacher.es\/noticias-f1\/2013\/04\/02\/domenicali-sigue-sin-saber-su-actual-posicion\/\" data-text=\"Domenicali sigue sin saber su actual posici\u00f3n\"  >Tweet<\/a><\/li><li class=\"share-email\"><a rel=\"nofollow noopener noreferrer\" data-shared=\"\" class=\"share-email sd-button\" href=\"http:\/\/www.michael-schumacher.es\/noticias-f1\/2013\/04\/02\/domenicali-sigue-sin-saber-su-actual-posicion\/?share=email\" target=\"_blank\" title=\"Haz clic para enviar por correo electr\u00f3nico a un amigo\"><span>Correo electr\u00f3nico<\/span><\/a><\/li><li class=\"share-end\"><\/li><\/ul><\/div><\/div><\/div>","protected":false},"author":3,"featured_media":0,"comment_status":"open","ping_status":"open","sticky":false,"template":"","format":"standard","meta":{"_monsterinsights_skip_tracking":false,"_monsterinsights_sitenote_active":false,"_monsterinsights_sitenote_note":"","_monsterinsights_sitenote_category":0,"spay_email":"","jetpack_publicize_message":"","jetpack_is_tweetstorm":false,"jetpack_publicize_feature_enabled":true},"categories":[3],"tags":[961,3137,107,3135,3136,141,304,1476,51,357,2281,3134],"jetpack_featured_media_url":"","jetpack_publicize_connections":[],"jetpack_sharing_enabled":true,"jetpack_shortlink":"https:\/\/wp.me\/p27q3P-2gA","_links":{"self":[{"href":"http:\/\/www.michael-schumacher.es\/noticias-f1\/wp-json\/wp\/v2\/posts\/8716"}],"collection":[{"href":"http:\/\/www.michael-schumacher.es\/noticias-f1\/wp-json\/wp\/v2\/posts"}],"about":[{"href":"http:\/\/www.michael-schumacher.es\/noticias-f1\/wp-json\/wp\/v2\/types\/post"}],"author":[{"embeddable":true,"href":"http:\/\/www.michael-schumacher.es\/noticias-f1\/wp-json\/wp\/v2\/users\/3"}],"replies":[{"embeddable":true,"href":"http:\/\/www.michael-schumacher.es\/noticias-f1\/wp-json\/wp\/v2\/comments?post=8716"}],"version-history":[{"count":0,"href":"http:\/\/www.michael-schumacher.es\/noticias-f1\/wp-json\/wp\/v2\/posts\/8716\/revisions"}],"wp:attachment":[{"href":"http:\/\/www.michael-schumacher.es\/noticias-f1\/wp-json\/wp\/v2\/media?parent=8716"}],"wp:term":[{"taxonomy":"category","embeddable":true,"href":"http:\/\/www.michael-schumacher.es\/noticias-f1\/wp-json\/wp\/v2\/categories?post=8716"},{"taxonomy":"post_tag","embeddable":true,"href":"http:\/\/www.michael-schumacher.es\/noticias-f1\/wp-json\/wp\/v2\/tags?post=8716"}],"curies":[{"name":"wp","href":"https:\/\/api.w.org\/{rel}","templated":true}]}}