{"id":8731,"date":"2013-04-03T00:53:42","date_gmt":"2013-04-02T22:53:42","guid":{"rendered":"http:\/\/www.michael-schumacher.es\/noticias-f1\/?p=8731"},"modified":"2013-04-03T00:53:42","modified_gmt":"2013-04-02T22:53:42","slug":"jenson-button-no-da-por-perdido-el-titulo","status":"publish","type":"post","link":"http:\/\/www.michael-schumacher.es\/noticias-f1\/2013\/04\/03\/jenson-button-no-da-por-perdido-el-titulo\/","title":{"rendered":"Jenson Button no da por perdido el t\u00edtulo"},"content":{"rendered":"<p><img loading=\"lazy\" class=\"alignleft\" title=\"McLaren\" alt=\"McLaren\" src=\"http:\/\/img.michael-schumacher.es\/noticias-f1\/jenson-button\/jenson-button-1-mini.jpg\" width=\"202\" height=\"100\" \/>Jenson Button advierte que no debe descartarse McLaren la lucha por el t\u00edtulo, a pesar de los problemas del MP4-28, solo se han disputado dos carreras y el piloto considera que McLaren est\u00e1 mejorando y seguir\u00e1 haciendo de manera progresiva.<\/p>\n<p><!--more--> <!--noteaser--><\/p>\n<p style=\"text-align: center;\">\u00a0<img loading=\"lazy\" class=\"aligncenter\" title=\"McLaren\" alt=\"\" src=\"http:\/\/img.michael-schumacher.es\/noticias-f1\/jenson-button\/jenson-button-1.jpg\" width=\"605\" height=\"300\" \/><\/p>\n<p>Jenson Button advierte que no debe descartarse McLaren la lucha por el t\u00edtulo, a pesar de los problemas del MP4-28, solo se han disputado dos carreras y el piloto considera que McLaren est\u00e1 mejorando y seguir\u00e1 haciendo de manera progresiva.<\/p>\n<p>&nbsp;<\/p>\n<p>Jenson Button asegura que sus intenciones siguen siendo luchar por el campeonato: <b>\u00abPara m\u00ed, el campeonato sigue siendo v\u00e1lido y tengo la intenci\u00f3n de jugar el t\u00edtulo. No hay problema. En 2009, Sebastian (Vettel) estuvo a punto de ganarme cuando no anot\u00f3 un solo punto en las dos primeras carreras. En Sepang hemos visto un gran cambio. Sobre todo fue m\u00e1s r\u00e1pido que el Lotus Racing. Igual para Ferrari. \u00bfQui\u00e9n habr\u00eda pensado que ser\u00eda as\u00ed, cinco d\u00edas antes en Melbourne?\u00bb.<\/b><\/p>\n<p>&nbsp;<\/p>\n<p>Aunque Jenson Button es consciente de que para poder luchar por el campeonato, tienen mucho trabajo por delante: <b>\u00abEl coche est\u00e1 lejos de ser perfecto y mejoramos lo que ten\u00edamos en Sepang por lo que es alentador. Lo bueno es hay muchos coches competitivos que cogen puntos el uno del otro y eso es exactamente lo que necesitamos. Estoy muy feliz cuando veo c\u00f3mo estamos progresando\u201d.<\/b><\/p>\n<p>&nbsp;<\/p>\n<p>Button es optimista respecto al trabajo que McLaren puede realizar entre las tres semanas que separan la competici\u00f3n de Malasia a China. <b>\u00abYo s\u00e9 lo que el equipo puede hacer durante estas tres semanas. No todo est\u00e1 resuelto, todav\u00eda tenemos problemas que resolver, pero en t\u00e9rminos de desarrollo que es mucho mejor. Un cambio de 180 \u00b0 va a tener lugar.\u00bb<\/b><\/p>\n<p>&nbsp;<\/p>\n<div class=\"sharedaddy sd-sharing-enabled\"><div class=\"robots-nocontent sd-block sd-social sd-social-official sd-sharing\"><h3 class=\"sd-title\">Opciones Sociales:<\/h3><div class=\"sd-content\"><ul><li class=\"share-facebook\"><div class=\"fb-share-button\" data-href=\"http:\/\/www.michael-schumacher.es\/noticias-f1\/2013\/04\/03\/jenson-button-no-da-por-perdido-el-titulo\/\" data-layout=\"button_count\"><\/div><\/li><li class=\"share-twitter\"><a href=\"https:\/\/twitter.com\/share\" class=\"twitter-share-button\" data-url=\"http:\/\/www.michael-schumacher.es\/noticias-f1\/2013\/04\/03\/jenson-button-no-da-por-perdido-el-titulo\/\" data-text=\"Jenson Button no da por perdido el t\u00edtulo\"  >Tweet<\/a><\/li><li class=\"share-email\"><a rel=\"nofollow noopener noreferrer\" data-shared=\"\" class=\"share-email sd-button\" href=\"http:\/\/www.michael-schumacher.es\/noticias-f1\/2013\/04\/03\/jenson-button-no-da-por-perdido-el-titulo\/?share=email\" target=\"_blank\" title=\"Haz clic para enviar por correo electr\u00f3nico a un amigo\"><span>Correo electr\u00f3nico<\/span><\/a><\/li><li class=\"share-end\"><\/li><\/ul><\/div><\/div><\/div>","protected":false},"excerpt":{"rendered":"<p>Jenson Button advierte que no debe descartarse McLaren la lucha por el t\u00edtulo, a pesar de los problemas del MP4-28, solo se han disputado dos carreras y el piloto considera que McLaren est\u00e1 mejorando y seguir\u00e1 haciendo de manera progresiva.<\/p>\n<div class=\"sharedaddy sd-sharing-enabled\"><div class=\"robots-nocontent sd-block sd-social sd-social-official sd-sharing\"><h3 class=\"sd-title\">Opciones Sociales:<\/h3><div class=\"sd-content\"><ul><li class=\"share-facebook\"><div class=\"fb-share-button\" data-href=\"http:\/\/www.michael-schumacher.es\/noticias-f1\/2013\/04\/03\/jenson-button-no-da-por-perdido-el-titulo\/\" data-layout=\"button_count\"><\/div><\/li><li class=\"share-twitter\"><a href=\"https:\/\/twitter.com\/share\" class=\"twitter-share-button\" data-url=\"http:\/\/www.michael-schumacher.es\/noticias-f1\/2013\/04\/03\/jenson-button-no-da-por-perdido-el-titulo\/\" data-text=\"Jenson Button no da por perdido el t\u00edtulo\"  >Tweet<\/a><\/li><li class=\"share-email\"><a rel=\"nofollow noopener noreferrer\" data-shared=\"\" class=\"share-email sd-button\" href=\"http:\/\/www.michael-schumacher.es\/noticias-f1\/2013\/04\/03\/jenson-button-no-da-por-perdido-el-titulo\/?share=email\" target=\"_blank\" title=\"Haz clic para enviar por correo electr\u00f3nico a un amigo\"><span>Correo electr\u00f3nico<\/span><\/a><\/li><li class=\"share-end\"><\/li><\/ul><\/div><\/div><\/div>","protected":false},"author":3,"featured_media":0,"comment_status":"open","ping_status":"open","sticky":false,"template":"","format":"standard","meta":{"_monsterinsights_skip_tracking":false,"_monsterinsights_sitenote_active":false,"_monsterinsights_sitenote_note":"","_monsterinsights_sitenote_category":0,"spay_email":"","jetpack_publicize_message":"","jetpack_is_tweetstorm":false,"jetpack_publicize_feature_enabled":true},"categories":[3],"tags":[3142,1357,373,13,591,381,345,3141,12,3140,138,71,238,269],"jetpack_featured_media_url":"","jetpack_publicize_connections":[],"jetpack_sharing_enabled":true,"jetpack_shortlink":"https:\/\/wp.me\/p27q3P-2gP","_links":{"self":[{"href":"http:\/\/www.michael-schumacher.es\/noticias-f1\/wp-json\/wp\/v2\/posts\/8731"}],"collection":[{"href":"http:\/\/www.michael-schumacher.es\/noticias-f1\/wp-json\/wp\/v2\/posts"}],"about":[{"href":"http:\/\/www.michael-schumacher.es\/noticias-f1\/wp-json\/wp\/v2\/types\/post"}],"author":[{"embeddable":true,"href":"http:\/\/www.michael-schumacher.es\/noticias-f1\/wp-json\/wp\/v2\/users\/3"}],"replies":[{"embeddable":true,"href":"http:\/\/www.michael-schumacher.es\/noticias-f1\/wp-json\/wp\/v2\/comments?post=8731"}],"version-history":[{"count":0,"href":"http:\/\/www.michael-schumacher.es\/noticias-f1\/wp-json\/wp\/v2\/posts\/8731\/revisions"}],"wp:attachment":[{"href":"http:\/\/www.michael-schumacher.es\/noticias-f1\/wp-json\/wp\/v2\/media?parent=8731"}],"wp:term":[{"taxonomy":"category","embeddable":true,"href":"http:\/\/www.michael-schumacher.es\/noticias-f1\/wp-json\/wp\/v2\/categories?post=8731"},{"taxonomy":"post_tag","embeddable":true,"href":"http:\/\/www.michael-schumacher.es\/noticias-f1\/wp-json\/wp\/v2\/tags?post=8731"}],"curies":[{"name":"wp","href":"https:\/\/api.w.org\/{rel}","templated":true}]}}