{"id":8763,"date":"2013-04-05T01:12:16","date_gmt":"2013-04-04T23:12:16","guid":{"rendered":"http:\/\/www.michael-schumacher.es\/noticias-f1\/?p=8763"},"modified":"2013-04-05T01:12:16","modified_gmt":"2013-04-04T23:12:16","slug":"james-allison-confia-en-el-futuro-de-lotus","status":"publish","type":"post","link":"http:\/\/www.michael-schumacher.es\/noticias-f1\/2013\/04\/05\/james-allison-confia-en-el-futuro-de-lotus\/","title":{"rendered":"James Allison conf\u00eda en el futuro de Lotus"},"content":{"rendered":"<p><a href=\"http:\/\/www.michael-schumacher.es\/noticias-f1\/wp-content\/uploads\/2013\/03\/kimi_raikkonen_test-bcn-2013_david-sarro.jpg\"><img loading=\"lazy\" class=\"alignleft\" alt=\"Kimi Raikkonen - Test Bcn 2013 -  David Sarr\u00f3\" src=\"http:\/\/www.michael-schumacher.es\/noticias-f1\/wp-content\/uploads\/2013\/03\/kimi_raikkonen_test-bcn-2013_david-sarro.jpg\" width=\"200\" height=\"133\" \/><\/a>Lotus es \u00a0muy competitivo en una pista seca, como ha demostrado la victoria de Kimi Raikkonen en el primer Gran Premio de la temporada en Australia, tambi\u00e9n economiza mejor que los rivales el desgaste de los neum\u00e1ticos, por lo que el equipo tiene motivos para ser optimistas y confiar en buenos resultados en esta temporada. Adem\u00e1s seguir\u00e1n mejorando.<\/p>\n<p><!--more--> <!--noteaser--><\/p>\n<p><a href=\"http:\/\/www.michael-schumacher.es\/noticias-f1\/wp-content\/uploads\/2013\/03\/kimi_raikkonen_test-bcn-2013_david-sarro.jpg\"><img loading=\"lazy\" class=\"aligncenter size-full wp-image-8261\" alt=\"Kimi Raikkonen - Test Bcn 2013 -  David Sarr\u00f3\" src=\"http:\/\/www.michael-schumacher.es\/noticias-f1\/wp-content\/uploads\/2013\/03\/kimi_raikkonen_test-bcn-2013_david-sarro.jpg\" width=\"650\" height=\"433\" srcset=\"http:\/\/www.michael-schumacher.es\/noticias-f1\/wp-content\/uploads\/2013\/03\/kimi_raikkonen_test-bcn-2013_david-sarro.jpg 650w, http:\/\/www.michael-schumacher.es\/noticias-f1\/wp-content\/uploads\/2013\/03\/kimi_raikkonen_test-bcn-2013_david-sarro-300x199.jpg 300w\" sizes=\"(max-width: 650px) 100vw, 650px\" \/><\/a><\/p>\n<p>Lotus es \u00a0muy competitivo en una pista seca, como ha demostrado la victoria de Kimi Raikkonen en el primer Gran Premio de la temporada en Australia, tambi\u00e9n economiza mejor que los rivales el desgaste de los neum\u00e1ticos, por lo que el equipo tiene motivos para ser optimistas y confiar en buenos resultados en esta temporada. Adem\u00e1s seguir\u00e1n mejorando.<\/p>\n<p>&nbsp;<\/p>\n<p>Aunque el equipo Lotus no tiene los grandes recursos econ\u00f3micos de los equipos m\u00e1s grandes como Ferrari, McLaren, Red Bull y Mercedes, James Allison considera que lo m\u00e1s dif\u00edcil ya est\u00e1 hecho: <b>\u201cLa cosa m\u00e1s importante y lo m\u00e1s dif\u00edcil es tener un coche listo para la primera carrera. Es el per\u00edodo m\u00e1s dif\u00edcil para el equipo y lo hemos conseguido. Proseguir el desarrollo de un coche que es ya r\u00e1pido y mucho m\u00e1s barato, as\u00ed que debemos salir. Podemos mejorar nuestro coche en muchas \u00e1reas. No tenemos ninguna dificultad para encontrar mejorar su eficiencia. Tambi\u00e9n hay mejoras que podemos hacer para su configuraci\u00f3n mec\u00e1nica y estoy seguro de que nuestros ingenieros son lo suficientemente competentes para hacer el coche m\u00e1s r\u00e1pido. Lo que s\u00f3lo nos llevar\u00e1 a garantizar en mayor medida el desarrollo de nuestro coche m\u00e1s r\u00e1pido que los dem\u00e1s\u00bb.<\/b><\/p>\n<p>&nbsp;<\/p>\n<p>James Allison, director t\u00e9cnico de Lotus, tambi\u00e9n tiene gran confianza de cara a las dos pr\u00f3ximas carreras, pese a que Malasia fue m\u00e1s duro para el equipo: <b>\u00abNo hemos hecho una gran carrera en Sepang, pero el da\u00f1o ya estaba hecho despu\u00e9s de s\u00f3lo siete vueltas, porque hemos perdido unos 30 segundos durante este per\u00edodo. Romain tuvo un retraso de 26 segundos despu\u00e9s de la s\u00e9ptima ronda y 35 en la final de la carrera con una estrategia que probablemente le costar\u00e1 un total de 7 segundos. En una pista seca, s\u00f3lo ha perdido dos o tres segundos sobre Vettel (el ganador). Nuestro coche era competitivo en seco en Australia y Malasia. Tenemos que elevar la temperatura de los neum\u00e1ticos y el nivel de desgaste era muy bueno en ambas carreras. As\u00ed que creo que las cosas son buenas para nosotros en China y despu\u00e9s en Bahr\u00e9in\u00bb.<\/b><\/p>\n<p>&nbsp;<\/p>\n<p><strong>Imagen:<\/strong> David Sarr\u00f3<\/p>\n<div class=\"sharedaddy sd-sharing-enabled\"><div class=\"robots-nocontent sd-block sd-social sd-social-official sd-sharing\"><h3 class=\"sd-title\">Opciones Sociales:<\/h3><div class=\"sd-content\"><ul><li class=\"share-facebook\"><div class=\"fb-share-button\" data-href=\"http:\/\/www.michael-schumacher.es\/noticias-f1\/2013\/04\/05\/james-allison-confia-en-el-futuro-de-lotus\/\" data-layout=\"button_count\"><\/div><\/li><li class=\"share-twitter\"><a href=\"https:\/\/twitter.com\/share\" class=\"twitter-share-button\" data-url=\"http:\/\/www.michael-schumacher.es\/noticias-f1\/2013\/04\/05\/james-allison-confia-en-el-futuro-de-lotus\/\" data-text=\"James Allison conf\u00eda en el futuro de Lotus\"  >Tweet<\/a><\/li><li class=\"share-email\"><a rel=\"nofollow noopener noreferrer\" data-shared=\"\" class=\"share-email sd-button\" href=\"http:\/\/www.michael-schumacher.es\/noticias-f1\/2013\/04\/05\/james-allison-confia-en-el-futuro-de-lotus\/?share=email\" target=\"_blank\" title=\"Haz clic para enviar por correo electr\u00f3nico a un amigo\"><span>Correo electr\u00f3nico<\/span><\/a><\/li><li class=\"share-end\"><\/li><\/ul><\/div><\/div><\/div>","protected":false},"excerpt":{"rendered":"<p>Lotus es \u00a0muy competitivo en una pista seca, como ha demostrado la victoria de Kimi Raikkonen en el primer Gran Premio de la temporada en Australia, tambi\u00e9n economiza mejor que los rivales el desgaste de los neum\u00e1ticos, por lo que el equipo tiene motivos para ser optimistas y confiar en buenos resultados en esta temporada. [&hellip;]<\/p>\n<div class=\"sharedaddy sd-sharing-enabled\"><div class=\"robots-nocontent sd-block sd-social sd-social-official sd-sharing\"><h3 class=\"sd-title\">Opciones Sociales:<\/h3><div class=\"sd-content\"><ul><li class=\"share-facebook\"><div class=\"fb-share-button\" data-href=\"http:\/\/www.michael-schumacher.es\/noticias-f1\/2013\/04\/05\/james-allison-confia-en-el-futuro-de-lotus\/\" data-layout=\"button_count\"><\/div><\/li><li class=\"share-twitter\"><a href=\"https:\/\/twitter.com\/share\" class=\"twitter-share-button\" data-url=\"http:\/\/www.michael-schumacher.es\/noticias-f1\/2013\/04\/05\/james-allison-confia-en-el-futuro-de-lotus\/\" data-text=\"James Allison conf\u00eda en el futuro de Lotus\"  >Tweet<\/a><\/li><li class=\"share-email\"><a rel=\"nofollow noopener noreferrer\" data-shared=\"\" class=\"share-email sd-button\" href=\"http:\/\/www.michael-schumacher.es\/noticias-f1\/2013\/04\/05\/james-allison-confia-en-el-futuro-de-lotus\/?share=email\" target=\"_blank\" title=\"Haz clic para enviar por correo electr\u00f3nico a un amigo\"><span>Correo electr\u00f3nico<\/span><\/a><\/li><li class=\"share-end\"><\/li><\/ul><\/div><\/div><\/div>","protected":false},"author":3,"featured_media":0,"comment_status":"open","ping_status":"open","sticky":false,"template":"","format":"standard","meta":{"_monsterinsights_skip_tracking":false,"_monsterinsights_sitenote_active":false,"_monsterinsights_sitenote_note":"","_monsterinsights_sitenote_category":0,"spay_email":"","jetpack_publicize_message":"","jetpack_is_tweetstorm":false,"jetpack_publicize_feature_enabled":true},"categories":[3],"tags":[1179,3165,591,1059,381,2052,17,15,557,83,1207,145,81,26,2429,24,82,3164,238,21],"jetpack_featured_media_url":"","jetpack_publicize_connections":[],"jetpack_sharing_enabled":true,"jetpack_shortlink":"https:\/\/wp.me\/p27q3P-2hl","_links":{"self":[{"href":"http:\/\/www.michael-schumacher.es\/noticias-f1\/wp-json\/wp\/v2\/posts\/8763"}],"collection":[{"href":"http:\/\/www.michael-schumacher.es\/noticias-f1\/wp-json\/wp\/v2\/posts"}],"about":[{"href":"http:\/\/www.michael-schumacher.es\/noticias-f1\/wp-json\/wp\/v2\/types\/post"}],"author":[{"embeddable":true,"href":"http:\/\/www.michael-schumacher.es\/noticias-f1\/wp-json\/wp\/v2\/users\/3"}],"replies":[{"embeddable":true,"href":"http:\/\/www.michael-schumacher.es\/noticias-f1\/wp-json\/wp\/v2\/comments?post=8763"}],"version-history":[{"count":0,"href":"http:\/\/www.michael-schumacher.es\/noticias-f1\/wp-json\/wp\/v2\/posts\/8763\/revisions"}],"wp:attachment":[{"href":"http:\/\/www.michael-schumacher.es\/noticias-f1\/wp-json\/wp\/v2\/media?parent=8763"}],"wp:term":[{"taxonomy":"category","embeddable":true,"href":"http:\/\/www.michael-schumacher.es\/noticias-f1\/wp-json\/wp\/v2\/categories?post=8763"},{"taxonomy":"post_tag","embeddable":true,"href":"http:\/\/www.michael-schumacher.es\/noticias-f1\/wp-json\/wp\/v2\/tags?post=8763"}],"curies":[{"name":"wp","href":"https:\/\/api.w.org\/{rel}","templated":true}]}}