{"id":8791,"date":"2013-04-07T00:58:20","date_gmt":"2013-04-06T22:58:20","guid":{"rendered":"http:\/\/www.michael-schumacher.es\/noticias-f1\/?p=8791"},"modified":"2013-04-07T00:58:20","modified_gmt":"2013-04-06T22:58:20","slug":"mclaren-espera-iniciar-su-recuperacion-en-china","status":"publish","type":"post","link":"http:\/\/www.michael-schumacher.es\/noticias-f1\/2013\/04\/07\/mclaren-espera-iniciar-su-recuperacion-en-china\/","title":{"rendered":"McLaren espera iniciar su recuperaci\u00f3n en China"},"content":{"rendered":"<p><a href=\"http:\/\/www.michael-schumacher.es\/noticias-f1\/wp-content\/uploads\/2013\/02\/MP4-28-5.jpg\"><img loading=\"lazy\" class=\"alignleft\" alt=\"MP4-28-5\" src=\"http:\/\/www.michael-schumacher.es\/noticias-f1\/wp-content\/uploads\/2013\/02\/MP4-28-5.jpg\" width=\"200\" height=\"112\" \/><\/a>McLaren ha comenzado la temporada por debajo de las expectativas de este gran equipo, tambi\u00e9n es cierto que mientras la mayor\u00eda de los equipos se han centrado \u00fanicamente en evolucionar sus monoplazas del 2012, McLaren ha hecho un trabajo m\u00e1s radical y en un principio no parece que haya sido muy acertado, aunque nadie puede durar que un equipo como McLaren no resuelva sus problemas, en especial si recordamos que en el 2012 su coche era de los m\u00e1s r\u00e1pidos.<\/p>\n<p><!--more--> <!--noteaser--><\/p>\n<p><a href=\"http:\/\/www.michael-schumacher.es\/noticias-f1\/wp-content\/uploads\/2013\/02\/MP4-28-5.jpg\"><img loading=\"lazy\" class=\"aligncenter size-full wp-image-7695\" alt=\"MP4-28-5\" src=\"http:\/\/www.michael-schumacher.es\/noticias-f1\/wp-content\/uploads\/2013\/02\/MP4-28-5.jpg\" width=\"650\" height=\"366\" srcset=\"http:\/\/www.michael-schumacher.es\/noticias-f1\/wp-content\/uploads\/2013\/02\/MP4-28-5.jpg 650w, http:\/\/www.michael-schumacher.es\/noticias-f1\/wp-content\/uploads\/2013\/02\/MP4-28-5-300x168.jpg 300w\" sizes=\"(max-width: 650px) 100vw, 650px\" \/><\/a><\/p>\n<p>McLaren ha comenzado la temporada por debajo de las expectativas de este gran equipo, tambi\u00e9n es cierto que mientras la mayor\u00eda de los equipos se han centrado \u00fanicamente en evolucionar sus monoplazas del 2012, McLaren ha hecho un trabajo m\u00e1s radical y en un principio no parece que haya sido muy acertado, aunque nadie puede durar que un equipo como McLaren no resuelva sus problemas, en especial si recordamos que en el 2012 su coche era de los m\u00e1s r\u00e1pidos.<\/p>\n<p>&nbsp;<\/p>\n<p>Martin Whitmarsh, director del equipo McLaren, conf\u00eda en que estas tres semanas sin carrera hayan ayudado a empezar a sacar el potencial del coche:<b> \u00abNuestro rendimiento en Australia y Malasia cayeron por debajo de los altos est\u00e1ndares que hemos llegado a esperar en McLaren. Sin embargo, la ruptura de tres semanas entre las rondas dos y tres ha sido muy \u00fatil. Hemos estado totalmente comprometidos en seguir desarrollando nuestra comprensi\u00f3n del MP4-28 y estamos seguros de poder implementar una serie de cambios que potencialmente para mejorar su desempe\u00f1o. Estamos seguros de que estamos empezando a pasar la p\u00e1gina. F\u00f3rmula 1 es una bestia impredecible. Nos dirigimos a China la pr\u00f3xima semana con la esperanza de seguir avanzando y comi\u00e9ndonos la ventaja que actualmente tiene el grupo de cabeza.\u00bb<\/b><\/p>\n<p>&nbsp;<\/p>\n<p>Jenson Button tambi\u00e9n tiene confianza en poder comenzar a la lucha por el t\u00edtulo en el Gran Premio de China: <b>\u00abTodo el mundo en el equipo se ha levantado y atacaron para abordar las cuestiones realmente ten\u00eda nuestro coche. Definitivamente creo que hay tiempo para luchar por este campeonato. No puedo esperar para empezar la lucha otra vez.<\/b> <b>Lo importante para nosotros como equipo es entrar en el fin de semana con un enfoque claro, perfeccionar nuestras fuerzas a trav\u00e9s de las sesiones y aumentar nuestro entendimiento del coche. Sabemos d\u00f3nde estamos perdiendo rendimiento, as\u00ed que creo que en realidad estamos todos esperando a ver s\u00f3lo lo que podemos lograr en Shanghai. Creo que podemos tener una carrera bastante buena el pr\u00f3ximo fin de semana.\u00bb<\/b><\/p>\n<p>&nbsp;<\/p>\n<p>P\u00e9rez tambi\u00e9n tiene una gran confianza en su nuevo equipo Mclaren, tras las tres semanas sin carrera sabe que el equipo ha trabajado duro para mejorar el rendimiento: <b>\u00abHa habido un poco de tiempo para respirar despu\u00e9s de las dos primeras carreras de la temporada. Eso ha sido importante para nosotros, ya que hemos sido capaces de volver a MTC [Centro Tecnol\u00f3gico de McLaren] y realmente tirar todos nuestros esfuerzos con las modificaciones que necesitamos para hacer el coche realizar m\u00e1s consistente. Entonces, vamos a la tercera ronda, y siento que hay un mont\u00f3n de positividad en el equipo\u00bb.<\/b><\/p>\n<p>&nbsp;<\/p>\n<div class=\"sharedaddy sd-sharing-enabled\"><div class=\"robots-nocontent sd-block sd-social sd-social-official sd-sharing\"><h3 class=\"sd-title\">Opciones Sociales:<\/h3><div class=\"sd-content\"><ul><li class=\"share-facebook\"><div class=\"fb-share-button\" data-href=\"http:\/\/www.michael-schumacher.es\/noticias-f1\/2013\/04\/07\/mclaren-espera-iniciar-su-recuperacion-en-china\/\" data-layout=\"button_count\"><\/div><\/li><li class=\"share-twitter\"><a href=\"https:\/\/twitter.com\/share\" class=\"twitter-share-button\" data-url=\"http:\/\/www.michael-schumacher.es\/noticias-f1\/2013\/04\/07\/mclaren-espera-iniciar-su-recuperacion-en-china\/\" data-text=\"McLaren espera iniciar su recuperaci\u00f3n en China\"  >Tweet<\/a><\/li><li class=\"share-email\"><a rel=\"nofollow noopener noreferrer\" data-shared=\"\" class=\"share-email sd-button\" href=\"http:\/\/www.michael-schumacher.es\/noticias-f1\/2013\/04\/07\/mclaren-espera-iniciar-su-recuperacion-en-china\/?share=email\" target=\"_blank\" title=\"Haz clic para enviar por correo electr\u00f3nico a un amigo\"><span>Correo electr\u00f3nico<\/span><\/a><\/li><li class=\"share-end\"><\/li><\/ul><\/div><\/div><\/div>","protected":false},"excerpt":{"rendered":"<p>McLaren ha comenzado la temporada por debajo de las expectativas de este gran equipo, tambi\u00e9n es cierto que mientras la mayor\u00eda de los equipos se han centrado \u00fanicamente en evolucionar sus monoplazas del 2012, McLaren ha hecho un trabajo m\u00e1s radical y en un principio no parece que haya sido muy acertado, aunque nadie puede [&hellip;]<\/p>\n<div class=\"sharedaddy sd-sharing-enabled\"><div class=\"robots-nocontent sd-block sd-social sd-social-official sd-sharing\"><h3 class=\"sd-title\">Opciones Sociales:<\/h3><div class=\"sd-content\"><ul><li class=\"share-facebook\"><div class=\"fb-share-button\" data-href=\"http:\/\/www.michael-schumacher.es\/noticias-f1\/2013\/04\/07\/mclaren-espera-iniciar-su-recuperacion-en-china\/\" data-layout=\"button_count\"><\/div><\/li><li class=\"share-twitter\"><a href=\"https:\/\/twitter.com\/share\" class=\"twitter-share-button\" data-url=\"http:\/\/www.michael-schumacher.es\/noticias-f1\/2013\/04\/07\/mclaren-espera-iniciar-su-recuperacion-en-china\/\" data-text=\"McLaren espera iniciar su recuperaci\u00f3n en China\"  >Tweet<\/a><\/li><li class=\"share-email\"><a rel=\"nofollow noopener noreferrer\" data-shared=\"\" class=\"share-email sd-button\" href=\"http:\/\/www.michael-schumacher.es\/noticias-f1\/2013\/04\/07\/mclaren-espera-iniciar-su-recuperacion-en-china\/?share=email\" target=\"_blank\" title=\"Haz clic para enviar por correo electr\u00f3nico a un amigo\"><span>Correo electr\u00f3nico<\/span><\/a><\/li><li class=\"share-end\"><\/li><\/ul><\/div><\/div><\/div>","protected":false},"author":3,"featured_media":0,"comment_status":"open","ping_status":"open","sticky":false,"template":"","format":"standard","meta":{"_monsterinsights_skip_tracking":false,"_monsterinsights_sitenote_active":false,"_monsterinsights_sitenote_note":"","_monsterinsights_sitenote_category":0,"spay_email":"","jetpack_publicize_message":"","jetpack_is_tweetstorm":false,"jetpack_publicize_feature_enabled":true},"categories":[3],"tags":[13,289,17,15,3173,12,115,138,2894,90,509,89,1829,170],"jetpack_featured_media_url":"","jetpack_publicize_connections":[],"jetpack_sharing_enabled":true,"jetpack_shortlink":"https:\/\/wp.me\/p27q3P-2hN","_links":{"self":[{"href":"http:\/\/www.michael-schumacher.es\/noticias-f1\/wp-json\/wp\/v2\/posts\/8791"}],"collection":[{"href":"http:\/\/www.michael-schumacher.es\/noticias-f1\/wp-json\/wp\/v2\/posts"}],"about":[{"href":"http:\/\/www.michael-schumacher.es\/noticias-f1\/wp-json\/wp\/v2\/types\/post"}],"author":[{"embeddable":true,"href":"http:\/\/www.michael-schumacher.es\/noticias-f1\/wp-json\/wp\/v2\/users\/3"}],"replies":[{"embeddable":true,"href":"http:\/\/www.michael-schumacher.es\/noticias-f1\/wp-json\/wp\/v2\/comments?post=8791"}],"version-history":[{"count":0,"href":"http:\/\/www.michael-schumacher.es\/noticias-f1\/wp-json\/wp\/v2\/posts\/8791\/revisions"}],"wp:attachment":[{"href":"http:\/\/www.michael-schumacher.es\/noticias-f1\/wp-json\/wp\/v2\/media?parent=8791"}],"wp:term":[{"taxonomy":"category","embeddable":true,"href":"http:\/\/www.michael-schumacher.es\/noticias-f1\/wp-json\/wp\/v2\/categories?post=8791"},{"taxonomy":"post_tag","embeddable":true,"href":"http:\/\/www.michael-schumacher.es\/noticias-f1\/wp-json\/wp\/v2\/tags?post=8791"}],"curies":[{"name":"wp","href":"https:\/\/api.w.org\/{rel}","templated":true}]}}