{"id":8875,"date":"2013-04-11T10:47:41","date_gmt":"2013-04-11T08:47:41","guid":{"rendered":"http:\/\/www.michael-schumacher.es\/noticias-f1\/?p=8875"},"modified":"2013-04-11T10:47:41","modified_gmt":"2013-04-11T08:47:41","slug":"vettel-no-me-disculpo-por-haber-ganado-para-eso-me-contrataron","status":"publish","type":"post","link":"http:\/\/www.michael-schumacher.es\/noticias-f1\/2013\/04\/11\/vettel-no-me-disculpo-por-haber-ganado-para-eso-me-contrataron\/","title":{"rendered":"Vettel: No me disculpo por haber ganado, para eso me contrataron"},"content":{"rendered":"<p><a href=\"http:\/\/www.michael-schumacher.es\/noticias-f1\/wp-content\/uploads\/2013\/03\/sebastian_vettel_test-bcn-2013_david-sarro.jpg\"><img loading=\"lazy\" class=\"alignleft\" alt=\"Sebastian Vettel Test BCN 2013 David Sarr\u00f3\" src=\"http:\/\/www.michael-schumacher.es\/noticias-f1\/wp-content\/uploads\/2013\/03\/sebastian_vettel_test-bcn-2013_david-sarro.jpg\" width=\"200\" height=\"133\" \/><\/a>Cuando faltan apenas tres d\u00edas para el Gran Premio de China, Sebastian Vettel aclara una vez m\u00e1s, su controvertida victoria en el Gran Premio de Malasia, cuando ignorando las ordenes de equipo de Red Bull planto batalla a su compa\u00f1ero de equipo y gano la batalla y con ella la carrera, el piloto r\u00e1pidamente se disculp\u00f3 con el equipo, pero ahora vuelve a aclarar el motivo de sus disculpas, fue por anteponer sus intereses a los de su equipo. No por ganar.<\/p>\n<p><!--more--> <!--noteaser--><\/p>\n<p><a href=\"http:\/\/www.michael-schumacher.es\/noticias-f1\/wp-content\/uploads\/2013\/03\/sebastian_vettel_test-bcn-2013_david-sarro.jpg\"><img loading=\"lazy\" class=\"aligncenter size-full wp-image-8377\" alt=\"Sebastian Vettel Test BCN 2013 David Sarr\u00f3\" src=\"http:\/\/www.michael-schumacher.es\/noticias-f1\/wp-content\/uploads\/2013\/03\/sebastian_vettel_test-bcn-2013_david-sarro.jpg\" width=\"650\" height=\"433\" srcset=\"http:\/\/www.michael-schumacher.es\/noticias-f1\/wp-content\/uploads\/2013\/03\/sebastian_vettel_test-bcn-2013_david-sarro.jpg 650w, http:\/\/www.michael-schumacher.es\/noticias-f1\/wp-content\/uploads\/2013\/03\/sebastian_vettel_test-bcn-2013_david-sarro-300x199.jpg 300w\" sizes=\"(max-width: 650px) 100vw, 650px\" \/><\/a><\/p>\n<p>Cuando faltan apenas tres d\u00edas para el Gran Premio de China, Sebastian Vettel aclara una vez m\u00e1s, su controvertida victoria en el Gran Premio de Malasia, cuando ignorando las ordenes de equipo de Red Bull planto batalla a su compa\u00f1ero de equipo y gano la batalla y con ella la carrera, el piloto r\u00e1pidamente se disculp\u00f3 con el equipo, pero ahora vuelve a aclarar el motivo de sus disculpas, fue por anteponer sus intereses a los de su equipo. No por ganar.<\/p>\n<p>&nbsp;<\/p>\n<p>Vettel aclara que no se disculp\u00f3 por ganar, ya que para eso lo contrataron y el trabajo de un campe\u00f3n de F1 es ganar:<b> \u00abYo no creo que haya mucho que a\u00f1adir a lo que ha sucedido. Me disculp\u00e9 inmediatamente al equipo por haberme puesto a m\u00ed mismo por delante de sus propios intereses, no es lo que yo quer\u00eda hacer. No hay mucho que decir realmente. Yo no me disculpe por haber ganado, para eso me contrataron y por eso estoy aqu\u00ed. Me encanta correr y esto es lo que hice\u00bb.<\/b><\/p>\n<p>&nbsp;<\/p>\n<p>Sebastian Vettel tambi\u00e9n lamenta, que todo se centr\u00f3 tras la carrera, en la pol\u00e9mica de las ordenes de equipo, lo que eclipso el buen rendimiento y el magn\u00edfico resultado de su equipo: <b>\u00abDesafortunadamente, la gente no ha visto nuestro buen desempe\u00f1o ese d\u00eda. Como equipo creo que hemos hecho un buen trabajo con un resultado fant\u00e1stico. Ya en Australia hab\u00edamos tenido un fin de semana muy bueno, a pesar de que no conseguimos el resultado que deseado. En Malasia volvimos a estar arriba y durante toda la carrera lo hicimos a la perfecci\u00f3n con los neum\u00e1ticos, etc., que es lo que la gente se olvida. Desafortunadamente, s\u00f3lo conserva el final\u00bb. <\/b><\/p>\n<p>&nbsp;<\/p>\n<p>Ahora centrados en China, y despu\u00e9s de una gran carrera en Malasia, pese a todo no se atreve a dar un pron\u00f3stico para China:<b> \u00abHemos aprendido mucho en las dos carreras, pero China es diferente de nuevo. Otro circuito, otro tiempo, por lo que seguimos aprendiendo. El inicio de la temporada, las dos primeras carreras han ayudado mucho pero todav\u00eda tenemos que mejorar. Debemos configurar el coche el viernes, ver c\u00f3mo los neum\u00e1ticos se mantienen, y luego ya veremos.\u00bb<\/b><\/p>\n<p>&nbsp;<\/p>\n<p><strong>Imagen:<\/strong> David Sarr\u00f3<\/p>\n<div class=\"sharedaddy sd-sharing-enabled\"><div class=\"robots-nocontent sd-block sd-social sd-social-official sd-sharing\"><h3 class=\"sd-title\">Opciones Sociales:<\/h3><div class=\"sd-content\"><ul><li class=\"share-facebook\"><div class=\"fb-share-button\" data-href=\"http:\/\/www.michael-schumacher.es\/noticias-f1\/2013\/04\/11\/vettel-no-me-disculpo-por-haber-ganado-para-eso-me-contrataron\/\" data-layout=\"button_count\"><\/div><\/li><li class=\"share-twitter\"><a href=\"https:\/\/twitter.com\/share\" class=\"twitter-share-button\" data-url=\"http:\/\/www.michael-schumacher.es\/noticias-f1\/2013\/04\/11\/vettel-no-me-disculpo-por-haber-ganado-para-eso-me-contrataron\/\" data-text=\"Vettel: No me disculpo por haber ganado, para eso me contrataron\"  >Tweet<\/a><\/li><li class=\"share-email\"><a rel=\"nofollow noopener noreferrer\" data-shared=\"\" class=\"share-email sd-button\" href=\"http:\/\/www.michael-schumacher.es\/noticias-f1\/2013\/04\/11\/vettel-no-me-disculpo-por-haber-ganado-para-eso-me-contrataron\/?share=email\" target=\"_blank\" title=\"Haz clic para enviar por correo electr\u00f3nico a un amigo\"><span>Correo electr\u00f3nico<\/span><\/a><\/li><li class=\"share-end\"><\/li><\/ul><\/div><\/div><\/div>","protected":false},"excerpt":{"rendered":"<p>Cuando faltan apenas tres d\u00edas para el Gran Premio de China, Sebastian Vettel aclara una vez m\u00e1s, su controvertida victoria en el Gran Premio de Malasia, cuando ignorando las ordenes de equipo de Red Bull planto batalla a su compa\u00f1ero de equipo y gano la batalla y con ella la carrera, el piloto r\u00e1pidamente se [&hellip;]<\/p>\n<div class=\"sharedaddy sd-sharing-enabled\"><div class=\"robots-nocontent sd-block sd-social sd-social-official sd-sharing\"><h3 class=\"sd-title\">Opciones Sociales:<\/h3><div class=\"sd-content\"><ul><li class=\"share-facebook\"><div class=\"fb-share-button\" data-href=\"http:\/\/www.michael-schumacher.es\/noticias-f1\/2013\/04\/11\/vettel-no-me-disculpo-por-haber-ganado-para-eso-me-contrataron\/\" data-layout=\"button_count\"><\/div><\/li><li class=\"share-twitter\"><a href=\"https:\/\/twitter.com\/share\" class=\"twitter-share-button\" data-url=\"http:\/\/www.michael-schumacher.es\/noticias-f1\/2013\/04\/11\/vettel-no-me-disculpo-por-haber-ganado-para-eso-me-contrataron\/\" data-text=\"Vettel: No me disculpo por haber ganado, para eso me contrataron\"  >Tweet<\/a><\/li><li class=\"share-email\"><a rel=\"nofollow noopener noreferrer\" data-shared=\"\" class=\"share-email sd-button\" href=\"http:\/\/www.michael-schumacher.es\/noticias-f1\/2013\/04\/11\/vettel-no-me-disculpo-por-haber-ganado-para-eso-me-contrataron\/?share=email\" target=\"_blank\" title=\"Haz clic para enviar por correo electr\u00f3nico a un amigo\"><span>Correo electr\u00f3nico<\/span><\/a><\/li><li class=\"share-end\"><\/li><\/ul><\/div><\/div><\/div>","protected":false},"author":3,"featured_media":0,"comment_status":"open","ping_status":"open","sticky":false,"template":"","format":"standard","meta":{"_monsterinsights_skip_tracking":false,"_monsterinsights_sitenote_active":false,"_monsterinsights_sitenote_note":"","_monsterinsights_sitenote_category":0,"spay_email":"","jetpack_publicize_message":"","jetpack_is_tweetstorm":false,"jetpack_publicize_feature_enabled":true},"categories":[3],"tags":[381,17,15,326,6,2372,63,72,3201,3202,71,30,73],"jetpack_featured_media_url":"","jetpack_publicize_connections":[],"jetpack_sharing_enabled":true,"jetpack_shortlink":"https:\/\/wp.me\/p27q3P-2j9","_links":{"self":[{"href":"http:\/\/www.michael-schumacher.es\/noticias-f1\/wp-json\/wp\/v2\/posts\/8875"}],"collection":[{"href":"http:\/\/www.michael-schumacher.es\/noticias-f1\/wp-json\/wp\/v2\/posts"}],"about":[{"href":"http:\/\/www.michael-schumacher.es\/noticias-f1\/wp-json\/wp\/v2\/types\/post"}],"author":[{"embeddable":true,"href":"http:\/\/www.michael-schumacher.es\/noticias-f1\/wp-json\/wp\/v2\/users\/3"}],"replies":[{"embeddable":true,"href":"http:\/\/www.michael-schumacher.es\/noticias-f1\/wp-json\/wp\/v2\/comments?post=8875"}],"version-history":[{"count":0,"href":"http:\/\/www.michael-schumacher.es\/noticias-f1\/wp-json\/wp\/v2\/posts\/8875\/revisions"}],"wp:attachment":[{"href":"http:\/\/www.michael-schumacher.es\/noticias-f1\/wp-json\/wp\/v2\/media?parent=8875"}],"wp:term":[{"taxonomy":"category","embeddable":true,"href":"http:\/\/www.michael-schumacher.es\/noticias-f1\/wp-json\/wp\/v2\/categories?post=8875"},{"taxonomy":"post_tag","embeddable":true,"href":"http:\/\/www.michael-schumacher.es\/noticias-f1\/wp-json\/wp\/v2\/tags?post=8875"}],"curies":[{"name":"wp","href":"https:\/\/api.w.org\/{rel}","templated":true}]}}