{"id":8937,"date":"2013-04-12T19:31:18","date_gmt":"2013-04-12T17:31:18","guid":{"rendered":"http:\/\/www.michael-schumacher.es\/noticias-f1\/?p=8937"},"modified":"2013-04-12T19:31:18","modified_gmt":"2013-04-12T17:31:18","slug":"entrenamientos-gp-de-china-shanghai-2013-toro-rosso","status":"publish","type":"post","link":"http:\/\/www.michael-schumacher.es\/noticias-f1\/2013\/04\/12\/entrenamientos-gp-de-china-shanghai-2013-toro-rosso\/","title":{"rendered":"Entrenamientos GP de China, Shangh\u00e1i 2013. Toro Rosso"},"content":{"rendered":"<p><a href=\"http:\/\/www.michael-schumacher.es\/noticias-f1\/wp-content\/uploads\/2013\/03\/jean-eric_vergne_test-bcn-2013_david-sarro.jpg\"><img loading=\"lazy\" class=\"alignleft\" alt=\"Jean-Eric Vergne - Test Bcn 2013 David Sarr\u00f3\" src=\"http:\/\/www.michael-schumacher.es\/noticias-f1\/wp-content\/uploads\/2013\/03\/jean-eric_vergne_test-bcn-2013_david-sarro.jpg\" width=\"200\" height=\"133\" \/><\/a>El equipo Toro Rosso se ha centrado en concluir un amplio programa de pruebas para sus nuevas piezas para lo que han dividido el trabajo en sus dos pilotos, ahora durante la noche evaluaran la gran cantidad de datos recogidos para seguir su progreso en calificaci\u00f3n y carrera.<\/p>\n<p><!--more--> <!--noteaser--><\/p>\n<p><a href=\"http:\/\/www.michael-schumacher.es\/noticias-f1\/wp-content\/uploads\/2013\/03\/jean-eric_vergne_test-bcn-2013_david-sarro.jpg\"><img loading=\"lazy\" class=\"aligncenter size-full wp-image-8335\" alt=\"Jean-Eric Vergne - Test Bcn 2013 David Sarr\u00f3\" src=\"http:\/\/www.michael-schumacher.es\/noticias-f1\/wp-content\/uploads\/2013\/03\/jean-eric_vergne_test-bcn-2013_david-sarro.jpg\" width=\"650\" height=\"433\" srcset=\"http:\/\/www.michael-schumacher.es\/noticias-f1\/wp-content\/uploads\/2013\/03\/jean-eric_vergne_test-bcn-2013_david-sarro.jpg 650w, http:\/\/www.michael-schumacher.es\/noticias-f1\/wp-content\/uploads\/2013\/03\/jean-eric_vergne_test-bcn-2013_david-sarro-300x199.jpg 300w\" sizes=\"(max-width: 650px) 100vw, 650px\" \/><\/a><\/p>\n<p>El equipo Toro Rosso se ha centrado en concluir un amplio programa de pruebas para sus nuevas piezas para lo que han dividido el trabajo en sus dos pilotos, ahora durante la noche evaluaran la gran cantidad de datos recogidos para seguir su progreso en calificaci\u00f3n y carrera.<\/p>\n<p>&nbsp;<\/p>\n<p>Jean-Eric Vergne ha finaliz\u00f3 la jornada de hoy con mejor sensaci\u00f3n de la esperada y con la seguridad de que con el trabajo de esta noche pueden ser m\u00e1s r\u00e1pidos y tener un mejor coche para ma\u00f1ana, el piloto ha finalizado la primera sesi\u00f3n en posici\u00f3n decimosegunda y la segunda sesi\u00f3n en la posici\u00f3n decimoquinta. Daniel Ricciardo se siente mucho m\u00e1s optimista de lo que era antes de llegar, ya que el a\u00f1o pasado no tuvieron un buen fin de semana, pero ahora ha comprobado que est\u00e1n en mejor forma de lo esperado y han progresado entre las dos sesiones de entrenamiento, en la primera sesi\u00f3n Vergne termin\u00f3 decimoquinto y \u00a0en la segunda sesi\u00f3n acabo en la posici\u00f3n decimocuarto.<\/p>\n<p><b>\u00a0<\/b><\/p>\n<p><b>Jean-Eric Vergne:<\/b><em> \u00abEl a\u00f1o pasado, el fin de semana en China \u00a0no fue muy bien para nosotros y puedo decir que hemos hecho un mejor comenzar este a\u00f1o. Daniel y yo trabajamos un poco en diferentes programas de hoy, ya que ten\u00eda un mont\u00f3n de cosas en nuestro plan de trabajo, \u00a0as\u00ed que tiene sentido para dividir la carga de trabajo entre nosotros. Vamos a ver los datos de los dos coches con el fin de encontrar el mejor set-up para seguir adelante ma\u00f1ana, as\u00ed que podemos tener un coche mejor. Yo estoy bastante seguro de que podemos ser m\u00e1s r\u00e1pidos. Como era de esperar, parece como si los neum\u00e1ticos van a trabajar de forma dif\u00edcil aqu\u00ed, especialmente los blandos, pero es el mismo para todos, as\u00ed que no hay preocupaci\u00f3n real\u00bb.<\/em><\/p>\n<p>&nbsp;<\/p>\n<p><b>Daniel Ricciardo:<\/b> <em>\u00ab\u00c9ramos un poco pesimista al venir aqu\u00ed, tras c\u00f3mo se realiz\u00f3 esta carrera el a\u00f1o pasado. Pero despu\u00e9s de hoy, me siento m\u00e1s feliz, porque sin duda parecemos estar en mejor forma esta vez. Otro buen punto es que hemos progresado entre FP1 y FP2 hoy. Todav\u00eda no es suficiente si queremos recuperar a los rivales m\u00e1s cercanos, pero nos estamos moviendo en la direcci\u00f3n correcta. En cuanto a los neum\u00e1ticos, el blando era muy bueno en una sola vuelta volando y yo estaba muy contento con la ventaja de rendimiento que produjo en comparaci\u00f3n con el duro. En las tandas largas los neum\u00e1ticos sufren un poco m\u00e1s y ya hay un mont\u00f3n de virutas de goma en la pista, pero siempre se esperaba ver una degradaci\u00f3n muy alta aqu\u00ed.\u00bb<\/em><\/p>\n<p>&nbsp;<\/p>\n<p><b>Mekies Laurent, director de rendimiento de Veh\u00edculos:<\/b> <em>\u00abEn general ha sido un d\u00eda positivo para nosotros, por lo general sin problemas, con ambos pilotos completando un mont\u00f3n de kil\u00f3metros. Esto era importante para nuestro programa de pruebas donde ten\u00edamos un par de cosas de menor importancia para evaluar, tanto en el aspecto mec\u00e1nico como en t\u00e9rminos de aerodin\u00e1mica. Tambi\u00e9n es bueno en t\u00e9rminos de fomentar de la confianza en nuestros niveles de fiabilidad. Era un programa activo y completo con los dos coches, con parte del programa dividido entre los dos pilotos. Durante la noche, tenemos que estudiar los datos con cuidado para seleccionar los mejores aspectos de los dos coches. Esta tarde, Jev fue ligeramente menos felices que en la ma\u00f1ana y tambi\u00e9n vamos a investigar eso, pero en general, estamos haciendo algunos progresos y esperamos seguir en esta direcci\u00f3n ma\u00f1ana\u201d.<\/em><\/p>\n<p>&nbsp;<\/p>\n<p><strong>Imagen:<\/strong> David Sarr\u00f3<\/p>\n<div class=\"sharedaddy sd-sharing-enabled\"><div class=\"robots-nocontent sd-block sd-social sd-social-official sd-sharing\"><h3 class=\"sd-title\">Opciones Sociales:<\/h3><div class=\"sd-content\"><ul><li class=\"share-facebook\"><div class=\"fb-share-button\" data-href=\"http:\/\/www.michael-schumacher.es\/noticias-f1\/2013\/04\/12\/entrenamientos-gp-de-china-shanghai-2013-toro-rosso\/\" data-layout=\"button_count\"><\/div><\/li><li class=\"share-twitter\"><a href=\"https:\/\/twitter.com\/share\" class=\"twitter-share-button\" data-url=\"http:\/\/www.michael-schumacher.es\/noticias-f1\/2013\/04\/12\/entrenamientos-gp-de-china-shanghai-2013-toro-rosso\/\" data-text=\"Entrenamientos GP de China, Shangh\u00e1i 2013. Toro Rosso\"  >Tweet<\/a><\/li><li class=\"share-email\"><a rel=\"nofollow noopener noreferrer\" data-shared=\"\" class=\"share-email sd-button\" href=\"http:\/\/www.michael-schumacher.es\/noticias-f1\/2013\/04\/12\/entrenamientos-gp-de-china-shanghai-2013-toro-rosso\/?share=email\" target=\"_blank\" title=\"Haz clic para enviar por correo electr\u00f3nico a un amigo\"><span>Correo electr\u00f3nico<\/span><\/a><\/li><li class=\"share-end\"><\/li><\/ul><\/div><\/div><\/div>","protected":false},"excerpt":{"rendered":"<p>El equipo Toro Rosso se ha centrado en concluir un amplio programa de pruebas para sus nuevas piezas para lo que han dividido el trabajo en sus dos pilotos, ahora durante la noche evaluaran la gran cantidad de datos recogidos para seguir su progreso en calificaci\u00f3n y carrera.<\/p>\n<div class=\"sharedaddy sd-sharing-enabled\"><div class=\"robots-nocontent sd-block sd-social sd-social-official sd-sharing\"><h3 class=\"sd-title\">Opciones Sociales:<\/h3><div class=\"sd-content\"><ul><li class=\"share-facebook\"><div class=\"fb-share-button\" data-href=\"http:\/\/www.michael-schumacher.es\/noticias-f1\/2013\/04\/12\/entrenamientos-gp-de-china-shanghai-2013-toro-rosso\/\" data-layout=\"button_count\"><\/div><\/li><li class=\"share-twitter\"><a href=\"https:\/\/twitter.com\/share\" class=\"twitter-share-button\" data-url=\"http:\/\/www.michael-schumacher.es\/noticias-f1\/2013\/04\/12\/entrenamientos-gp-de-china-shanghai-2013-toro-rosso\/\" data-text=\"Entrenamientos GP de China, Shangh\u00e1i 2013. Toro Rosso\"  >Tweet<\/a><\/li><li class=\"share-email\"><a rel=\"nofollow noopener noreferrer\" data-shared=\"\" class=\"share-email sd-button\" href=\"http:\/\/www.michael-schumacher.es\/noticias-f1\/2013\/04\/12\/entrenamientos-gp-de-china-shanghai-2013-toro-rosso\/?share=email\" target=\"_blank\" title=\"Haz clic para enviar por correo electr\u00f3nico a un amigo\"><span>Correo electr\u00f3nico<\/span><\/a><\/li><li class=\"share-end\"><\/li><\/ul><\/div><\/div><\/div>","protected":false},"author":3,"featured_media":0,"comment_status":"open","ping_status":"open","sticky":false,"template":"","format":"standard","meta":{"_monsterinsights_skip_tracking":false,"_monsterinsights_sitenote_active":false,"_monsterinsights_sitenote_note":"","_monsterinsights_sitenote_category":0,"spay_email":"","jetpack_publicize_message":"","jetpack_is_tweetstorm":false,"jetpack_publicize_feature_enabled":true},"categories":[67,3],"tags":[373,7,101,131,393,17,15,6,8,99,102,1829,238,103,100],"jetpack_featured_media_url":"","jetpack_publicize_connections":[],"jetpack_sharing_enabled":true,"jetpack_shortlink":"https:\/\/wp.me\/p27q3P-2k9","_links":{"self":[{"href":"http:\/\/www.michael-schumacher.es\/noticias-f1\/wp-json\/wp\/v2\/posts\/8937"}],"collection":[{"href":"http:\/\/www.michael-schumacher.es\/noticias-f1\/wp-json\/wp\/v2\/posts"}],"about":[{"href":"http:\/\/www.michael-schumacher.es\/noticias-f1\/wp-json\/wp\/v2\/types\/post"}],"author":[{"embeddable":true,"href":"http:\/\/www.michael-schumacher.es\/noticias-f1\/wp-json\/wp\/v2\/users\/3"}],"replies":[{"embeddable":true,"href":"http:\/\/www.michael-schumacher.es\/noticias-f1\/wp-json\/wp\/v2\/comments?post=8937"}],"version-history":[{"count":0,"href":"http:\/\/www.michael-schumacher.es\/noticias-f1\/wp-json\/wp\/v2\/posts\/8937\/revisions"}],"wp:attachment":[{"href":"http:\/\/www.michael-schumacher.es\/noticias-f1\/wp-json\/wp\/v2\/media?parent=8937"}],"wp:term":[{"taxonomy":"category","embeddable":true,"href":"http:\/\/www.michael-schumacher.es\/noticias-f1\/wp-json\/wp\/v2\/categories?post=8937"},{"taxonomy":"post_tag","embeddable":true,"href":"http:\/\/www.michael-schumacher.es\/noticias-f1\/wp-json\/wp\/v2\/tags?post=8937"}],"curies":[{"name":"wp","href":"https:\/\/api.w.org\/{rel}","templated":true}]}}