{"id":8952,"date":"2013-04-13T02:54:20","date_gmt":"2013-04-13T00:54:20","guid":{"rendered":"http:\/\/www.michael-schumacher.es\/noticias-f1\/?p=8952"},"modified":"2013-04-13T02:54:20","modified_gmt":"2013-04-13T00:54:20","slug":"bahrein-dice-que-damon-hill-deberia-visitar-bahrein-antes-de-juzgar","status":"publish","type":"post","link":"http:\/\/www.michael-schumacher.es\/noticias-f1\/2013\/04\/13\/bahrein-dice-que-damon-hill-deberia-visitar-bahrein-antes-de-juzgar\/","title":{"rendered":"Bahrein dice que Damon Hill deber\u00eda visitar Bahrein antes de juzgar"},"content":{"rendered":"<p><a href=\"http:\/\/www.michael-schumacher.es\/noticias-f1\/wp-content\/uploads\/2013\/04\/Bahrain_circuit-2.jpg\"><img loading=\"lazy\" class=\"alignleft\" alt=\"Bahrain_circuit-2\" src=\"http:\/\/www.michael-schumacher.es\/noticias-f1\/wp-content\/uploads\/2013\/04\/Bahrain_circuit-2.jpg\" width=\"200\" height=\"133\" \/><\/a>Damon Hill el ex campe\u00f3n de F\u00f3rmula Uno y ahora comentarista de televisi\u00f3n de F1, sugiri\u00f3 que la carrera no deber\u00eda realizarse por \u00e9tica y evitar las fuertes represiones contra los manifestantes que est\u00e1n en contra de la carrera de F1, pero desde el ministro de Bahr\u00e9in desaf\u00eda a Hill a desplazarse el mismo antes de pronunciarse sobre si debe haber carrera o no.<\/p>\n<p><!--more--> <!--noteaser--><\/p>\n<p><a href=\"http:\/\/www.michael-schumacher.es\/noticias-f1\/wp-content\/uploads\/2013\/04\/Bahrain_circuit-2.jpg\"><img loading=\"lazy\" class=\"aligncenter size-full wp-image-8962\" alt=\"Bahrain_circuit-2\" src=\"http:\/\/www.michael-schumacher.es\/noticias-f1\/wp-content\/uploads\/2013\/04\/Bahrain_circuit-2.jpg\" width=\"650\" height=\"433\" srcset=\"http:\/\/www.michael-schumacher.es\/noticias-f1\/wp-content\/uploads\/2013\/04\/Bahrain_circuit-2.jpg 650w, http:\/\/www.michael-schumacher.es\/noticias-f1\/wp-content\/uploads\/2013\/04\/Bahrain_circuit-2-300x199.jpg 300w\" sizes=\"(max-width: 650px) 100vw, 650px\" \/><\/a><\/p>\n<p>Damon Hill el ex campe\u00f3n de F\u00f3rmula Uno y ahora comentarista de televisi\u00f3n de F1, sugiri\u00f3 que la carrera no deber\u00eda realizarse por \u00e9tica y evitar las fuertes represiones contra los manifestantes que est\u00e1n en contra de la carrera de F1, pero desde el ministro de Bahr\u00e9in desaf\u00eda a Hill a desplazarse el mismo antes de pronunciarse sobre si debe haber carrera o no.<\/p>\n<p>&nbsp;<\/p>\n<p>Aunque desde el ministerio de informaci\u00f3n de Bahr\u00e9in, niegan las acusaciones de las graves represiones contra los manifestantes, as\u00ed como niegan que las casas hayan sido allanadas o que\u00a0 20 personas hubieran sido arrestadas.<\/p>\n<p>&nbsp;<\/p>\n<p>El ministerio neg\u00f3 la detenci\u00f3n de 20 personas y dijo que solo se detuvo a los sospechosos de atacar un edificio gubernamental con c\u00f3cteles molotov, ya que Bahr\u00e9in est\u00e1 comprometido en respetar el Estado de derecho: \u00abLas \u00fanicas personas detenidas son cuatro saboteadores, que han sido tomados en por estar involucrado en el ataque Molotov en el Ministerio de Relaciones Exteriores la semana pasada. La polic\u00eda est\u00e1 en la b\u00fasqueda de los otros que ser\u00e1n detenidos muy pronto. Nadie ha sido arrestado sin procedimientos adecuados. Esto no sucede en Bahr\u00e9in. Lo \u00fanico que sucede es que hay acci\u00f3n contra los que violan la ley\u00bb.<\/p>\n<p>&nbsp;<\/p>\n<p>El ministro de Bahr\u00e9in carga contra Damon Hill por su propuesta de no celebrar el GP y lo invita a que vea con lo que ocurre: \u00ab\u00c9l (Damon Hill) deber\u00eda ver lo que est\u00e1 pasando en Bahr\u00e9in por s\u00ed mismo, en lugar de ir con lo que dicen, aquellos que tienen una agenda en contra de Bahr\u00e9in. Venir a Bahr\u00e9in y ver lo que est\u00e1 pasando es mejor que hacer declaraciones que se sienten a miles de kil\u00f3metros de distancia.\u00bb<\/p>\n<p>&nbsp;<\/p>\n<p>&nbsp;<\/p>\n<div class=\"sharedaddy sd-sharing-enabled\"><div class=\"robots-nocontent sd-block sd-social sd-social-official sd-sharing\"><h3 class=\"sd-title\">Opciones Sociales:<\/h3><div class=\"sd-content\"><ul><li class=\"share-facebook\"><div class=\"fb-share-button\" data-href=\"http:\/\/www.michael-schumacher.es\/noticias-f1\/2013\/04\/13\/bahrein-dice-que-damon-hill-deberia-visitar-bahrein-antes-de-juzgar\/\" data-layout=\"button_count\"><\/div><\/li><li class=\"share-twitter\"><a href=\"https:\/\/twitter.com\/share\" class=\"twitter-share-button\" data-url=\"http:\/\/www.michael-schumacher.es\/noticias-f1\/2013\/04\/13\/bahrein-dice-que-damon-hill-deberia-visitar-bahrein-antes-de-juzgar\/\" data-text=\"Bahrein dice que Damon Hill deber\u00eda visitar Bahrein antes de juzgar\"  >Tweet<\/a><\/li><li class=\"share-email\"><a rel=\"nofollow noopener noreferrer\" data-shared=\"\" class=\"share-email sd-button\" href=\"http:\/\/www.michael-schumacher.es\/noticias-f1\/2013\/04\/13\/bahrein-dice-que-damon-hill-deberia-visitar-bahrein-antes-de-juzgar\/?share=email\" target=\"_blank\" title=\"Haz clic para enviar por correo electr\u00f3nico a un amigo\"><span>Correo electr\u00f3nico<\/span><\/a><\/li><li class=\"share-end\"><\/li><\/ul><\/div><\/div><\/div>","protected":false},"excerpt":{"rendered":"<p>Damon Hill el ex campe\u00f3n de F\u00f3rmula Uno y ahora comentarista de televisi\u00f3n de F1, sugiri\u00f3 que la carrera no deber\u00eda realizarse por \u00e9tica y evitar las fuertes represiones contra los manifestantes que est\u00e1n en contra de la carrera de F1, pero desde el ministro de Bahr\u00e9in desaf\u00eda a Hill a desplazarse el mismo antes [&hellip;]<\/p>\n<div class=\"sharedaddy sd-sharing-enabled\"><div class=\"robots-nocontent sd-block sd-social sd-social-official sd-sharing\"><h3 class=\"sd-title\">Opciones Sociales:<\/h3><div class=\"sd-content\"><ul><li class=\"share-facebook\"><div class=\"fb-share-button\" data-href=\"http:\/\/www.michael-schumacher.es\/noticias-f1\/2013\/04\/13\/bahrein-dice-que-damon-hill-deberia-visitar-bahrein-antes-de-juzgar\/\" data-layout=\"button_count\"><\/div><\/li><li class=\"share-twitter\"><a href=\"https:\/\/twitter.com\/share\" class=\"twitter-share-button\" data-url=\"http:\/\/www.michael-schumacher.es\/noticias-f1\/2013\/04\/13\/bahrein-dice-que-damon-hill-deberia-visitar-bahrein-antes-de-juzgar\/\" data-text=\"Bahrein dice que Damon Hill deber\u00eda visitar Bahrein antes de juzgar\"  >Tweet<\/a><\/li><li class=\"share-email\"><a rel=\"nofollow noopener noreferrer\" data-shared=\"\" class=\"share-email sd-button\" href=\"http:\/\/www.michael-schumacher.es\/noticias-f1\/2013\/04\/13\/bahrein-dice-que-damon-hill-deberia-visitar-bahrein-antes-de-juzgar\/?share=email\" target=\"_blank\" title=\"Haz clic para enviar por correo electr\u00f3nico a un amigo\"><span>Correo electr\u00f3nico<\/span><\/a><\/li><li class=\"share-end\"><\/li><\/ul><\/div><\/div><\/div>","protected":false},"author":3,"featured_media":0,"comment_status":"open","ping_status":"open","sticky":false,"template":"","format":"standard","meta":{"_monsterinsights_skip_tracking":false,"_monsterinsights_sitenote_active":false,"_monsterinsights_sitenote_note":"","_monsterinsights_sitenote_category":0,"spay_email":"","jetpack_publicize_message":"","jetpack_is_tweetstorm":false,"jetpack_publicize_feature_enabled":true},"categories":[3],"tags":[741,35,771,33,1824,3217,1516,17,15,3215,3216,1683,972,3214],"jetpack_featured_media_url":"","jetpack_publicize_connections":[],"jetpack_sharing_enabled":true,"jetpack_shortlink":"https:\/\/wp.me\/p27q3P-2ko","_links":{"self":[{"href":"http:\/\/www.michael-schumacher.es\/noticias-f1\/wp-json\/wp\/v2\/posts\/8952"}],"collection":[{"href":"http:\/\/www.michael-schumacher.es\/noticias-f1\/wp-json\/wp\/v2\/posts"}],"about":[{"href":"http:\/\/www.michael-schumacher.es\/noticias-f1\/wp-json\/wp\/v2\/types\/post"}],"author":[{"embeddable":true,"href":"http:\/\/www.michael-schumacher.es\/noticias-f1\/wp-json\/wp\/v2\/users\/3"}],"replies":[{"embeddable":true,"href":"http:\/\/www.michael-schumacher.es\/noticias-f1\/wp-json\/wp\/v2\/comments?post=8952"}],"version-history":[{"count":0,"href":"http:\/\/www.michael-schumacher.es\/noticias-f1\/wp-json\/wp\/v2\/posts\/8952\/revisions"}],"wp:attachment":[{"href":"http:\/\/www.michael-schumacher.es\/noticias-f1\/wp-json\/wp\/v2\/media?parent=8952"}],"wp:term":[{"taxonomy":"category","embeddable":true,"href":"http:\/\/www.michael-schumacher.es\/noticias-f1\/wp-json\/wp\/v2\/categories?post=8952"},{"taxonomy":"post_tag","embeddable":true,"href":"http:\/\/www.michael-schumacher.es\/noticias-f1\/wp-json\/wp\/v2\/tags?post=8952"}],"curies":[{"name":"wp","href":"https:\/\/api.w.org\/{rel}","templated":true}]}}