{"id":8994,"date":"2013-04-13T20:19:55","date_gmt":"2013-04-13T18:19:55","guid":{"rendered":"http:\/\/www.michael-schumacher.es\/noticias-f1\/?p=8994"},"modified":"2013-04-13T20:19:55","modified_gmt":"2013-04-13T18:19:55","slug":"calificacion-gp-de-china-shanghai-2013-toro-rosso","status":"publish","type":"post","link":"http:\/\/www.michael-schumacher.es\/noticias-f1\/2013\/04\/13\/calificacion-gp-de-china-shanghai-2013-toro-rosso\/","title":{"rendered":"Calificaci\u00f3n GP de China, Shangh\u00e1i 2013. Toro Rosso"},"content":{"rendered":"<p><a href=\"http:\/\/www.michael-schumacher.es\/noticias-f1\/wp-content\/uploads\/2013\/03\/jean-eric_vergne_test-bcn-2013_david-sarro.jpg\"><img loading=\"lazy\" class=\"alignleft\" alt=\"Jean-Eric Vergne - Test Bcn 2013 David Sarr\u00f3\" src=\"http:\/\/www.michael-schumacher.es\/noticias-f1\/wp-content\/uploads\/2013\/03\/jean-eric_vergne_test-bcn-2013_david-sarro.jpg\" width=\"200\" height=\"133\" \/><\/a>Toro Rosso ha conseguido un buen rendimiento Daniel Ricciardo que ha conseguido entrar en la Q3. La primera vez para en esta temporada para el equipo Toro Rosso.<\/p>\n<p><!--more--> <!--noteaser--><\/p>\n<p><a href=\"http:\/\/www.michael-schumacher.es\/noticias-f1\/wp-content\/uploads\/2013\/03\/jean-eric_vergne_test-bcn-2013_david-sarro.jpg\"><img loading=\"lazy\" class=\"aligncenter size-full wp-image-8335\" alt=\"Jean-Eric Vergne - Test Bcn 2013 David Sarr\u00f3\" src=\"http:\/\/www.michael-schumacher.es\/noticias-f1\/wp-content\/uploads\/2013\/03\/jean-eric_vergne_test-bcn-2013_david-sarro.jpg\" width=\"650\" height=\"433\" srcset=\"http:\/\/www.michael-schumacher.es\/noticias-f1\/wp-content\/uploads\/2013\/03\/jean-eric_vergne_test-bcn-2013_david-sarro.jpg 650w, http:\/\/www.michael-schumacher.es\/noticias-f1\/wp-content\/uploads\/2013\/03\/jean-eric_vergne_test-bcn-2013_david-sarro-300x199.jpg 300w\" sizes=\"(max-width: 650px) 100vw, 650px\" \/><\/a><\/p>\n<p>Toro Rosso ha conseguido un buen rendimiento Daniel Ricciardo que ha conseguido entrar en la Q3. La primera vez para en esta temporada para el equipo Toro Rosso.<\/p>\n<p>&nbsp;<\/p>\n<p>Daniel Ricciardo ha tenido un fant\u00e1stico rendimiento y saldr\u00e1 desde la posici\u00f3n\u00a0 7\u00ba, por lo que el piloto est\u00e1 muy motivado para la carrera de ma\u00f1ana y lograr un buen resultado. Jean-Eric Vergne, sin embargo ha terminado la calificaci\u00f3n decepcionado ya que pese a que ten\u00edan buen ritmo ayer, hoy no sent\u00eda c\u00f3modo el coche y solo pudo calificar en posici\u00f3n 16\u00ba, aunque saldr\u00e1 15\u00ba por la penalizaci\u00f3n de Webber ambos pilotos esperan u buen resultado ma\u00f1ana.<\/p>\n<p>&nbsp;<\/p>\n<p><strong>Daniel Ricciardo:<\/strong> \u00abEs bueno estar en la Q3. Es la primera vez desde Bahr\u00e9in el a\u00f1o pasado que he llegado a estar entre los diez primeros, as\u00ed que hace casi un a\u00f1o. Definitivamente estoy deseando tener una buena carrera ma\u00f1ana y darle todo lo que tengo para sacar el m\u00e1ximo provecho de esta s\u00e9ptima posici\u00f3n de la parrilla. Creo que va a ser una carrera emocionante y hoy, se pudo ver que la mayor\u00eda de nosotros esperamos hasta el \u00faltimo momento en la Q3 para salir, con el pensamiento de todo el mundo sobre el ahorro de los neum\u00e1ticos para ma\u00f1ana, ya que los blandos estaban obteniendo tiempos muy altos en las tandas largas de los viernes. Este resultado impulsar\u00e1 el \u00e1nimo de todos, y la m\u00eda tambi\u00e9n y realmente no puedo esperar a ver las luces salir ma\u00f1ana! Los chicos han estado trabajando muy duro en la f\u00e1brica y han hecho el coche m\u00e1s r\u00e1pido, por lo bien hecho a todo el mundo\u201d.<\/p>\n<p>&nbsp;<\/p>\n<p><strong>Jean-Eric Vergne:<\/strong> \u00abFue decepcionante, porque he estado en el ritmo desde el viernes, hab\u00eda algo que no se sent\u00eda del todo bien en el coche esta tarde. Sin embargo, estoy seguro de que podemos arreglar las cosas para ma\u00f1ana y ver como mi compa\u00f1ero de equipo clasific\u00f3 a, que tiene que ser una se\u00f1al positiva para el ma\u00f1ana, porque el coche est\u00e1 claramente trabajando bien. Habr\u00e1 un mont\u00f3n de oportunidades para hacer algo de aqu\u00ed, en la carrera. La situaci\u00f3n de los neum\u00e1ticos es bastante complicada y tendremos que ver c\u00f3mo sacar el m\u00e1ximo provecho de ellos, porque la estrategia correcta ser\u00e1 el mayor factor de la tarde de ma\u00f1ana. Lo que podemos decir es que el coche ha mejorado en comparaci\u00f3n con las dos primeras carreras\u201d.<\/p>\n<p>&nbsp;<\/p>\n<p><strong>James Key (Director T\u00e9cnico):<\/strong> \u00abHemos tra\u00eddo algunos cambios relativamente sutiles aqu\u00ed que la mejora en el hardware que ten\u00edamos para las dos primeras carreras que esper\u00e1bamos que nos permiten hacer un buen paso adelante y, en general, lo dimos. No esperamos a ser mucho mejor aqu\u00ed, ya que este tema ha sido tradicionalmente dif\u00edcil para nosotros. Sin embargo, el fin de semana nuestro desempe\u00f1o ha sido razonable y tuvimos un tiempo m\u00e1s suave de viernes a s\u00e1bado que en las anteriores carreras y el coche est\u00e1 respondiendo bien a los cambios. Daniel puso en un esfuerzo fant\u00e1stico, haciendo todo bien y encontrar una gran cantidad de tiempo con cada juego de neum\u00e1ticos nuevos. Fue un buen pilotaje y bien merece estar en la Q3 y un s\u00e9ptimo puesto en la parrilla. Tambi\u00e9n es una gran noticia para el equipo, ya que todos hemos estado trabajando muy duro en la pista y en la f\u00e1brica, porque sab\u00edamos que pod\u00edamos hacerlo mejor que en las dos primeras carreras. Fue muy desafortunado para Jev, que hasta esta tarde estaba en el mismo ritmo que su compa\u00f1ero de equipo. Sin embargo, saldremos desde decimosexto en la parrilla pero seguiremos siendo optimistas para conseguir puntos el domingo, Inevitablemente, con el diferencial entre nuestros coches en la parrilla, vamos a buscar dos estrategias diferentes para el ma\u00f1ana. El neum\u00e1tico blando es algo desconocido, mientras que el viernes se demostr\u00f3 que el duro est\u00e1 durando bastante bien.\u00bb<\/p>\n<p>&nbsp;<\/p>\n<p><strong>Imagen:<\/strong> David Sarr\u00f3<\/p>\n<div class=\"sharedaddy sd-sharing-enabled\"><div class=\"robots-nocontent sd-block sd-social sd-social-official sd-sharing\"><h3 class=\"sd-title\">Opciones Sociales:<\/h3><div class=\"sd-content\"><ul><li class=\"share-facebook\"><div class=\"fb-share-button\" data-href=\"http:\/\/www.michael-schumacher.es\/noticias-f1\/2013\/04\/13\/calificacion-gp-de-china-shanghai-2013-toro-rosso\/\" data-layout=\"button_count\"><\/div><\/li><li class=\"share-twitter\"><a href=\"https:\/\/twitter.com\/share\" class=\"twitter-share-button\" data-url=\"http:\/\/www.michael-schumacher.es\/noticias-f1\/2013\/04\/13\/calificacion-gp-de-china-shanghai-2013-toro-rosso\/\" data-text=\"Calificaci\u00f3n GP de China, Shangh\u00e1i 2013. Toro Rosso\"  >Tweet<\/a><\/li><li class=\"share-email\"><a rel=\"nofollow noopener noreferrer\" data-shared=\"\" class=\"share-email sd-button\" href=\"http:\/\/www.michael-schumacher.es\/noticias-f1\/2013\/04\/13\/calificacion-gp-de-china-shanghai-2013-toro-rosso\/?share=email\" target=\"_blank\" title=\"Haz clic para enviar por correo electr\u00f3nico a un amigo\"><span>Correo electr\u00f3nico<\/span><\/a><\/li><li class=\"share-end\"><\/li><\/ul><\/div><\/div><\/div>","protected":false},"excerpt":{"rendered":"<p>Toro Rosso ha conseguido un buen rendimiento Daniel Ricciardo que ha conseguido entrar en la Q3. La primera vez para en esta temporada para el equipo Toro Rosso.<\/p>\n<div class=\"sharedaddy sd-sharing-enabled\"><div class=\"robots-nocontent sd-block sd-social sd-social-official sd-sharing\"><h3 class=\"sd-title\">Opciones Sociales:<\/h3><div class=\"sd-content\"><ul><li class=\"share-facebook\"><div class=\"fb-share-button\" data-href=\"http:\/\/www.michael-schumacher.es\/noticias-f1\/2013\/04\/13\/calificacion-gp-de-china-shanghai-2013-toro-rosso\/\" data-layout=\"button_count\"><\/div><\/li><li class=\"share-twitter\"><a href=\"https:\/\/twitter.com\/share\" class=\"twitter-share-button\" data-url=\"http:\/\/www.michael-schumacher.es\/noticias-f1\/2013\/04\/13\/calificacion-gp-de-china-shanghai-2013-toro-rosso\/\" data-text=\"Calificaci\u00f3n GP de China, Shangh\u00e1i 2013. Toro Rosso\"  >Tweet<\/a><\/li><li class=\"share-email\"><a rel=\"nofollow noopener noreferrer\" data-shared=\"\" class=\"share-email sd-button\" href=\"http:\/\/www.michael-schumacher.es\/noticias-f1\/2013\/04\/13\/calificacion-gp-de-china-shanghai-2013-toro-rosso\/?share=email\" target=\"_blank\" title=\"Haz clic para enviar por correo electr\u00f3nico a un amigo\"><span>Correo electr\u00f3nico<\/span><\/a><\/li><li class=\"share-end\"><\/li><\/ul><\/div><\/div><\/div>","protected":false},"author":3,"featured_media":0,"comment_status":"open","ping_status":"open","sticky":false,"template":"","format":"standard","meta":{"_monsterinsights_skip_tracking":false,"_monsterinsights_sitenote_active":false,"_monsterinsights_sitenote_note":"","_monsterinsights_sitenote_category":0,"spay_email":"","jetpack_publicize_message":"","jetpack_is_tweetstorm":false,"jetpack_publicize_feature_enabled":true},"categories":[68,3],"tags":[373,155,7,159,101,17,15,6,8,99,102,1829,238,103,100],"jetpack_featured_media_url":"","jetpack_publicize_connections":[],"jetpack_sharing_enabled":true,"jetpack_shortlink":"https:\/\/wp.me\/p27q3P-2l4","_links":{"self":[{"href":"http:\/\/www.michael-schumacher.es\/noticias-f1\/wp-json\/wp\/v2\/posts\/8994"}],"collection":[{"href":"http:\/\/www.michael-schumacher.es\/noticias-f1\/wp-json\/wp\/v2\/posts"}],"about":[{"href":"http:\/\/www.michael-schumacher.es\/noticias-f1\/wp-json\/wp\/v2\/types\/post"}],"author":[{"embeddable":true,"href":"http:\/\/www.michael-schumacher.es\/noticias-f1\/wp-json\/wp\/v2\/users\/3"}],"replies":[{"embeddable":true,"href":"http:\/\/www.michael-schumacher.es\/noticias-f1\/wp-json\/wp\/v2\/comments?post=8994"}],"version-history":[{"count":0,"href":"http:\/\/www.michael-schumacher.es\/noticias-f1\/wp-json\/wp\/v2\/posts\/8994\/revisions"}],"wp:attachment":[{"href":"http:\/\/www.michael-schumacher.es\/noticias-f1\/wp-json\/wp\/v2\/media?parent=8994"}],"wp:term":[{"taxonomy":"category","embeddable":true,"href":"http:\/\/www.michael-schumacher.es\/noticias-f1\/wp-json\/wp\/v2\/categories?post=8994"},{"taxonomy":"post_tag","embeddable":true,"href":"http:\/\/www.michael-schumacher.es\/noticias-f1\/wp-json\/wp\/v2\/tags?post=8994"}],"curies":[{"name":"wp","href":"https:\/\/api.w.org\/{rel}","templated":true}]}}