{"id":9024,"date":"2013-04-14T13:33:10","date_gmt":"2013-04-14T11:33:10","guid":{"rendered":"http:\/\/www.michael-schumacher.es\/noticias-f1\/?p=9024"},"modified":"2013-04-14T13:35:17","modified_gmt":"2013-04-14T11:35:17","slug":"raikkonen-podria-haber-ganado-sin-el-toque-con-perez","status":"publish","type":"post","link":"http:\/\/www.michael-schumacher.es\/noticias-f1\/2013\/04\/14\/raikkonen-podria-haber-ganado-sin-el-toque-con-perez\/","title":{"rendered":"Raikkonen: Podr\u00eda haber ganado, sin el toque con P\u00e9rez"},"content":{"rendered":"<p><a href=\"http:\/\/www.michael-schumacher.es\/noticias-f1\/wp-content\/uploads\/2012\/08\/raikkonen-1.2.jpg\"><img loading=\"lazy\" class=\"alignleft\" alt=\"Kimi Raikkonen 1.2\" src=\"http:\/\/www.michael-schumacher.es\/noticias-f1\/wp-content\/uploads\/2012\/08\/raikkonen-1.2.jpg\" width=\"200\" height=\"133\" \/><\/a>Pese a que est\u00e1 relativamente contento con su segunda posici\u00f3n que tambi\u00e9n lo mantiene segundo en el campeonato de pilotos, Kimi piensa que sin el toque con Sergio P\u00e9rez pod\u00eda haber ganado la carrera: <strong>\u00abEn segundo lugar es bueno, pero yo quer\u00eda ganar. Tuve un mal comienzo, pero entonces el coche estaba bien. Posteriormente P\u00e9rez cay\u00f3 delante de m\u00ed y me empuj\u00f3 sobre los bordillos, da\u00f1\u00e9 mi aler\u00f3n. Eso no me ayuda, yo ten\u00eda un poco de subviraje. Pude mantener el segundo lugar, pero de lo contrario podr\u00eda ir m\u00e1s r\u00e1pido y ganar tal vez\u201d. <\/strong><\/p>\n<p><!--more--> <!--noteaser--><\/p>\n<p><a href=\"http:\/\/www.michael-schumacher.es\/noticias-f1\/wp-content\/uploads\/2012\/08\/raikkonen-1.2.jpg\"><img loading=\"lazy\" class=\"aligncenter size-full wp-image-3298\" alt=\"Kimi Raikkonen 1.2\" src=\"http:\/\/www.michael-schumacher.es\/noticias-f1\/wp-content\/uploads\/2012\/08\/raikkonen-1.2.jpg\" width=\"600\" height=\"400\" srcset=\"http:\/\/www.michael-schumacher.es\/noticias-f1\/wp-content\/uploads\/2012\/08\/raikkonen-1.2.jpg 600w, http:\/\/www.michael-schumacher.es\/noticias-f1\/wp-content\/uploads\/2012\/08\/raikkonen-1.2-300x200.jpg 300w\" sizes=\"(max-width: 600px) 100vw, 600px\" \/><\/a><\/p>\n<p>&nbsp;<\/p>\n<p>Pese a que est\u00e1 relativamente contento con su segunda posici\u00f3n que tambi\u00e9n lo mantiene segundo en el campeonato de pilotos, Kimi piensa que sin el toque con Sergio P\u00e9rez pod\u00eda haber ganado la carrera: <strong>\u00abEn segundo lugar es bueno, pero yo quer\u00eda ganar. Tuve un mal comienzo, pero entonces el coche estaba bien. Posteriormente P\u00e9rez cay\u00f3 delante de m\u00ed y me empuj\u00f3 sobre los bordillos, da\u00f1\u00e9 mi aler\u00f3n. Eso no me ayuda, yo ten\u00eda un poco de subviraje. Pude mantener el segundo lugar, pero de lo contrario podr\u00eda ir m\u00e1s r\u00e1pido y ganar tal vez\u201d. <\/strong><\/p>\n<p>&nbsp;<\/p>\n<p>Kimi Raikkonen tampoco est\u00e1 seguro si fue la decisi\u00f3n correcta continuar sin cambiar el aler\u00f3n da\u00f1ado, pero decidieron no hacerlo:<strong> \u00abPero yo quer\u00eda cambiarlo! Este es el equipo que analiz\u00f3 el ala en la primera parada y me dijo que para continuar. No s\u00e9 si fue la decisi\u00f3n correcta o si se debe perder unos segundos. El coche era lo suficientemente bueno. Yo estaba especialmente sorprendido de que el equipo me diga eso, yo pens\u00e9 que ten\u00eda un problema m\u00e1s grande porque me golpe\u00f3 bastante fuerte P\u00e9rez. Es una pena, tambi\u00e9n destruy\u00f3 mis neum\u00e1ticos delanteros porque este aler\u00f3n. Vamos a hacerlo mejor la pr\u00f3xima vez\u201d.<\/strong><\/p>\n<p>&nbsp;<\/p>\n<p>&nbsp;<\/p>\n<div class=\"sharedaddy sd-sharing-enabled\"><div class=\"robots-nocontent sd-block sd-social sd-social-official sd-sharing\"><h3 class=\"sd-title\">Opciones Sociales:<\/h3><div class=\"sd-content\"><ul><li class=\"share-facebook\"><div class=\"fb-share-button\" data-href=\"http:\/\/www.michael-schumacher.es\/noticias-f1\/2013\/04\/14\/raikkonen-podria-haber-ganado-sin-el-toque-con-perez\/\" data-layout=\"button_count\"><\/div><\/li><li class=\"share-twitter\"><a href=\"https:\/\/twitter.com\/share\" class=\"twitter-share-button\" data-url=\"http:\/\/www.michael-schumacher.es\/noticias-f1\/2013\/04\/14\/raikkonen-podria-haber-ganado-sin-el-toque-con-perez\/\" data-text=\"Raikkonen: Podr\u00eda haber ganado, sin el toque con P\u00e9rez\"  >Tweet<\/a><\/li><li class=\"share-email\"><a rel=\"nofollow noopener noreferrer\" data-shared=\"\" class=\"share-email sd-button\" href=\"http:\/\/www.michael-schumacher.es\/noticias-f1\/2013\/04\/14\/raikkonen-podria-haber-ganado-sin-el-toque-con-perez\/?share=email\" target=\"_blank\" title=\"Haz clic para enviar por correo electr\u00f3nico a un amigo\"><span>Correo electr\u00f3nico<\/span><\/a><\/li><li class=\"share-end\"><\/li><\/ul><\/div><\/div><\/div>","protected":false},"excerpt":{"rendered":"<p>Pese a que est\u00e1 relativamente contento con su segunda posici\u00f3n que tambi\u00e9n lo mantiene segundo en el campeonato de pilotos, Kimi piensa que sin el toque con Sergio P\u00e9rez pod\u00eda haber ganado la carrera: \u00abEn segundo lugar es bueno, pero yo quer\u00eda ganar. Tuve un mal comienzo, pero entonces el coche estaba bien. Posteriormente P\u00e9rez [&hellip;]<\/p>\n<div class=\"sharedaddy sd-sharing-enabled\"><div class=\"robots-nocontent sd-block sd-social sd-social-official sd-sharing\"><h3 class=\"sd-title\">Opciones Sociales:<\/h3><div class=\"sd-content\"><ul><li class=\"share-facebook\"><div class=\"fb-share-button\" data-href=\"http:\/\/www.michael-schumacher.es\/noticias-f1\/2013\/04\/14\/raikkonen-podria-haber-ganado-sin-el-toque-con-perez\/\" data-layout=\"button_count\"><\/div><\/li><li class=\"share-twitter\"><a href=\"https:\/\/twitter.com\/share\" class=\"twitter-share-button\" data-url=\"http:\/\/www.michael-schumacher.es\/noticias-f1\/2013\/04\/14\/raikkonen-podria-haber-ganado-sin-el-toque-con-perez\/\" data-text=\"Raikkonen: Podr\u00eda haber ganado, sin el toque con P\u00e9rez\"  >Tweet<\/a><\/li><li class=\"share-email\"><a rel=\"nofollow noopener noreferrer\" data-shared=\"\" class=\"share-email sd-button\" href=\"http:\/\/www.michael-schumacher.es\/noticias-f1\/2013\/04\/14\/raikkonen-podria-haber-ganado-sin-el-toque-con-perez\/?share=email\" target=\"_blank\" title=\"Haz clic para enviar por correo electr\u00f3nico a un amigo\"><span>Correo electr\u00f3nico<\/span><\/a><\/li><li class=\"share-end\"><\/li><\/ul><\/div><\/div><\/div>","protected":false},"author":3,"featured_media":0,"comment_status":"open","ping_status":"open","sticky":false,"template":"","format":"standard","meta":{"_monsterinsights_skip_tracking":false,"_monsterinsights_sitenote_active":false,"_monsterinsights_sitenote_note":"","_monsterinsights_sitenote_category":0,"spay_email":"","jetpack_publicize_message":"","jetpack_is_tweetstorm":false,"jetpack_publicize_feature_enabled":true},"categories":[3],"tags":[373,464,516,521,7,1528,17,15,6,81,90,24,1428,89,3220,238,187],"jetpack_featured_media_url":"","jetpack_publicize_connections":[],"jetpack_sharing_enabled":true,"jetpack_shortlink":"https:\/\/wp.me\/p27q3P-2ly","_links":{"self":[{"href":"http:\/\/www.michael-schumacher.es\/noticias-f1\/wp-json\/wp\/v2\/posts\/9024"}],"collection":[{"href":"http:\/\/www.michael-schumacher.es\/noticias-f1\/wp-json\/wp\/v2\/posts"}],"about":[{"href":"http:\/\/www.michael-schumacher.es\/noticias-f1\/wp-json\/wp\/v2\/types\/post"}],"author":[{"embeddable":true,"href":"http:\/\/www.michael-schumacher.es\/noticias-f1\/wp-json\/wp\/v2\/users\/3"}],"replies":[{"embeddable":true,"href":"http:\/\/www.michael-schumacher.es\/noticias-f1\/wp-json\/wp\/v2\/comments?post=9024"}],"version-history":[{"count":0,"href":"http:\/\/www.michael-schumacher.es\/noticias-f1\/wp-json\/wp\/v2\/posts\/9024\/revisions"}],"wp:attachment":[{"href":"http:\/\/www.michael-schumacher.es\/noticias-f1\/wp-json\/wp\/v2\/media?parent=9024"}],"wp:term":[{"taxonomy":"category","embeddable":true,"href":"http:\/\/www.michael-schumacher.es\/noticias-f1\/wp-json\/wp\/v2\/categories?post=9024"},{"taxonomy":"post_tag","embeddable":true,"href":"http:\/\/www.michael-schumacher.es\/noticias-f1\/wp-json\/wp\/v2\/tags?post=9024"}],"curies":[{"name":"wp","href":"https:\/\/api.w.org\/{rel}","templated":true}]}}