{"id":9087,"date":"2013-04-14T22:26:19","date_gmt":"2013-04-14T20:26:19","guid":{"rendered":"http:\/\/www.michael-schumacher.es\/noticias-f1\/?p=9087"},"modified":"2013-04-14T22:26:19","modified_gmt":"2013-04-14T20:26:19","slug":"balance-gp-de-china-shanghai-2013-sauber","status":"publish","type":"post","link":"http:\/\/www.michael-schumacher.es\/noticias-f1\/2013\/04\/14\/balance-gp-de-china-shanghai-2013-sauber\/","title":{"rendered":"Balance GP de China, Shangh\u00e1i 2013. Sauber"},"content":{"rendered":"<p><a href=\"http:\/\/www.michael-schumacher.es\/noticias-f1\/wp-content\/uploads\/2013\/03\/nico_hulkenberg_test-bcn-2013_david-sarro.jpg\"><img loading=\"lazy\" class=\"alignleft\" alt=\"Nico Hulkenberg - Test Bcn 2013 - David Sarr\u00f3\" src=\"http:\/\/www.michael-schumacher.es\/noticias-f1\/wp-content\/uploads\/2013\/03\/nico_hulkenberg_test-bcn-2013_david-sarro.jpg\" width=\"200\" height=\"133\" \/><\/a>El equipo Sauber tambi\u00e9n se lleva cosas positivas de su trabajo en el GP de China, como que las medidas t\u00e9cnicas que han adoptado est\u00e1n funcionando, lo que les anima a seguir trabajando y est\u00e1n deseando que llegue la pr\u00f3xima carrera.<\/p>\n<p><!--more--> <!--noteaser--><\/p>\n<p><a href=\"http:\/\/www.michael-schumacher.es\/noticias-f1\/wp-content\/uploads\/2013\/03\/nico_hulkenberg_test-bcn-2013_david-sarro.jpg\"><img loading=\"lazy\" class=\"aligncenter size-full wp-image-8249\" alt=\"Nico Hulkenberg - Test Bcn 2013 - David Sarr\u00f3\" src=\"http:\/\/www.michael-schumacher.es\/noticias-f1\/wp-content\/uploads\/2013\/03\/nico_hulkenberg_test-bcn-2013_david-sarro.jpg\" width=\"650\" height=\"433\" srcset=\"http:\/\/www.michael-schumacher.es\/noticias-f1\/wp-content\/uploads\/2013\/03\/nico_hulkenberg_test-bcn-2013_david-sarro.jpg 650w, http:\/\/www.michael-schumacher.es\/noticias-f1\/wp-content\/uploads\/2013\/03\/nico_hulkenberg_test-bcn-2013_david-sarro-300x199.jpg 300w\" sizes=\"(max-width: 650px) 100vw, 650px\" \/><\/a><\/p>\n<p>El equipo Sauber tambi\u00e9n se lleva cosas positivas de su trabajo en el GP de China, como que las medidas t\u00e9cnicas que han adoptado est\u00e1n funcionando, lo que les anima a seguir trabajando y est\u00e1n deseando que llegue la pr\u00f3xima carrera.<\/p>\n<p>&nbsp;<\/p>\n<p>Nico Hulkenberg termin\u00f3 d\u00e9cimo y anot\u00f3 un punto en el Gran Premio de China en Shanghai. \u00c9l fue muy fuerte durante buena parte de la carrera, pero luego hacia el final perdi\u00f3 terreno, pero logro acabar la carrera en posici\u00f3n decima. Esteban Guti\u00e9rrez hizo un muy buen comienzo, sin embargo en la\u00a0 quinta vuelta perdi\u00f3 el control de su coche en la frenada y\u00a0 golpeo la parte trasera del coche de Adrian Sutil, terminando as\u00ed la carrera<\/p>\n<p>&nbsp;<\/p>\n<p><strong>Nico H\u00fclkenberg:<\/strong> <em>\u00abHa sido una carrera bastante mezclada con emociones encontradas. Obviamente, fue muy agradable de nuevo, estar en el frente luchando con los mejores equipos. Tuve un comienzo razonable y algunas batallas agradables en las primeras vueltas. Tuve la oportunidad de ganar algunas posiciones, pero, de alguna manera, hacia el final de la carrera, est\u00e1bamos perdiendo un poco de ritmo. Una vez eres primero o el segundo que es comprensible esperar m\u00e1s. Sin embargo, pudo ser la verdadera imagen, ya que estaban corriendo fuera de secuencia con otras personas que hab\u00edan empezando con los neum\u00e1ticos blandos. Pero de todos modos, fue una carrera bastante buena. No creo que los dos problemas que tuve en el pit lane marcado la diferencia entre ganar o perder\u201d.<\/em><\/p>\n<p>&nbsp;<\/p>\n<p><strong>Esteban Guti\u00e9rrez:<\/strong> <em>\u00abEn primer lugar, tuve un buen comienzo y una buena primera vuelta. Hasta\u00a0 el momento de la carrera, cuando se produjo el accidente, ten\u00eda una velocidad razonable y fuimos capaces de mantener el ritmo con el fin de permanecer con el grupo de delante. Justo antes de entrar en la larga recta que ten\u00eda Checo (P\u00e9rez) en lucha detr\u00e1s de m\u00ed, y me acerqu\u00e9 a la curva demasiado r\u00e1pido. Yo estaba frenado en el mismo lugar donde suelo freno, sin embargo, no previne la p\u00e9rdida de carga aerodin\u00e1mica y la cantidad de velocidad que ten\u00eda. Hice lo mejor que pude para detenerlo, pero no tuve \u00e9xito. Definitivamente fue mi culpa, y pido disculpas a Adrian (Sutil) y para su equipo. No es una buena sensaci\u00f3n terminar una carrera como esta, pero tenemos algo que nos animan a seguir adelante y seguir presionando. Tuvimos un buen ritmo, y vamos a seguir adelante\u201d.<\/em><\/p>\n<p>&nbsp;<\/p>\n<p><strong>Monisha Kaltenborn, director del equipo:<\/strong> <em>\u00abEstamos un poco decepcionados con el resultado, ya que, en funci\u00f3n de c\u00f3mo ha ido la carrera de Nico, sentimos que podr\u00eda haber logrado m\u00e1s. Tenemos que investigar por qu\u00e9 el rendimiento no fue el esperado en el tramo final. En cuanto a Esteban, \u00e9l hizo un muy buen comienzo. Por desgracia, perdi\u00f3 el control del coche en la frenada que termin\u00f3 su carrera. As\u00ed que se perdi\u00f3 las oportunidades que seguro que habr\u00eda tenido durante la carrera. Para nosotros, como equipo, es importante ver que las medidas t\u00e9cnicas que hemos tomado para esta carrera estaban en lo cierto, y tenemos que seguir trabajando en esa direcci\u00f3n\u201d.<\/em><\/p>\n<p>&nbsp;<\/p>\n<p><strong>Tom McCullough, Director de Ingenier\u00eda de la pista:<\/strong><em> \u00abDespu\u00e9s de una primera vuelta fuerte, la carrera de Esteban termin\u00f3 en la vuelta cinco. El ritmo de Nico en las tres primeras tandas se mostr\u00f3 muy fuerte. En el tramo final no fuimos tan r\u00e1pido como quisi\u00e9ramos ser, y en \u00faltima instancia P10 es donde terminamos. Es necesario revisar las causas de que una vez que tengamos el coche de vuelta. Estamos deseando que llegue el pr\u00f3ximo fin de semana la carrera en Bahrein. \u00ab<\/em><\/p>\n<p>&nbsp;<\/p>\n<p><strong>Imagen:<\/strong> David Sarr\u00f3<\/p>\n<div class=\"sharedaddy sd-sharing-enabled\"><div class=\"robots-nocontent sd-block sd-social sd-social-official sd-sharing\"><h3 class=\"sd-title\">Opciones Sociales:<\/h3><div class=\"sd-content\"><ul><li class=\"share-facebook\"><div class=\"fb-share-button\" data-href=\"http:\/\/www.michael-schumacher.es\/noticias-f1\/2013\/04\/14\/balance-gp-de-china-shanghai-2013-sauber\/\" data-layout=\"button_count\"><\/div><\/li><li class=\"share-twitter\"><a href=\"https:\/\/twitter.com\/share\" class=\"twitter-share-button\" data-url=\"http:\/\/www.michael-schumacher.es\/noticias-f1\/2013\/04\/14\/balance-gp-de-china-shanghai-2013-sauber\/\" data-text=\"Balance GP de China, Shangh\u00e1i 2013. Sauber\"  >Tweet<\/a><\/li><li class=\"share-email\"><a rel=\"nofollow noopener noreferrer\" data-shared=\"\" class=\"share-email sd-button\" href=\"http:\/\/www.michael-schumacher.es\/noticias-f1\/2013\/04\/14\/balance-gp-de-china-shanghai-2013-sauber\/?share=email\" target=\"_blank\" title=\"Haz clic para enviar por correo electr\u00f3nico a un amigo\"><span>Correo electr\u00f3nico<\/span><\/a><\/li><li class=\"share-end\"><\/li><\/ul><\/div><\/div><\/div>","protected":false},"excerpt":{"rendered":"<p>El equipo Sauber tambi\u00e9n se lleva cosas positivas de su trabajo en el GP de China, como que las medidas t\u00e9cnicas que han adoptado est\u00e1n funcionando, lo que les anima a seguir trabajando y est\u00e1n deseando que llegue la pr\u00f3xima carrera.<\/p>\n<div class=\"sharedaddy sd-sharing-enabled\"><div class=\"robots-nocontent sd-block sd-social sd-social-official sd-sharing\"><h3 class=\"sd-title\">Opciones Sociales:<\/h3><div class=\"sd-content\"><ul><li class=\"share-facebook\"><div class=\"fb-share-button\" data-href=\"http:\/\/www.michael-schumacher.es\/noticias-f1\/2013\/04\/14\/balance-gp-de-china-shanghai-2013-sauber\/\" data-layout=\"button_count\"><\/div><\/li><li class=\"share-twitter\"><a href=\"https:\/\/twitter.com\/share\" class=\"twitter-share-button\" data-url=\"http:\/\/www.michael-schumacher.es\/noticias-f1\/2013\/04\/14\/balance-gp-de-china-shanghai-2013-sauber\/\" data-text=\"Balance GP de China, Shangh\u00e1i 2013. Sauber\"  >Tweet<\/a><\/li><li class=\"share-email\"><a rel=\"nofollow noopener noreferrer\" data-shared=\"\" class=\"share-email sd-button\" href=\"http:\/\/www.michael-schumacher.es\/noticias-f1\/2013\/04\/14\/balance-gp-de-china-shanghai-2013-sauber\/?share=email\" target=\"_blank\" title=\"Haz clic para enviar por correo electr\u00f3nico a un amigo\"><span>Correo electr\u00f3nico<\/span><\/a><\/li><li class=\"share-end\"><\/li><\/ul><\/div><\/div><\/div>","protected":false},"author":3,"featured_media":0,"comment_status":"open","ping_status":"open","sticky":false,"template":"","format":"standard","meta":{"_monsterinsights_skip_tracking":false,"_monsterinsights_sitenote_active":false,"_monsterinsights_sitenote_note":"","_monsterinsights_sitenote_category":0,"spay_email":"","jetpack_publicize_message":"","jetpack_is_tweetstorm":false,"jetpack_publicize_feature_enabled":true},"categories":[4,3],"tags":[373,464,401,64,7,1751,17,15,6,8,2059,112,111,86,1829,238,3018],"jetpack_featured_media_url":"","jetpack_publicize_connections":[],"jetpack_sharing_enabled":true,"jetpack_shortlink":"https:\/\/wp.me\/p27q3P-2mz","_links":{"self":[{"href":"http:\/\/www.michael-schumacher.es\/noticias-f1\/wp-json\/wp\/v2\/posts\/9087"}],"collection":[{"href":"http:\/\/www.michael-schumacher.es\/noticias-f1\/wp-json\/wp\/v2\/posts"}],"about":[{"href":"http:\/\/www.michael-schumacher.es\/noticias-f1\/wp-json\/wp\/v2\/types\/post"}],"author":[{"embeddable":true,"href":"http:\/\/www.michael-schumacher.es\/noticias-f1\/wp-json\/wp\/v2\/users\/3"}],"replies":[{"embeddable":true,"href":"http:\/\/www.michael-schumacher.es\/noticias-f1\/wp-json\/wp\/v2\/comments?post=9087"}],"version-history":[{"count":0,"href":"http:\/\/www.michael-schumacher.es\/noticias-f1\/wp-json\/wp\/v2\/posts\/9087\/revisions"}],"wp:attachment":[{"href":"http:\/\/www.michael-schumacher.es\/noticias-f1\/wp-json\/wp\/v2\/media?parent=9087"}],"wp:term":[{"taxonomy":"category","embeddable":true,"href":"http:\/\/www.michael-schumacher.es\/noticias-f1\/wp-json\/wp\/v2\/categories?post=9087"},{"taxonomy":"post_tag","embeddable":true,"href":"http:\/\/www.michael-schumacher.es\/noticias-f1\/wp-json\/wp\/v2\/tags?post=9087"}],"curies":[{"name":"wp","href":"https:\/\/api.w.org\/{rel}","templated":true}]}}