{"id":9120,"date":"2013-04-17T11:37:08","date_gmt":"2013-04-17T09:37:08","guid":{"rendered":"http:\/\/www.michael-schumacher.es\/noticias-f1\/?p=9120"},"modified":"2013-04-17T19:55:05","modified_gmt":"2013-04-17T17:55:05","slug":"previo-gp-de-bahrein-sakhir-2013-sauber","status":"publish","type":"post","link":"http:\/\/www.michael-schumacher.es\/noticias-f1\/2013\/04\/17\/previo-gp-de-bahrein-sakhir-2013-sauber\/","title":{"rendered":"Previo GP de Bahr\u00e9in, Sakhir 2013. Sauber"},"content":{"rendered":"<p><a href=\"http:\/\/www.michael-schumacher.es\/noticias-f1\/wp-content\/uploads\/2013\/03\/nico_hulkenberg_test-bcn-2013_david-sarro.jpg\"><img loading=\"lazy\" class=\"alignleft\" alt=\"Nico Hulkenberg - Test Bcn 2013 - David Sarr\u00f3\" src=\"http:\/\/www.michael-schumacher.es\/noticias-f1\/wp-content\/uploads\/2013\/03\/nico_hulkenberg_test-bcn-2013_david-sarro.jpg\" width=\"200\" height=\"133\" \/><\/a>Sauber espera conseguir buenos resultados en el Gran Premio de Bahrein, tras un fin de semana de sentimientos encontrados. Nico Hulkenberg logr\u00f3 puntuar en Shanghai para el campeonato y est\u00e1 ansioso por correr en Sakhir, pero lleg\u00f3 la decepci\u00f3n para Esteban Guti\u00e9rrez con el que pod\u00edan esperar tambi\u00e9n un buen resultado, pero tras el accidente en Shanghai llega a Bahrein, con una sanci\u00f3n de\u00a0 cinco puestos en la parrilla de salida, aunque esto no va a cambiar su motivaci\u00f3n ni la del equipo.<\/p>\n<p><!--more--> <!--noteaser--><\/p>\n<p><a href=\"http:\/\/www.michael-schumacher.es\/noticias-f1\/wp-content\/uploads\/2013\/03\/nico_hulkenberg_test-bcn-2013_david-sarro.jpg\"><img loading=\"lazy\" class=\"aligncenter size-full wp-image-8249\" alt=\"Nico Hulkenberg - Test Bcn 2013 - David Sarr\u00f3\" src=\"http:\/\/www.michael-schumacher.es\/noticias-f1\/wp-content\/uploads\/2013\/03\/nico_hulkenberg_test-bcn-2013_david-sarro.jpg\" width=\"650\" height=\"433\" srcset=\"http:\/\/www.michael-schumacher.es\/noticias-f1\/wp-content\/uploads\/2013\/03\/nico_hulkenberg_test-bcn-2013_david-sarro.jpg 650w, http:\/\/www.michael-schumacher.es\/noticias-f1\/wp-content\/uploads\/2013\/03\/nico_hulkenberg_test-bcn-2013_david-sarro-300x199.jpg 300w\" sizes=\"(max-width: 650px) 100vw, 650px\" \/><\/a><\/p>\n<p>&nbsp;<\/p>\n<p>Sauber espera conseguir buenos resultados en el Gran Premio de Bahrein, tras un fin de semana de sentimientos encontrados. Nico Hulkenberg logr\u00f3 puntuar en Shanghai para el campeonato y est\u00e1 ansioso por correr en Sakhir, pero lleg\u00f3 la decepci\u00f3n para Esteban Guti\u00e9rrez con el que pod\u00edan esperar tambi\u00e9n un buen resultado, pero tras el accidente en Shanghai llega a Bahrein, con una sanci\u00f3n de\u00a0 cinco puestos en la parrilla de salida, aunque esto no va a cambiar su motivaci\u00f3n ni la del equipo.<\/p>\n<p>&nbsp;<\/p>\n<p><strong>Nico Hulkenberg:<\/strong> <em>\u00abEstoy ansioso por volver a competir en Bahrein. Fui all\u00ed en 2010 mi primer Gran Premio de F\u00f3rmula 1. El circuito que me gusta, y el ambiente en el paddock es siempre algo especial, como con una atm\u00f3sfera de las 1001 noches. Adem\u00e1s de las altas temperaturas, los frenos son cruciales porque varias veces por vuelta se va m\u00e1s de 300 km \/ h, y entonces tienes que frenar fuerte en la curva. Por lo tanto, el equilibrio es entre la velocidad de carga aerodin\u00e1mica normal y alto.\u00bb<\/em><\/p>\n<p><em>\u00a0<\/em><\/p>\n<p><strong>Esteban Gutierrez:<\/strong> <em>\u00abEl Gran Premio de China termin\u00f3 en una gran decepci\u00f3n para m\u00ed. Comet\u00ed un error que no s\u00f3lo termin\u00f3 mi carrera, yo tambi\u00e9n fui castigado con una penalizaci\u00f3n de cinco posiciones en parrilla. Esto hace que la carrera en Bahrein, por supuesto, no es f\u00e1cil, pero eso no cambia mi motivaci\u00f3n. Voy a luchar y hacer lo mejor de esta situaci\u00f3n. El fin de semana China tambi\u00e9n tiene aspectos positivos. Las medidas t\u00e9cnicas que los ingenieros hab\u00edan iniciado, trajo una notable mejor\u00eda. Bahrein es otra estaci\u00f3n caliente en el calendario. Aunque no es tan h\u00famedo como en Malasia, pero hay que estar en forma para soportar el calor durante la carrera. Conozco la pista en Bahrein de GP2 en tiempo y encuentro que es un circuito interesante, con algunas curvas muy dif\u00edciles. La pista es principalmente para los neum\u00e1ticos muy exigente, y estoy feliz de ir all\u00ed en un coche de F\u00f3rmula 1 \u00ab.<\/em><\/p>\n<p>&nbsp;<\/p>\n<p><strong>Tom McCullough, ingeniero principal en el circuito:<\/strong> <em>\u00abDesde un punto de vista t\u00e9cnico, el fin de semana en China ha sido un \u00e9xito para nuestro equipo. Las acciones que hemos tomado efectivamente, podemos construir sobre ellas. El circuito de Bahrein consiste principalmente en largas rectas y curvas lentos y de media velocidad. La eficiencia aerodin\u00e1mica y un buen desempe\u00f1o en las secciones m\u00e1s lentas del circuito, y una buena tracci\u00f3n son factores cr\u00edticos. Para los frenos, el precio tambi\u00e9n es muy dif\u00edcil. La pista est\u00e1 en el medio del desierto, y cuando el viento est\u00e1 arriba, el asfalto tiene a menudo mucho polvo. El clima es seco y las temperaturas son elevadas, lo que tiene un efecto significativo en el enfriamiento y la gesti\u00f3n de los neum\u00e1ticos. Pirelli lleva por lo tanto el compuesto duro y medio de neum\u00e1ticos disponible\u201d.<\/em><\/p>\n<p>&nbsp;<\/p>\n<p><strong>Imagen:<\/strong> David Sarr\u00f3<\/p>\n<div class=\"sharedaddy sd-sharing-enabled\"><div class=\"robots-nocontent sd-block sd-social sd-social-official sd-sharing\"><h3 class=\"sd-title\">Opciones Sociales:<\/h3><div class=\"sd-content\"><ul><li class=\"share-facebook\"><div class=\"fb-share-button\" data-href=\"http:\/\/www.michael-schumacher.es\/noticias-f1\/2013\/04\/17\/previo-gp-de-bahrein-sakhir-2013-sauber\/\" data-layout=\"button_count\"><\/div><\/li><li class=\"share-twitter\"><a href=\"https:\/\/twitter.com\/share\" class=\"twitter-share-button\" data-url=\"http:\/\/www.michael-schumacher.es\/noticias-f1\/2013\/04\/17\/previo-gp-de-bahrein-sakhir-2013-sauber\/\" data-text=\"Previo GP de Bahr\u00e9in, Sakhir 2013. Sauber\"  >Tweet<\/a><\/li><li class=\"share-email\"><a rel=\"nofollow noopener noreferrer\" data-shared=\"\" class=\"share-email sd-button\" href=\"http:\/\/www.michael-schumacher.es\/noticias-f1\/2013\/04\/17\/previo-gp-de-bahrein-sakhir-2013-sauber\/?share=email\" target=\"_blank\" title=\"Haz clic para enviar por correo electr\u00f3nico a un amigo\"><span>Correo electr\u00f3nico<\/span><\/a><\/li><li class=\"share-end\"><\/li><\/ul><\/div><\/div><\/div>","protected":false},"excerpt":{"rendered":"<p>Sauber espera conseguir buenos resultados en el Gran Premio de Bahrein, tras un fin de semana de sentimientos encontrados. Nico Hulkenberg logr\u00f3 puntuar en Shanghai para el campeonato y est\u00e1 ansioso por correr en Sakhir, pero lleg\u00f3 la decepci\u00f3n para Esteban Guti\u00e9rrez con el que pod\u00edan esperar tambi\u00e9n un buen resultado, pero tras el accidente [&hellip;]<\/p>\n<div class=\"sharedaddy sd-sharing-enabled\"><div class=\"robots-nocontent sd-block sd-social sd-social-official sd-sharing\"><h3 class=\"sd-title\">Opciones Sociales:<\/h3><div class=\"sd-content\"><ul><li class=\"share-facebook\"><div class=\"fb-share-button\" data-href=\"http:\/\/www.michael-schumacher.es\/noticias-f1\/2013\/04\/17\/previo-gp-de-bahrein-sakhir-2013-sauber\/\" data-layout=\"button_count\"><\/div><\/li><li class=\"share-twitter\"><a href=\"https:\/\/twitter.com\/share\" class=\"twitter-share-button\" data-url=\"http:\/\/www.michael-schumacher.es\/noticias-f1\/2013\/04\/17\/previo-gp-de-bahrein-sakhir-2013-sauber\/\" data-text=\"Previo GP de Bahr\u00e9in, Sakhir 2013. Sauber\"  >Tweet<\/a><\/li><li class=\"share-email\"><a rel=\"nofollow noopener noreferrer\" data-shared=\"\" class=\"share-email sd-button\" href=\"http:\/\/www.michael-schumacher.es\/noticias-f1\/2013\/04\/17\/previo-gp-de-bahrein-sakhir-2013-sauber\/?share=email\" target=\"_blank\" title=\"Haz clic para enviar por correo electr\u00f3nico a un amigo\"><span>Correo electr\u00f3nico<\/span><\/a><\/li><li class=\"share-end\"><\/li><\/ul><\/div><\/div><\/div>","protected":false},"author":3,"featured_media":0,"comment_status":"open","ping_status":"open","sticky":false,"template":"","format":"standard","meta":{"_monsterinsights_skip_tracking":false,"_monsterinsights_sitenote_active":false,"_monsterinsights_sitenote_note":"","_monsterinsights_sitenote_category":0,"spay_email":"","jetpack_publicize_message":"","jetpack_is_tweetstorm":false,"jetpack_publicize_feature_enabled":true},"categories":[3,22],"tags":[373,35,1751,17,15,6,8,2059,112,111,5,70,86,238,3018],"jetpack_featured_media_url":"","jetpack_publicize_connections":[],"jetpack_sharing_enabled":true,"jetpack_shortlink":"https:\/\/wp.me\/p27q3P-2n6","_links":{"self":[{"href":"http:\/\/www.michael-schumacher.es\/noticias-f1\/wp-json\/wp\/v2\/posts\/9120"}],"collection":[{"href":"http:\/\/www.michael-schumacher.es\/noticias-f1\/wp-json\/wp\/v2\/posts"}],"about":[{"href":"http:\/\/www.michael-schumacher.es\/noticias-f1\/wp-json\/wp\/v2\/types\/post"}],"author":[{"embeddable":true,"href":"http:\/\/www.michael-schumacher.es\/noticias-f1\/wp-json\/wp\/v2\/users\/3"}],"replies":[{"embeddable":true,"href":"http:\/\/www.michael-schumacher.es\/noticias-f1\/wp-json\/wp\/v2\/comments?post=9120"}],"version-history":[{"count":0,"href":"http:\/\/www.michael-schumacher.es\/noticias-f1\/wp-json\/wp\/v2\/posts\/9120\/revisions"}],"wp:attachment":[{"href":"http:\/\/www.michael-schumacher.es\/noticias-f1\/wp-json\/wp\/v2\/media?parent=9120"}],"wp:term":[{"taxonomy":"category","embeddable":true,"href":"http:\/\/www.michael-schumacher.es\/noticias-f1\/wp-json\/wp\/v2\/categories?post=9120"},{"taxonomy":"post_tag","embeddable":true,"href":"http:\/\/www.michael-schumacher.es\/noticias-f1\/wp-json\/wp\/v2\/tags?post=9120"}],"curies":[{"name":"wp","href":"https:\/\/api.w.org\/{rel}","templated":true}]}}