{"id":9160,"date":"2013-04-19T01:09:23","date_gmt":"2013-04-18T23:09:23","guid":{"rendered":"http:\/\/www.michael-schumacher.es\/noticias-f1\/?p=9160"},"modified":"2013-04-19T01:09:23","modified_gmt":"2013-04-18T23:09:23","slug":"pirelli-podemos-cambiar-los-compuestos-despues-del-gp-de-bahrein","status":"publish","type":"post","link":"http:\/\/www.michael-schumacher.es\/noticias-f1\/2013\/04\/19\/pirelli-podemos-cambiar-los-compuestos-despues-del-gp-de-bahrein\/","title":{"rendered":"Pirelli: \u00abPodemos cambiar los compuestos despu\u00e9s del GP de Bahr\u00e9in\u201d"},"content":{"rendered":"<p><a href=\"http:\/\/www.michael-schumacher.es\/noticias-f1\/wp-content\/uploads\/2013\/03\/pirelli-motorhome.jpg\"><img loading=\"lazy\" class=\"alignleft\" alt=\"pirelli-motorhome\" src=\"http:\/\/www.michael-schumacher.es\/noticias-f1\/wp-content\/uploads\/2013\/03\/pirelli-motorhome.jpg\" width=\"200\" height=\"150\" \/><\/a>Ser\u00eda despu\u00e9s del Gran Premio de Bahrein, y para\u00a0 aplicarse en Barcelona, cuando el proveedor Pirelli podr\u00eda considerar cambiar los compuestos, por unos compuestos m\u00e1s resistentes, tras las quejas de algunos equipos y pilotos por la r\u00e1pida degradaci\u00f3n de los compuestos de esta temporada.<\/p>\n<p><!--more--> <!--noteaser--><\/p>\n<p><a href=\"http:\/\/www.michael-schumacher.es\/noticias-f1\/wp-content\/uploads\/2013\/03\/pirelli-motorhome.jpg\"><img loading=\"lazy\" class=\"aligncenter size-full wp-image-8460\" alt=\"pirelli-motorhome\" src=\"http:\/\/www.michael-schumacher.es\/noticias-f1\/wp-content\/uploads\/2013\/03\/pirelli-motorhome.jpg\" width=\"650\" height=\"487\" srcset=\"http:\/\/www.michael-schumacher.es\/noticias-f1\/wp-content\/uploads\/2013\/03\/pirelli-motorhome.jpg 650w, http:\/\/www.michael-schumacher.es\/noticias-f1\/wp-content\/uploads\/2013\/03\/pirelli-motorhome-300x224.jpg 300w\" sizes=\"(max-width: 650px) 100vw, 650px\" \/><\/a><\/p>\n<p>Ser\u00eda despu\u00e9s del Gran Premio de Bahrein, y para\u00a0 aplicarse en Barcelona, cuando el proveedor Pirelli podr\u00eda considerar cambiar los compuestos, por unos compuestos m\u00e1s resistentes, tras las quejas de algunos equipos y pilotos por la r\u00e1pida degradaci\u00f3n de los compuestos de esta temporada.<\/p>\n<p>&nbsp;<\/p>\n<p>Paul Hembery ha confirmado que tomar\u00edan la decisi\u00f3n para Barcelona: <strong>\u00abLa decisi\u00f3n de si debe o no cambiar los compuestos se llevar\u00e1 a cabo despu\u00e9s de que el GP de Bahrein y, finalmente, se adoptar\u00e1 en Barcelona. La gesti\u00f3n de los neum\u00e1ticos ha sido siempre una parte esencial en las carreras, pero los neum\u00e1ticos no hacer el F1 una loter\u00eda. En cualquier caso se tratar\u00eda de cambios marginales\u201d.<\/strong><\/p>\n<p>&nbsp;<\/p>\n<p>&nbsp;<\/p>\n<div class=\"sharedaddy sd-sharing-enabled\"><div class=\"robots-nocontent sd-block sd-social sd-social-official sd-sharing\"><h3 class=\"sd-title\">Opciones Sociales:<\/h3><div class=\"sd-content\"><ul><li class=\"share-facebook\"><div class=\"fb-share-button\" data-href=\"http:\/\/www.michael-schumacher.es\/noticias-f1\/2013\/04\/19\/pirelli-podemos-cambiar-los-compuestos-despues-del-gp-de-bahrein\/\" data-layout=\"button_count\"><\/div><\/li><li class=\"share-twitter\"><a href=\"https:\/\/twitter.com\/share\" class=\"twitter-share-button\" data-url=\"http:\/\/www.michael-schumacher.es\/noticias-f1\/2013\/04\/19\/pirelli-podemos-cambiar-los-compuestos-despues-del-gp-de-bahrein\/\" data-text=\"Pirelli: &quot;Podemos cambiar los compuestos despu\u00e9s del GP de Bahr\u00e9in\u201d\"  >Tweet<\/a><\/li><li class=\"share-email\"><a rel=\"nofollow noopener noreferrer\" data-shared=\"\" class=\"share-email sd-button\" href=\"http:\/\/www.michael-schumacher.es\/noticias-f1\/2013\/04\/19\/pirelli-podemos-cambiar-los-compuestos-despues-del-gp-de-bahrein\/?share=email\" target=\"_blank\" title=\"Haz clic para enviar por correo electr\u00f3nico a un amigo\"><span>Correo electr\u00f3nico<\/span><\/a><\/li><li class=\"share-end\"><\/li><\/ul><\/div><\/div><\/div>","protected":false},"excerpt":{"rendered":"<p>Ser\u00eda despu\u00e9s del Gran Premio de Bahrein, y para\u00a0 aplicarse en Barcelona, cuando el proveedor Pirelli podr\u00eda considerar cambiar los compuestos, por unos compuestos m\u00e1s resistentes, tras las quejas de algunos equipos y pilotos por la r\u00e1pida degradaci\u00f3n de los compuestos de esta temporada.<\/p>\n<div class=\"sharedaddy sd-sharing-enabled\"><div class=\"robots-nocontent sd-block sd-social sd-social-official sd-sharing\"><h3 class=\"sd-title\">Opciones Sociales:<\/h3><div class=\"sd-content\"><ul><li class=\"share-facebook\"><div class=\"fb-share-button\" data-href=\"http:\/\/www.michael-schumacher.es\/noticias-f1\/2013\/04\/19\/pirelli-podemos-cambiar-los-compuestos-despues-del-gp-de-bahrein\/\" data-layout=\"button_count\"><\/div><\/li><li class=\"share-twitter\"><a href=\"https:\/\/twitter.com\/share\" class=\"twitter-share-button\" data-url=\"http:\/\/www.michael-schumacher.es\/noticias-f1\/2013\/04\/19\/pirelli-podemos-cambiar-los-compuestos-despues-del-gp-de-bahrein\/\" data-text=\"Pirelli: &quot;Podemos cambiar los compuestos despu\u00e9s del GP de Bahr\u00e9in\u201d\"  >Tweet<\/a><\/li><li class=\"share-email\"><a rel=\"nofollow noopener noreferrer\" data-shared=\"\" class=\"share-email sd-button\" href=\"http:\/\/www.michael-schumacher.es\/noticias-f1\/2013\/04\/19\/pirelli-podemos-cambiar-los-compuestos-despues-del-gp-de-bahrein\/?share=email\" target=\"_blank\" title=\"Haz clic para enviar por correo electr\u00f3nico a un amigo\"><span>Correo electr\u00f3nico<\/span><\/a><\/li><li class=\"share-end\"><\/li><\/ul><\/div><\/div><\/div>","protected":false},"author":3,"featured_media":0,"comment_status":"open","ping_status":"open","sticky":false,"template":"","format":"standard","meta":{"_monsterinsights_skip_tracking":false,"_monsterinsights_sitenote_active":false,"_monsterinsights_sitenote_note":"","_monsterinsights_sitenote_category":0,"spay_email":"","jetpack_publicize_message":"","jetpack_is_tweetstorm":false,"jetpack_publicize_feature_enabled":true},"categories":[3],"tags":[35,315,521,650,256,189,190,17,15,218,255,223,1270,569],"jetpack_featured_media_url":"","jetpack_publicize_connections":[],"jetpack_sharing_enabled":true,"jetpack_shortlink":"https:\/\/wp.me\/p27q3P-2nK","_links":{"self":[{"href":"http:\/\/www.michael-schumacher.es\/noticias-f1\/wp-json\/wp\/v2\/posts\/9160"}],"collection":[{"href":"http:\/\/www.michael-schumacher.es\/noticias-f1\/wp-json\/wp\/v2\/posts"}],"about":[{"href":"http:\/\/www.michael-schumacher.es\/noticias-f1\/wp-json\/wp\/v2\/types\/post"}],"author":[{"embeddable":true,"href":"http:\/\/www.michael-schumacher.es\/noticias-f1\/wp-json\/wp\/v2\/users\/3"}],"replies":[{"embeddable":true,"href":"http:\/\/www.michael-schumacher.es\/noticias-f1\/wp-json\/wp\/v2\/comments?post=9160"}],"version-history":[{"count":0,"href":"http:\/\/www.michael-schumacher.es\/noticias-f1\/wp-json\/wp\/v2\/posts\/9160\/revisions"}],"wp:attachment":[{"href":"http:\/\/www.michael-schumacher.es\/noticias-f1\/wp-json\/wp\/v2\/media?parent=9160"}],"wp:term":[{"taxonomy":"category","embeddable":true,"href":"http:\/\/www.michael-schumacher.es\/noticias-f1\/wp-json\/wp\/v2\/categories?post=9160"},{"taxonomy":"post_tag","embeddable":true,"href":"http:\/\/www.michael-schumacher.es\/noticias-f1\/wp-json\/wp\/v2\/tags?post=9160"}],"curies":[{"name":"wp","href":"https:\/\/api.w.org\/{rel}","templated":true}]}}