{"id":9181,"date":"2013-04-19T16:57:22","date_gmt":"2013-04-19T14:57:22","guid":{"rendered":"http:\/\/www.michael-schumacher.es\/noticias-f1\/?p=9181"},"modified":"2013-04-19T17:01:47","modified_gmt":"2013-04-19T15:01:47","slug":"entrenamientos-gp-de-bahrein-sakhir-2013-caterham","status":"publish","type":"post","link":"http:\/\/www.michael-schumacher.es\/noticias-f1\/2013\/04\/19\/entrenamientos-gp-de-bahrein-sakhir-2013-caterham\/","title":{"rendered":"Entrenamientos GP de Bahr\u00e9in, Sakhir 2013. Caterham"},"content":{"rendered":"<p><a href=\"http:\/\/www.michael-schumacher.es\/noticias-f1\/wp-content\/uploads\/2012\/08\/heikki-1.jpg\"><img loading=\"lazy\" class=\"alignleft\" alt=\"Heikki Kovalainen\" src=\"http:\/\/www.michael-schumacher.es\/noticias-f1\/wp-content\/uploads\/2012\/08\/heikki-1.jpg\" width=\"200\" height=\"150\" \/><\/a>Heikki Kovalainen ha probado por primera vez en los libres de la ma\u00f1ana el monoplaza de Caterham 2013 para ayudar a su evoluci\u00f3n y configuraci\u00f3n, ha finalizado en posici\u00f3n 20 la sesi\u00f3n de la ma\u00f1ana. Charles pic\u00a0 ha realizado las dos sesiones de entrenamiento y est\u00e1 bastante satisfecho de la jornada de hoy, ha finalizado la primera sesi\u00f3n en posici\u00f3n 19 y la segunda en posici\u00f3n 20. Giedo van der Garde que ha regresado al coche en la segunda sesi\u00f3n de entrenamientos finalizando en posici\u00f3n 22, considera que han sufrido de fuerte degradaci\u00f3n, pero si la pueden controlar para el resto del fin de semana, espera que este circuito se adapte a ellos mejor que China.<\/p>\n<p><!--more--> <!--noteaser--><\/p>\n<p style=\"text-align: center;\"><a href=\"http:\/\/www.michael-schumacher.es\/noticias-f1\/wp-content\/uploads\/2012\/08\/heikki-1.jpg\"><img loading=\"lazy\" class=\"aligncenter size-full wp-image-2734\" alt=\"Heikki Kovalainen\" src=\"http:\/\/www.michael-schumacher.es\/noticias-f1\/wp-content\/uploads\/2012\/08\/heikki-1.jpg\" width=\"600\" height=\"450\" srcset=\"http:\/\/www.michael-schumacher.es\/noticias-f1\/wp-content\/uploads\/2012\/08\/heikki-1.jpg 600w, http:\/\/www.michael-schumacher.es\/noticias-f1\/wp-content\/uploads\/2012\/08\/heikki-1-300x225.jpg 300w\" sizes=\"(max-width: 600px) 100vw, 600px\" \/><\/a><\/p>\n<p>Heikki Kovalainen ha probado por primera vez en los libres de la ma\u00f1ana el monoplaza de Caterham 2013 para ayudar a su evoluci\u00f3n y configuraci\u00f3n, ha finalizado en posici\u00f3n 20 la sesi\u00f3n de la ma\u00f1ana. Charles pic\u00a0 ha realizado las dos sesiones de entrenamiento y est\u00e1 bastante satisfecho de la jornada de hoy, ha finalizado la primera sesi\u00f3n en posici\u00f3n 19 y la segunda en posici\u00f3n 20. Giedo van der Garde que ha regresado al coche en la segunda sesi\u00f3n de entrenamientos finalizando en posici\u00f3n 22, considera que han sufrido de fuerte degradaci\u00f3n, pero si la pueden controlar para el resto del fin de semana, espera que este circuito se adapte a ellos mejor que China.<\/p>\n<p>&nbsp;<\/p>\n<p><strong>Heikki Kovalainen:<\/strong> <em>\u00abFue bueno estar de vuelta en el coche y genial estar de vuelta en el trabajo con el equipo fue la principal prioridad hoy para ayudar a dar mis impresiones sobre el coche de 2013 en la especificaci\u00f3n que corr\u00eda en las tres primeras carreras de este a\u00f1o contra el auto que corri\u00f3 el a\u00f1o pasado, y para dar mi opini\u00f3n sobre los neum\u00e1ticos de 2013. La primera impresi\u00f3n que tuve fue que este coche, esta obviamente, m\u00e1s cerca del coche de 2012 de lo que se disputar\u00e1 la mayor parte del resto de la temporada, es sin duda m\u00e1s dif\u00edcil que encontrar un equilibrio en el que el coche de 2012, y los neum\u00e1ticos 2.013 son mucho m\u00e1s r\u00e1pido que los \u00faltimos a\u00f1os. Despu\u00e9s de una sesi\u00f3n a la que evidentemente no he tenido el tiempo suficiente en el coche para averiguar cu\u00e1nto podr\u00edamos cambiar el manejo con alteraciones de configuraci\u00f3n, pero yo he sido capaz de darle al equipo una gran cantidad de comentarios que creo que ser\u00e1 \u00fatil este fin de semana en la configuraci\u00f3n y los neum\u00e1ticos, y de cara a Espa\u00f1a, donde tendremos m\u00e1s piezas nuevas. \u00ab<\/em><br \/>\n<strong>\u00a0<\/strong><br \/>\n<strong>Charles Pic:<\/strong> <em>\u00abHemos hecho algunos progresos hoy y creo que podemos estar bastante satisfechos con el trabajo que hemos hecho tanto en la FP1 y FP2 En la sesi\u00f3n de la ma\u00f1ana nos encontramos con el coche en la misma configuraci\u00f3n que se corri\u00f3 en China y corrimos a trav\u00e9s de un programa bastante normal FP1, utilizando s\u00f3lo los neum\u00e1ticos duros y el trabajo en la configuraci\u00f3n inicial. En FP2 pusimos un par de piezas nuevas en la parte trasera del coche y vimos m\u00e1s agarre trasero, que es positivo. Nos pareci\u00f3 que significaba que hab\u00eda un poco de subviraje que tendremos que trabajar para cali, pero el tiempo de ejecuci\u00f3n actuaci\u00f3n fue una buena se\u00f1al de hacia d\u00f3nde nos dirigimos, hoy tan en general ha estado bien\u201d.<\/em><\/p>\n<p>&nbsp;<\/p>\n<p><strong>Giedo van der Garde:<\/strong> <em>\u00bb Despu\u00e9s de estar fuera de la sesi\u00f3n de la ma\u00f1ana me fui directamente a trabajar en la FP2 y corr\u00ed\u00a0 a trav\u00e9s de un programa de tarde de viernes normal, que incluye el trabajo sobre los dos compuestos de neum\u00e1ticos en tandas cortas y largas. La degradaci\u00f3n de los neum\u00e1ticos aqu\u00ed era bastante grande, sobre todo en los medios, pero mejoran en temperatura alta bien y sugiere que si podemos controlar los niveles degradaci\u00f3n, esta pista se nos podr\u00eda adaptarse mejor que la \u00faltima carrera en China. \u00ab<\/em><\/p>\n<p>&nbsp;<\/p>\n<p>&nbsp;<\/p>\n<div class=\"sharedaddy sd-sharing-enabled\"><div class=\"robots-nocontent sd-block sd-social sd-social-official sd-sharing\"><h3 class=\"sd-title\">Opciones Sociales:<\/h3><div class=\"sd-content\"><ul><li class=\"share-facebook\"><div class=\"fb-share-button\" data-href=\"http:\/\/www.michael-schumacher.es\/noticias-f1\/2013\/04\/19\/entrenamientos-gp-de-bahrein-sakhir-2013-caterham\/\" data-layout=\"button_count\"><\/div><\/li><li class=\"share-twitter\"><a href=\"https:\/\/twitter.com\/share\" class=\"twitter-share-button\" data-url=\"http:\/\/www.michael-schumacher.es\/noticias-f1\/2013\/04\/19\/entrenamientos-gp-de-bahrein-sakhir-2013-caterham\/\" data-text=\"Entrenamientos GP de Bahr\u00e9in, Sakhir 2013. Caterham\"  >Tweet<\/a><\/li><li class=\"share-email\"><a rel=\"nofollow noopener noreferrer\" data-shared=\"\" class=\"share-email sd-button\" href=\"http:\/\/www.michael-schumacher.es\/noticias-f1\/2013\/04\/19\/entrenamientos-gp-de-bahrein-sakhir-2013-caterham\/?share=email\" target=\"_blank\" title=\"Haz clic para enviar por correo electr\u00f3nico a un amigo\"><span>Correo electr\u00f3nico<\/span><\/a><\/li><li class=\"share-end\"><\/li><\/ul><\/div><\/div><\/div>","protected":false},"excerpt":{"rendered":"<p>Heikki Kovalainen ha probado por primera vez en los libres de la ma\u00f1ana el monoplaza de Caterham 2013 para ayudar a su evoluci\u00f3n y configuraci\u00f3n, ha finalizado en posici\u00f3n 20 la sesi\u00f3n de la ma\u00f1ana. Charles pic\u00a0 ha realizado las dos sesiones de entrenamiento y est\u00e1 bastante satisfecho de la jornada de hoy, ha finalizado [&hellip;]<\/p>\n<div class=\"sharedaddy sd-sharing-enabled\"><div class=\"robots-nocontent sd-block sd-social sd-social-official sd-sharing\"><h3 class=\"sd-title\">Opciones Sociales:<\/h3><div class=\"sd-content\"><ul><li class=\"share-facebook\"><div class=\"fb-share-button\" data-href=\"http:\/\/www.michael-schumacher.es\/noticias-f1\/2013\/04\/19\/entrenamientos-gp-de-bahrein-sakhir-2013-caterham\/\" data-layout=\"button_count\"><\/div><\/li><li class=\"share-twitter\"><a href=\"https:\/\/twitter.com\/share\" class=\"twitter-share-button\" data-url=\"http:\/\/www.michael-schumacher.es\/noticias-f1\/2013\/04\/19\/entrenamientos-gp-de-bahrein-sakhir-2013-caterham\/\" data-text=\"Entrenamientos GP de Bahr\u00e9in, Sakhir 2013. Caterham\"  >Tweet<\/a><\/li><li class=\"share-email\"><a rel=\"nofollow noopener noreferrer\" data-shared=\"\" class=\"share-email sd-button\" href=\"http:\/\/www.michael-schumacher.es\/noticias-f1\/2013\/04\/19\/entrenamientos-gp-de-bahrein-sakhir-2013-caterham\/?share=email\" target=\"_blank\" title=\"Haz clic para enviar por correo electr\u00f3nico a un amigo\"><span>Correo electr\u00f3nico<\/span><\/a><\/li><li class=\"share-end\"><\/li><\/ul><\/div><\/div><\/div>","protected":false},"author":3,"featured_media":0,"comment_status":"open","ping_status":"open","sticky":false,"template":"","format":"standard","meta":{"_monsterinsights_skip_tracking":false,"_monsterinsights_sitenote_active":false,"_monsterinsights_sitenote_note":"","_monsterinsights_sitenote_category":0,"spay_email":"","jetpack_publicize_message":"","jetpack_is_tweetstorm":false,"jetpack_publicize_feature_enabled":true},"categories":[67,3],"tags":[373,35,58,116,1906,393,17,15,3014,6,8,61,62,379,117,1245,70,238,1219],"jetpack_featured_media_url":"","jetpack_publicize_connections":[],"jetpack_sharing_enabled":true,"jetpack_shortlink":"https:\/\/wp.me\/p27q3P-2o5","_links":{"self":[{"href":"http:\/\/www.michael-schumacher.es\/noticias-f1\/wp-json\/wp\/v2\/posts\/9181"}],"collection":[{"href":"http:\/\/www.michael-schumacher.es\/noticias-f1\/wp-json\/wp\/v2\/posts"}],"about":[{"href":"http:\/\/www.michael-schumacher.es\/noticias-f1\/wp-json\/wp\/v2\/types\/post"}],"author":[{"embeddable":true,"href":"http:\/\/www.michael-schumacher.es\/noticias-f1\/wp-json\/wp\/v2\/users\/3"}],"replies":[{"embeddable":true,"href":"http:\/\/www.michael-schumacher.es\/noticias-f1\/wp-json\/wp\/v2\/comments?post=9181"}],"version-history":[{"count":0,"href":"http:\/\/www.michael-schumacher.es\/noticias-f1\/wp-json\/wp\/v2\/posts\/9181\/revisions"}],"wp:attachment":[{"href":"http:\/\/www.michael-schumacher.es\/noticias-f1\/wp-json\/wp\/v2\/media?parent=9181"}],"wp:term":[{"taxonomy":"category","embeddable":true,"href":"http:\/\/www.michael-schumacher.es\/noticias-f1\/wp-json\/wp\/v2\/categories?post=9181"},{"taxonomy":"post_tag","embeddable":true,"href":"http:\/\/www.michael-schumacher.es\/noticias-f1\/wp-json\/wp\/v2\/tags?post=9181"}],"curies":[{"name":"wp","href":"https:\/\/api.w.org\/{rel}","templated":true}]}}