{"id":9203,"date":"2013-04-19T21:07:21","date_gmt":"2013-04-19T19:07:21","guid":{"rendered":"http:\/\/www.michael-schumacher.es\/noticias-f1\/?p=9203"},"modified":"2013-04-19T21:07:21","modified_gmt":"2013-04-19T19:07:21","slug":"entrenamientos-gp-de-bahrein-sakhir-2013-williams","status":"publish","type":"post","link":"http:\/\/www.michael-schumacher.es\/noticias-f1\/2013\/04\/19\/entrenamientos-gp-de-bahrein-sakhir-2013-williams\/","title":{"rendered":"Entrenamientos GP de Bahr\u00e9in, Sakhir 2013. Williams"},"content":{"rendered":"<p><a href=\"http:\/\/www.michael-schumacher.es\/noticias-f1\/wp-content\/uploads\/2013\/03\/valtteri_bottas_test-bcn-2013_david-sarro.jpg\"><img loading=\"lazy\" class=\"alignleft\" alt=\"Valtteri Bottas - Test BCN 2013 - David Sarr\u00f3\" src=\"http:\/\/www.michael-schumacher.es\/noticias-f1\/wp-content\/uploads\/2013\/03\/valtteri_bottas_test-bcn-2013_david-sarro.jpg\" width=\"200\" height=\"133\" \/><\/a>Williams ha trabajado en diferentes \u00e1reas durante los primeros entrenamientos, para centrarse en los neum\u00e1ticos en la segunda sesi\u00f3n. Todavia no tienen el ritmo adecuado en tandas cortas pero mejoran en tandas largas, lo que destacan como positivo.<\/p>\n<p><!--more--> <!--noteaser--><\/p>\n<p><a href=\"http:\/\/www.michael-schumacher.es\/noticias-f1\/wp-content\/uploads\/2013\/03\/valtteri_bottas_test-bcn-2013_david-sarro.jpg\"><img loading=\"lazy\" class=\"aligncenter size-full wp-image-8224\" alt=\"Valtteri Bottas - Test BCN 2013 - David Sarr\u00f3\" src=\"http:\/\/www.michael-schumacher.es\/noticias-f1\/wp-content\/uploads\/2013\/03\/valtteri_bottas_test-bcn-2013_david-sarro.jpg\" width=\"650\" height=\"433\" srcset=\"http:\/\/www.michael-schumacher.es\/noticias-f1\/wp-content\/uploads\/2013\/03\/valtteri_bottas_test-bcn-2013_david-sarro.jpg 650w, http:\/\/www.michael-schumacher.es\/noticias-f1\/wp-content\/uploads\/2013\/03\/valtteri_bottas_test-bcn-2013_david-sarro-300x199.jpg 300w\" sizes=\"(max-width: 650px) 100vw, 650px\" \/><\/a><\/p>\n<p>&nbsp;<\/p>\n<p>Williams ha trabajado en diferentes \u00e1reas durante los primeros entrenamientos, para centrarse en los neum\u00e1ticos en la segunda sesi\u00f3n. Todav\u00eda no tienen el ritmo adecuado en tandas cortas pero mejoran en tandas largas, lo que destacan como positivo.<\/p>\n<p>&nbsp;<\/p>\n<p>Pastor Maldonado ha completado las sesiones de entrenamiento satisfecho con las tandas largas, van a seguir trabajando durante la noche para estar preparados ma\u00f1ana, el piloto finalizo ambas sesiones en posici\u00f3n 16. Valtteri Bottas considera que no han tenido un mal d\u00eda de entrenamientos y ahora hay que seguir trabajando en estudiar los datos para mejorar la gesti\u00f3n de los neum\u00e1ticos, el piloto finalizo en posici\u00f3n 12 la primera sesi\u00f3n y en posici\u00f3n 17 la segunda.<\/p>\n<p>&nbsp;<\/p>\n<p><strong>Pastor Maldonado:<\/strong> <em>\u201cHemos completado el programa previsto hoy. Hemos probado algunas partes del desarrollo esta ma\u00f1ana y luego nos fuimos de nuevo a trabajar en el set-up para el fin de semana por la tarde. Nuestro ritmo de tandas cortas no es tan fuerte, pero con mayor combustible y neum\u00e1ticos usados el coche iba mejor. Esto es lo que est\u00e1bamos esperando hoy, y vamos a seguir trabajando para empujar duro ma\u00f1ana.\u201d<\/em><\/p>\n<p>&nbsp;<\/p>\n<p><strong>Valtteri Bottas:<\/strong><em> \u201cNo fue un mal d\u00eda para nosotros. Reunimos algunos datos valiosos en FP1 para ayudar a evaluar la direcci\u00f3n para continuar con el desarrollo del FW35. En FP2 hemos completado algunas tandas con el compuesto medio, y ahora vamos a trav\u00e9s de los datos ver donde podemos mejorar el desgaste de los neum\u00e1ticos es importante aqu\u00ed, sobre todo en los traseros.\u201d<\/em><\/p>\n<p><em>\u00a0<\/em><\/p>\n<p><strong>Mike Coughlan, director t\u00e9cnico:<\/strong> <em>\u201cEsta ma\u00f1ana hemos completado algunas pruebas m\u00e1s, sobre todo en la parte aerodin\u00e1mica, y trabajar para resolver los problemas que tenemos y de reunir m\u00e1s datos para el equipo en la f\u00e1brica. Para FP2 volvimos a nuestro programa habitual de viernes, trabajando en el equilibrio del coche, puesta a punto y el rendimiento a largo plazo. Es muy importante asegurarse de que podemos cuidar los neum\u00e1ticos durante la carrera en las condiciones extremas que encontramos aqu\u00ed. Nuestro ritmo de corto plazo todav\u00eda no est\u00e1 como necesitamos que sea, pero nuestro ritmo en tandas largas es mejor, por lo que puede tener algunos aspectos positivos.<em>\u201d<\/em><\/em><\/p>\n<p>&nbsp;<\/p>\n<p><strong>Imagen:<\/strong> David Sarr\u00f3<\/p>\n<div class=\"sharedaddy sd-sharing-enabled\"><div class=\"robots-nocontent sd-block sd-social sd-social-official sd-sharing\"><h3 class=\"sd-title\">Opciones Sociales:<\/h3><div class=\"sd-content\"><ul><li class=\"share-facebook\"><div class=\"fb-share-button\" data-href=\"http:\/\/www.michael-schumacher.es\/noticias-f1\/2013\/04\/19\/entrenamientos-gp-de-bahrein-sakhir-2013-williams\/\" data-layout=\"button_count\"><\/div><\/li><li class=\"share-twitter\"><a href=\"https:\/\/twitter.com\/share\" class=\"twitter-share-button\" data-url=\"http:\/\/www.michael-schumacher.es\/noticias-f1\/2013\/04\/19\/entrenamientos-gp-de-bahrein-sakhir-2013-williams\/\" data-text=\"Entrenamientos GP de Bahr\u00e9in, Sakhir 2013. Williams\"  >Tweet<\/a><\/li><li class=\"share-email\"><a rel=\"nofollow noopener noreferrer\" data-shared=\"\" class=\"share-email sd-button\" href=\"http:\/\/www.michael-schumacher.es\/noticias-f1\/2013\/04\/19\/entrenamientos-gp-de-bahrein-sakhir-2013-williams\/?share=email\" target=\"_blank\" title=\"Haz clic para enviar por correo electr\u00f3nico a un amigo\"><span>Correo electr\u00f3nico<\/span><\/a><\/li><li class=\"share-end\"><\/li><\/ul><\/div><\/div><\/div>","protected":false},"excerpt":{"rendered":"<p>Williams ha trabajado en diferentes \u00e1reas durante los primeros entrenamientos, para centrarse en los neum\u00e1ticos en la segunda sesi\u00f3n. Todavia no tienen el ritmo adecuado en tandas cortas pero mejoran en tandas largas, lo que destacan como positivo.<\/p>\n<div class=\"sharedaddy sd-sharing-enabled\"><div class=\"robots-nocontent sd-block sd-social sd-social-official sd-sharing\"><h3 class=\"sd-title\">Opciones Sociales:<\/h3><div class=\"sd-content\"><ul><li class=\"share-facebook\"><div class=\"fb-share-button\" data-href=\"http:\/\/www.michael-schumacher.es\/noticias-f1\/2013\/04\/19\/entrenamientos-gp-de-bahrein-sakhir-2013-williams\/\" data-layout=\"button_count\"><\/div><\/li><li class=\"share-twitter\"><a href=\"https:\/\/twitter.com\/share\" class=\"twitter-share-button\" data-url=\"http:\/\/www.michael-schumacher.es\/noticias-f1\/2013\/04\/19\/entrenamientos-gp-de-bahrein-sakhir-2013-williams\/\" data-text=\"Entrenamientos GP de Bahr\u00e9in, Sakhir 2013. Williams\"  >Tweet<\/a><\/li><li class=\"share-email\"><a rel=\"nofollow noopener noreferrer\" data-shared=\"\" class=\"share-email sd-button\" href=\"http:\/\/www.michael-schumacher.es\/noticias-f1\/2013\/04\/19\/entrenamientos-gp-de-bahrein-sakhir-2013-williams\/?share=email\" target=\"_blank\" title=\"Haz clic para enviar por correo electr\u00f3nico a un amigo\"><span>Correo electr\u00f3nico<\/span><\/a><\/li><li class=\"share-end\"><\/li><\/ul><\/div><\/div><\/div>","protected":false},"author":3,"featured_media":0,"comment_status":"open","ping_status":"open","sticky":false,"template":"","format":"standard","meta":{"_monsterinsights_skip_tracking":false,"_monsterinsights_sitenote_active":false,"_monsterinsights_sitenote_note":"","_monsterinsights_sitenote_category":0,"spay_email":"","jetpack_publicize_message":"","jetpack_is_tweetstorm":false,"jetpack_publicize_feature_enabled":true},"categories":[67,3],"tags":[373,35,400,2326,131,393,17,15,6,8,97,2325,96,1245,70,238,828,93],"jetpack_featured_media_url":"","jetpack_publicize_connections":[],"jetpack_sharing_enabled":true,"jetpack_shortlink":"https:\/\/wp.me\/p27q3P-2or","_links":{"self":[{"href":"http:\/\/www.michael-schumacher.es\/noticias-f1\/wp-json\/wp\/v2\/posts\/9203"}],"collection":[{"href":"http:\/\/www.michael-schumacher.es\/noticias-f1\/wp-json\/wp\/v2\/posts"}],"about":[{"href":"http:\/\/www.michael-schumacher.es\/noticias-f1\/wp-json\/wp\/v2\/types\/post"}],"author":[{"embeddable":true,"href":"http:\/\/www.michael-schumacher.es\/noticias-f1\/wp-json\/wp\/v2\/users\/3"}],"replies":[{"embeddable":true,"href":"http:\/\/www.michael-schumacher.es\/noticias-f1\/wp-json\/wp\/v2\/comments?post=9203"}],"version-history":[{"count":0,"href":"http:\/\/www.michael-schumacher.es\/noticias-f1\/wp-json\/wp\/v2\/posts\/9203\/revisions"}],"wp:attachment":[{"href":"http:\/\/www.michael-schumacher.es\/noticias-f1\/wp-json\/wp\/v2\/media?parent=9203"}],"wp:term":[{"taxonomy":"category","embeddable":true,"href":"http:\/\/www.michael-schumacher.es\/noticias-f1\/wp-json\/wp\/v2\/categories?post=9203"},{"taxonomy":"post_tag","embeddable":true,"href":"http:\/\/www.michael-schumacher.es\/noticias-f1\/wp-json\/wp\/v2\/tags?post=9203"}],"curies":[{"name":"wp","href":"https:\/\/api.w.org\/{rel}","templated":true}]}}