{"id":9298,"date":"2013-04-21T20:36:21","date_gmt":"2013-04-21T18:36:21","guid":{"rendered":"http:\/\/www.michael-schumacher.es\/noticias-f1\/?p=9298"},"modified":"2013-04-21T20:36:21","modified_gmt":"2013-04-21T18:36:21","slug":"balance-gp-de-bahrein-sakhir-2013-force-india","status":"publish","type":"post","link":"http:\/\/www.michael-schumacher.es\/noticias-f1\/2013\/04\/21\/balance-gp-de-bahrein-sakhir-2013-force-india\/","title":{"rendered":"Balance GP de Bahr\u00e9in, Sakhir 2013. Force India"},"content":{"rendered":"<p><a href=\"http:\/\/www.michael-schumacher.es\/noticias-f1\/wp-content\/uploads\/2013\/03\/adrian_sutil_test-bcn-2013_david-sarro.jpg\"><img loading=\"lazy\" class=\"alignleft\" alt=\"Adrian Sutil - Test Bcn 2013 - David Sarr\u00f3\" src=\"http:\/\/www.michael-schumacher.es\/noticias-f1\/wp-content\/uploads\/2013\/03\/adrian_sutil_test-bcn-2013_david-sarro.jpg\" width=\"200\" height=\"133\" \/><\/a>Force India ha demostrado que tienen un coche competitivo y que pueden sumar puntos y competir con los equipos grandes, hoy se han quedado a solo un paso del podio y seguir\u00e1n trabajando para sumar puntos con ambos pilotos.<\/p>\n<p><!--more--> <!--noteaser--><\/p>\n<p><a href=\"http:\/\/www.michael-schumacher.es\/noticias-f1\/wp-content\/uploads\/2013\/03\/adrian_sutil_test-bcn-2013_david-sarro.jpg\"><img loading=\"lazy\" class=\"aligncenter size-full wp-image-8278\" alt=\"Adrian Sutil - Test Bcn 2013 - David Sarr\u00f3\" src=\"http:\/\/www.michael-schumacher.es\/noticias-f1\/wp-content\/uploads\/2013\/03\/adrian_sutil_test-bcn-2013_david-sarro.jpg\" width=\"650\" height=\"433\" srcset=\"http:\/\/www.michael-schumacher.es\/noticias-f1\/wp-content\/uploads\/2013\/03\/adrian_sutil_test-bcn-2013_david-sarro.jpg 650w, http:\/\/www.michael-schumacher.es\/noticias-f1\/wp-content\/uploads\/2013\/03\/adrian_sutil_test-bcn-2013_david-sarro-300x199.jpg 300w\" sizes=\"(max-width: 650px) 100vw, 650px\" \/><\/a><\/p>\n<p>&nbsp;<\/p>\n<p>Force India ha demostrado que tienen un coche competitivo y que pueden sumar puntos y competir con los equipos grandes, hoy se han quedado a solo un paso del podio y seguir\u00e1n trabajando para sumar puntos con ambos pilotos.<\/p>\n<p>&nbsp;<\/p>\n<p>Paul Di Resta acabo la carrera en un s\u00f3lido cuarto lugar, a un paso de podio con una carrera s\u00f3lida y muy r\u00e1pida desde el inicio. Adrian Sutil no pudo entrar en los puntos por un pinchazo que termino con sus opciones, termino la carrera en posici\u00f3n 13\u00ba, pese a que tambi\u00e9n ten\u00eda un buen ritmo y fue competitivo toda la carrera, pero no pudo recuperar el tiempo perdido.<\/p>\n<p>&nbsp;<\/p>\n<p><strong>Paul Di Resta:<\/strong> <em>\u00abEs muy bueno para terminar las carreras en las que volamos lejos con un cuarto lugar y una carrera que fue probablemente mi Gran Premio m\u00e1s fuerte. El podio estaba muy cerca, pero con nuestra estrategia siempre vamos a ser vulnerable al final de la carrera &#8211; especialmente con Grosjean, que tuvo dos nuevos juegos de neum\u00e1ticos medios. Tuve un buen comienzo de la carrera, un fuerte primer tercio de carrera y mostramos nuestra verdadera velocidad de hoy en d\u00eda, pero en \u00faltima instancia cuarto lugar fue lo m\u00e1ximo que pude. Vamos a subir al podio un d\u00eda, espero que sea pronto, pero por ahora podemos estar muy contentos con los puntos que he marcado hoy. Muchas gracias a todo el equipo porque ha sido un excelente fin de semana y creo que conseguimos el 100% del coche. \u00ab<\/em><\/p>\n<p>&nbsp;<\/p>\n<p><strong>Adrian Sutil:<\/strong><em> \u00abEs decepcionante pinchar en una carrera que parec\u00eda tan prometedora. Mi salida fue limpia y compet\u00eda con Massa en la curva cuatro. Yo estaba en el exterior, le di un mont\u00f3n de espacio, pero que estaba fuera de l\u00ednea y se puso en contacto con mi neum\u00e1tico delantero derecho. No s\u00e9 lo que hizo exactamente, pero tuve un pinchazo inmediatamente. Tuve que entrar en boxes y perd\u00ed mucho tiempo, que termin\u00f3 con mi oportunidad de sumar puntos. Ten\u00eda ritmo incre\u00edble en la carrera y yo segu\u00ed tratando de recuperar algo de la carrera, pero hab\u00eda perdido mucho con el pinchazo. Pero estoy contento por el equipo y el cuarto lugar para Paul nos da m\u00e1s puntos. Hay muchas m\u00e1s carreras por venir as\u00ed que vamos a seguir enfocados en conseguir puntos con los dos coches \u00ab.<\/em><\/p>\n<p>&nbsp;<\/p>\n<p><strong>Dr. Vijay Mallya, director del equipo y Director General:<\/strong> <em>\u00abUn gran trabajo por parte del equipo y un maravilloso pilotaje de Paul nos dej\u00f3 a un paso del podio. Aunque nos perdimos en tercero, los doce puntos anotados a mantenernos en el quinto lugar en el campeonato y nos da todas las razones para ser optimistas para las pr\u00f3ximas carreras. Por supuesto, podr\u00edamos haber logrado mucho si Adrian no hubiera tenido un pinchazo en la primera vuelta. El contacto con Massa result\u00f3 muy costoso porque el ritmo de carrera de Adri\u00e1n estaba a la par con el de Paul y que deber\u00eda haber tra\u00eddo ambos coches en los puntos. Nos centraremos en los aspectos positivos y disfrutar de este cuarto puesto, que ha confirmado que el ritmo del coche y se muestra una vez m\u00e1s que podemos competir en el frente y vencer a algunos de los mejores equipos\u201d.<\/em><\/p>\n<p>&nbsp;<\/p>\n<p><strong>Imagen:<\/strong> David Sarr\u00f3<\/p>\n<div class=\"sharedaddy sd-sharing-enabled\"><div class=\"robots-nocontent sd-block sd-social sd-social-official sd-sharing\"><h3 class=\"sd-title\">Opciones Sociales:<\/h3><div class=\"sd-content\"><ul><li class=\"share-facebook\"><div class=\"fb-share-button\" data-href=\"http:\/\/www.michael-schumacher.es\/noticias-f1\/2013\/04\/21\/balance-gp-de-bahrein-sakhir-2013-force-india\/\" data-layout=\"button_count\"><\/div><\/li><li class=\"share-twitter\"><a href=\"https:\/\/twitter.com\/share\" class=\"twitter-share-button\" data-url=\"http:\/\/www.michael-schumacher.es\/noticias-f1\/2013\/04\/21\/balance-gp-de-bahrein-sakhir-2013-force-india\/\" data-text=\"Balance GP de Bahr\u00e9in, Sakhir 2013. Force India\"  >Tweet<\/a><\/li><li class=\"share-email\"><a rel=\"nofollow noopener noreferrer\" data-shared=\"\" class=\"share-email sd-button\" href=\"http:\/\/www.michael-schumacher.es\/noticias-f1\/2013\/04\/21\/balance-gp-de-bahrein-sakhir-2013-force-india\/?share=email\" target=\"_blank\" title=\"Haz clic para enviar por correo electr\u00f3nico a un amigo\"><span>Correo electr\u00f3nico<\/span><\/a><\/li><li class=\"share-end\"><\/li><\/ul><\/div><\/div><\/div>","protected":false},"excerpt":{"rendered":"<p>Force India ha demostrado que tienen un coche competitivo y que pueden sumar puntos y competir con los equipos grandes, hoy se han quedado a solo un paso del podio y seguir\u00e1n trabajando para sumar puntos con ambos pilotos.<\/p>\n<div class=\"sharedaddy sd-sharing-enabled\"><div class=\"robots-nocontent sd-block sd-social sd-social-official sd-sharing\"><h3 class=\"sd-title\">Opciones Sociales:<\/h3><div class=\"sd-content\"><ul><li class=\"share-facebook\"><div class=\"fb-share-button\" data-href=\"http:\/\/www.michael-schumacher.es\/noticias-f1\/2013\/04\/21\/balance-gp-de-bahrein-sakhir-2013-force-india\/\" data-layout=\"button_count\"><\/div><\/li><li class=\"share-twitter\"><a href=\"https:\/\/twitter.com\/share\" class=\"twitter-share-button\" data-url=\"http:\/\/www.michael-schumacher.es\/noticias-f1\/2013\/04\/21\/balance-gp-de-bahrein-sakhir-2013-force-india\/\" data-text=\"Balance GP de Bahr\u00e9in, Sakhir 2013. Force India\"  >Tweet<\/a><\/li><li class=\"share-email\"><a rel=\"nofollow noopener noreferrer\" data-shared=\"\" class=\"share-email sd-button\" href=\"http:\/\/www.michael-schumacher.es\/noticias-f1\/2013\/04\/21\/balance-gp-de-bahrein-sakhir-2013-force-india\/?share=email\" target=\"_blank\" title=\"Haz clic para enviar por correo electr\u00f3nico a un amigo\"><span>Correo electr\u00f3nico<\/span><\/a><\/li><li class=\"share-end\"><\/li><\/ul><\/div><\/div><\/div>","protected":false},"author":3,"featured_media":0,"comment_status":"open","ping_status":"open","sticky":false,"template":"","format":"standard","meta":{"_monsterinsights_skip_tracking":false,"_monsterinsights_sitenote_active":false,"_monsterinsights_sitenote_note":"","_monsterinsights_sitenote_category":0,"spay_email":"","jetpack_publicize_message":"","jetpack_is_tweetstorm":false,"jetpack_publicize_feature_enabled":true},"categories":[4,3],"tags":[373,732,401,35,64,110,17,126,15,6,8,1697,109,70,733,238,113],"jetpack_featured_media_url":"","jetpack_publicize_connections":[],"jetpack_sharing_enabled":true,"jetpack_shortlink":"https:\/\/wp.me\/p27q3P-2pY","_links":{"self":[{"href":"http:\/\/www.michael-schumacher.es\/noticias-f1\/wp-json\/wp\/v2\/posts\/9298"}],"collection":[{"href":"http:\/\/www.michael-schumacher.es\/noticias-f1\/wp-json\/wp\/v2\/posts"}],"about":[{"href":"http:\/\/www.michael-schumacher.es\/noticias-f1\/wp-json\/wp\/v2\/types\/post"}],"author":[{"embeddable":true,"href":"http:\/\/www.michael-schumacher.es\/noticias-f1\/wp-json\/wp\/v2\/users\/3"}],"replies":[{"embeddable":true,"href":"http:\/\/www.michael-schumacher.es\/noticias-f1\/wp-json\/wp\/v2\/comments?post=9298"}],"version-history":[{"count":0,"href":"http:\/\/www.michael-schumacher.es\/noticias-f1\/wp-json\/wp\/v2\/posts\/9298\/revisions"}],"wp:attachment":[{"href":"http:\/\/www.michael-schumacher.es\/noticias-f1\/wp-json\/wp\/v2\/media?parent=9298"}],"wp:term":[{"taxonomy":"category","embeddable":true,"href":"http:\/\/www.michael-schumacher.es\/noticias-f1\/wp-json\/wp\/v2\/categories?post=9298"},{"taxonomy":"post_tag","embeddable":true,"href":"http:\/\/www.michael-schumacher.es\/noticias-f1\/wp-json\/wp\/v2\/tags?post=9298"}],"curies":[{"name":"wp","href":"https:\/\/api.w.org\/{rel}","templated":true}]}}