{"id":9367,"date":"2013-04-24T01:41:06","date_gmt":"2013-04-23T23:41:06","guid":{"rendered":"http:\/\/www.michael-schumacher.es\/noticias-f1\/?p=9367"},"modified":"2013-04-24T01:41:06","modified_gmt":"2013-04-23T23:41:06","slug":"mclaren-quiere-ganar-y-no-detendra-el-desarrollo-en-2013","status":"publish","type":"post","link":"http:\/\/www.michael-schumacher.es\/noticias-f1\/2013\/04\/24\/mclaren-quiere-ganar-y-no-detendra-el-desarrollo-en-2013\/","title":{"rendered":"McLaren quiere ganar y no detendr\u00e1 el desarrollo en 2013"},"content":{"rendered":"<p><a href=\"http:\/\/www.michael-schumacher.es\/noticias-f1\/wp-content\/uploads\/2013\/02\/MP4-28-5.jpg\"><img loading=\"lazy\" class=\"alignleft\" alt=\"MP4-28-5\" src=\"http:\/\/www.michael-schumacher.es\/noticias-f1\/wp-content\/uploads\/2013\/02\/MP4-28-5.jpg\" width=\"201\" height=\"113\" \/><\/a>McLaren llevar\u00e1 una importante evoluci\u00f3n al Gran Premio de Espa\u00f1a, que abre la temporada Europea, el 12 de mayo en el Circuit de Catalunya, Barcelona. El MP4-28 traer\u00e1 un nuevo fondo y una suspensi\u00f3n trasera diferente para transformar la parte trasera, para solventar gran parte de los problemas del monoplaza<\/p>\n<p><!--more--> <!--noteaser--><\/p>\n<p><a href=\"http:\/\/www.michael-schumacher.es\/noticias-f1\/wp-content\/uploads\/2013\/02\/MP4-28-5.jpg\"><img loading=\"lazy\" class=\"aligncenter size-full wp-image-7695\" alt=\"MP4-28-5\" src=\"http:\/\/www.michael-schumacher.es\/noticias-f1\/wp-content\/uploads\/2013\/02\/MP4-28-5.jpg\" width=\"650\" height=\"366\" srcset=\"http:\/\/www.michael-schumacher.es\/noticias-f1\/wp-content\/uploads\/2013\/02\/MP4-28-5.jpg 650w, http:\/\/www.michael-schumacher.es\/noticias-f1\/wp-content\/uploads\/2013\/02\/MP4-28-5-300x168.jpg 300w\" sizes=\"(max-width: 650px) 100vw, 650px\" \/><\/a><\/p>\n<p>McLaren llevar\u00e1 una importante evoluci\u00f3n al Gran Premio de Espa\u00f1a, que abre la temporada Europea, el 12 de mayo en el Circuit de Catalunya, Barcelona. El MP4-28 traer\u00e1 un nuevo fondo y una suspensi\u00f3n trasera diferente para transformar la parte trasera, para solventar gran parte de los problemas del monoplaza<\/p>\n<p>&nbsp;<\/p>\n<p>Martin Whitmarsh, director del equipo McLaren quiera volver al podio en 2013 y desmiente tajantemente los rumores que apuntan a que van a dejar de desarrollar el monoplaza para centrarse en el coche del 2014 que adem\u00e1s iniciar\u00e1 los nuevos motores V6 Turbo. Como prueba de que no van a abandonar el coche llegar\u00e1 a Barcelona completamente revisado y con un gran paquete de actualizaci\u00f3n.<\/p>\n<p>&nbsp;<\/p>\n<p>Whitmarsh no va a dejar de luchar por la victoria en 2013: <strong>\u00abEse es el plan seguir con eficacia. No estamos donde queremos estar y donde debemos estar. Trabajamos duro para que llegar a los podios y a las victorias. Quiero volver a la parte delantera y quiero llegar a los grandes premios de pensar que podemos ganar. No hemos pensado en eso en las \u00faltimas cuatro carreras y queremos recuperarlo. La verdad es que quiero volver a vernos pronto en un podio y si es posible en el escal\u00f3n m\u00e1s alto. Eso es lo que quiero que seamos y as\u00ed es como la gente espera que seamos \u00ab.<\/strong><\/p>\n<p>&nbsp;<\/p>\n<p>Por tanto Martin Whitmarsh, no quiere,\u00a0 ni tan siquiera hablar de abandonar el desarrollo del coche del 2013 para centrarse en 2014, est\u00e1 centrado en volver a estar luchando por ganar:\u00a0 <strong>\u00abNo ni hay que hablar de ello no est\u00e1 en mi naturaleza a renunciar a tal desaf\u00edo, en la carreras\u00a0 me enfrento con un esp\u00edritu competitivo y no puedo concebir la idea de ir a la carrera con el conocimiento de que no vamos a ser competitivos y sin la ambici\u00f3n de aspirar a un podio. Tal vez un defecto de mi car\u00e1cter. Una de mis debilidades es que quiero ser competitivo. El objetivo del equipo es volver a la cima: no quiero o\u00edr hablar en el 2014 en este momento\u00bb.<\/strong><\/p>\n<p>&nbsp;<\/p>\n<div class=\"sharedaddy sd-sharing-enabled\"><div class=\"robots-nocontent sd-block sd-social sd-social-official sd-sharing\"><h3 class=\"sd-title\">Opciones Sociales:<\/h3><div class=\"sd-content\"><ul><li class=\"share-facebook\"><div class=\"fb-share-button\" data-href=\"http:\/\/www.michael-schumacher.es\/noticias-f1\/2013\/04\/24\/mclaren-quiere-ganar-y-no-detendra-el-desarrollo-en-2013\/\" data-layout=\"button_count\"><\/div><\/li><li class=\"share-twitter\"><a href=\"https:\/\/twitter.com\/share\" class=\"twitter-share-button\" data-url=\"http:\/\/www.michael-schumacher.es\/noticias-f1\/2013\/04\/24\/mclaren-quiere-ganar-y-no-detendra-el-desarrollo-en-2013\/\" data-text=\"McLaren quiere ganar y no detendr\u00e1 el desarrollo en 2013\"  >Tweet<\/a><\/li><li class=\"share-email\"><a rel=\"nofollow noopener noreferrer\" data-shared=\"\" class=\"share-email sd-button\" href=\"http:\/\/www.michael-schumacher.es\/noticias-f1\/2013\/04\/24\/mclaren-quiere-ganar-y-no-detendra-el-desarrollo-en-2013\/?share=email\" target=\"_blank\" title=\"Haz clic para enviar por correo electr\u00f3nico a un amigo\"><span>Correo electr\u00f3nico<\/span><\/a><\/li><li class=\"share-end\"><\/li><\/ul><\/div><\/div><\/div>","protected":false},"excerpt":{"rendered":"<p>McLaren llevar\u00e1 una importante evoluci\u00f3n al Gran Premio de Espa\u00f1a, que abre la temporada Europea, el 12 de mayo en el Circuit de Catalunya, Barcelona. El MP4-28 traer\u00e1 un nuevo fondo y una suspensi\u00f3n trasera diferente para transformar la parte trasera, para solventar gran parte de los problemas del monoplaza<\/p>\n<div class=\"sharedaddy sd-sharing-enabled\"><div class=\"robots-nocontent sd-block sd-social sd-social-official sd-sharing\"><h3 class=\"sd-title\">Opciones Sociales:<\/h3><div class=\"sd-content\"><ul><li class=\"share-facebook\"><div class=\"fb-share-button\" data-href=\"http:\/\/www.michael-schumacher.es\/noticias-f1\/2013\/04\/24\/mclaren-quiere-ganar-y-no-detendra-el-desarrollo-en-2013\/\" data-layout=\"button_count\"><\/div><\/li><li class=\"share-twitter\"><a href=\"https:\/\/twitter.com\/share\" class=\"twitter-share-button\" data-url=\"http:\/\/www.michael-schumacher.es\/noticias-f1\/2013\/04\/24\/mclaren-quiere-ganar-y-no-detendra-el-desarrollo-en-2013\/\" data-text=\"McLaren quiere ganar y no detendr\u00e1 el desarrollo en 2013\"  >Tweet<\/a><\/li><li class=\"share-email\"><a rel=\"nofollow noopener noreferrer\" data-shared=\"\" class=\"share-email sd-button\" href=\"http:\/\/www.michael-schumacher.es\/noticias-f1\/2013\/04\/24\/mclaren-quiere-ganar-y-no-detendra-el-desarrollo-en-2013\/?share=email\" target=\"_blank\" title=\"Haz clic para enviar por correo electr\u00f3nico a un amigo\"><span>Correo electr\u00f3nico<\/span><\/a><\/li><li class=\"share-end\"><\/li><\/ul><\/div><\/div><\/div>","protected":false},"author":3,"featured_media":0,"comment_status":"open","ping_status":"open","sticky":false,"template":"","format":"standard","meta":{"_monsterinsights_skip_tracking":false,"_monsterinsights_sitenote_active":false,"_monsterinsights_sitenote_note":"","_monsterinsights_sitenote_category":0,"spay_email":"","jetpack_publicize_message":"","jetpack_is_tweetstorm":false,"jetpack_publicize_feature_enabled":true},"categories":[3],"tags":[373,633,240,17,15,326,270,138,551,3264,197,1680,423,1151,610],"jetpack_featured_media_url":"","jetpack_publicize_connections":[],"jetpack_sharing_enabled":true,"jetpack_shortlink":"https:\/\/wp.me\/p27q3P-2r5","_links":{"self":[{"href":"http:\/\/www.michael-schumacher.es\/noticias-f1\/wp-json\/wp\/v2\/posts\/9367"}],"collection":[{"href":"http:\/\/www.michael-schumacher.es\/noticias-f1\/wp-json\/wp\/v2\/posts"}],"about":[{"href":"http:\/\/www.michael-schumacher.es\/noticias-f1\/wp-json\/wp\/v2\/types\/post"}],"author":[{"embeddable":true,"href":"http:\/\/www.michael-schumacher.es\/noticias-f1\/wp-json\/wp\/v2\/users\/3"}],"replies":[{"embeddable":true,"href":"http:\/\/www.michael-schumacher.es\/noticias-f1\/wp-json\/wp\/v2\/comments?post=9367"}],"version-history":[{"count":0,"href":"http:\/\/www.michael-schumacher.es\/noticias-f1\/wp-json\/wp\/v2\/posts\/9367\/revisions"}],"wp:attachment":[{"href":"http:\/\/www.michael-schumacher.es\/noticias-f1\/wp-json\/wp\/v2\/media?parent=9367"}],"wp:term":[{"taxonomy":"category","embeddable":true,"href":"http:\/\/www.michael-schumacher.es\/noticias-f1\/wp-json\/wp\/v2\/categories?post=9367"},{"taxonomy":"post_tag","embeddable":true,"href":"http:\/\/www.michael-schumacher.es\/noticias-f1\/wp-json\/wp\/v2\/tags?post=9367"}],"curies":[{"name":"wp","href":"https:\/\/api.w.org\/{rel}","templated":true}]}}