{"id":9391,"date":"2013-04-25T01:55:43","date_gmt":"2013-04-24T23:55:43","guid":{"rendered":"http:\/\/www.michael-schumacher.es\/noticias-f1\/?p=9391"},"modified":"2013-04-25T14:29:38","modified_gmt":"2013-04-25T12:29:38","slug":"porsche-desestimo-la-f1-porque-es-demasiado-lejana-a-los-coches-de-carretera","status":"publish","type":"post","link":"http:\/\/www.michael-schumacher.es\/noticias-f1\/2013\/04\/25\/porsche-desestimo-la-f1-porque-es-demasiado-lejana-a-los-coches-de-carretera\/","title":{"rendered":"Porsche desestimo la F1 porque es demasiado lejana a los coches de carretera"},"content":{"rendered":"<p><a href=\"http:\/\/www.michael-schumacher.es\/noticias-f1\/wp-content\/uploads\/2012\/10\/Porsche_logo.png\"><img loading=\"lazy\" class=\"alignleft\" alt=\"Porsche_logo\" src=\"http:\/\/www.michael-schumacher.es\/noticias-f1\/wp-content\/uploads\/2012\/10\/Porsche_logo.png\" width=\"200\" height=\"133\" \/><\/a>Porsche ha desvelado que, aunque tuvieron dudas en su decisi\u00f3n, finalmente no se decidieron por la F1 ya que est\u00e1 muy distante de los coches de carretera. Porche destaca que en F1 la mayor importancia ahora recae en publicidad y neum\u00e1ticos y tambi\u00e9n en una aerodin\u00e1mica pero tan extrema que no es aplicable a los coches de calle, mientras que el chasis y el motor no tienen tanta importancia, por lo que desestimaron la F1 por su pobre aplicaci\u00f3n a deportivos de lujo y m\u00e1ximas prestaciones de calle, que es la especialidad de la marca.<\/p>\n<p><!--more--> <!--noteaser--><\/p>\n<p><a href=\"http:\/\/www.michael-schumacher.es\/noticias-f1\/wp-content\/uploads\/2012\/10\/Porsche_logo.png\"><img loading=\"lazy\" class=\"aligncenter size-full wp-image-5101\" alt=\"Porsche_logo\" src=\"http:\/\/www.michael-schumacher.es\/noticias-f1\/wp-content\/uploads\/2012\/10\/Porsche_logo.png\" width=\"650\" height=\"433\" srcset=\"http:\/\/www.michael-schumacher.es\/noticias-f1\/wp-content\/uploads\/2012\/10\/Porsche_logo.png 847w, http:\/\/www.michael-schumacher.es\/noticias-f1\/wp-content\/uploads\/2012\/10\/Porsche_logo-300x200.png 300w\" sizes=\"(max-width: 650px) 100vw, 650px\" \/><\/a><\/p>\n<p>&nbsp;<\/p>\n<p>Porsche ha desvelado que, aunque tuvieron dudas en su decisi\u00f3n, finalmente no se decidieron por la F1 ya que est\u00e1 muy distante de los coches de carretera. Porche destaca que en F1 la mayor importancia ahora recae en publicidad y neum\u00e1ticos y tambi\u00e9n en una aerodin\u00e1mica pero tan extrema que no es aplicable a los coches de calle, mientras que el chasis y el motor no tienen tanta importancia, por lo que desestimaron la F1 por su pobre aplicaci\u00f3n a deportivos de lujo y m\u00e1ximas prestaciones de calle, que es la especialidad de la marca.<\/p>\n<p>&nbsp;<\/p>\n<p>Wolfgang Hatz, el jefe de investigaci\u00f3n y desarrollos de Porsche, explic\u00f3 su decisi\u00f3n como fabricantes de esplendidos deportivos: <strong>\u201cSomos un fabricante de coches deportivos. Porsche ha existido siempre para la transferencia de tecnolog\u00edas de coches de carreras a coches de calle. Por esta raz\u00f3n, fue claro cuando hace dos o tres a\u00f1os que tuvimos que volver a un Campeonato Mundial y luego tuvimos la elecci\u00f3n entre la resistencia y la f\u00f3rmula 1. Pero la decisi\u00f3n final fue la \u00fanica que ten\u00eda sentido. La F1 era una alternativa, pero est\u00e1 demasiado alejada de los coches de carretera\u201d.<\/strong><br \/>\nHatz tambi\u00e9n explico que no ve\u00edan aplicable la F1 a los deportivos de calle, de los que Porche es uno de los mejores fabricantes: <strong>\u201cHay muchas pol\u00edticas de publicidad y neum\u00e1ticos, pero en el chasis y los motores no realmente no es tan relevante. En Aerodin\u00e1mica tambi\u00e9n es incre\u00edble pero exagerado y no puede utilizarse para ning\u00fan desarrollo para nuestros coches de calle.\u00bb <\/strong><\/p>\n<p>&nbsp;<\/p>\n<p>&nbsp;<\/p>\n<div class=\"sharedaddy sd-sharing-enabled\"><div class=\"robots-nocontent sd-block sd-social sd-social-official sd-sharing\"><h3 class=\"sd-title\">Opciones Sociales:<\/h3><div class=\"sd-content\"><ul><li class=\"share-facebook\"><div class=\"fb-share-button\" data-href=\"http:\/\/www.michael-schumacher.es\/noticias-f1\/2013\/04\/25\/porsche-desestimo-la-f1-porque-es-demasiado-lejana-a-los-coches-de-carretera\/\" data-layout=\"button_count\"><\/div><\/li><li class=\"share-twitter\"><a href=\"https:\/\/twitter.com\/share\" class=\"twitter-share-button\" data-url=\"http:\/\/www.michael-schumacher.es\/noticias-f1\/2013\/04\/25\/porsche-desestimo-la-f1-porque-es-demasiado-lejana-a-los-coches-de-carretera\/\" data-text=\"Porsche desestimo la F1 porque es demasiado lejana a los coches de carretera\"  >Tweet<\/a><\/li><li class=\"share-email\"><a rel=\"nofollow noopener noreferrer\" data-shared=\"\" class=\"share-email sd-button\" href=\"http:\/\/www.michael-schumacher.es\/noticias-f1\/2013\/04\/25\/porsche-desestimo-la-f1-porque-es-demasiado-lejana-a-los-coches-de-carretera\/?share=email\" target=\"_blank\" title=\"Haz clic para enviar por correo electr\u00f3nico a un amigo\"><span>Correo electr\u00f3nico<\/span><\/a><\/li><li class=\"share-end\"><\/li><\/ul><\/div><\/div><\/div>","protected":false},"excerpt":{"rendered":"<p>Porsche ha desvelado que, aunque tuvieron dudas en su decisi\u00f3n, finalmente no se decidieron por la F1 ya que est\u00e1 muy distante de los coches de carretera. Porche destaca que en F1 la mayor importancia ahora recae en publicidad y neum\u00e1ticos y tambi\u00e9n en una aerodin\u00e1mica pero tan extrema que no es aplicable a los [&hellip;]<\/p>\n<div class=\"sharedaddy sd-sharing-enabled\"><div class=\"robots-nocontent sd-block sd-social sd-social-official sd-sharing\"><h3 class=\"sd-title\">Opciones Sociales:<\/h3><div class=\"sd-content\"><ul><li class=\"share-facebook\"><div class=\"fb-share-button\" data-href=\"http:\/\/www.michael-schumacher.es\/noticias-f1\/2013\/04\/25\/porsche-desestimo-la-f1-porque-es-demasiado-lejana-a-los-coches-de-carretera\/\" data-layout=\"button_count\"><\/div><\/li><li class=\"share-twitter\"><a href=\"https:\/\/twitter.com\/share\" class=\"twitter-share-button\" data-url=\"http:\/\/www.michael-schumacher.es\/noticias-f1\/2013\/04\/25\/porsche-desestimo-la-f1-porque-es-demasiado-lejana-a-los-coches-de-carretera\/\" data-text=\"Porsche desestimo la F1 porque es demasiado lejana a los coches de carretera\"  >Tweet<\/a><\/li><li class=\"share-email\"><a rel=\"nofollow noopener noreferrer\" data-shared=\"\" class=\"share-email sd-button\" href=\"http:\/\/www.michael-schumacher.es\/noticias-f1\/2013\/04\/25\/porsche-desestimo-la-f1-porque-es-demasiado-lejana-a-los-coches-de-carretera\/?share=email\" target=\"_blank\" title=\"Haz clic para enviar por correo electr\u00f3nico a un amigo\"><span>Correo electr\u00f3nico<\/span><\/a><\/li><li class=\"share-end\"><\/li><\/ul><\/div><\/div><\/div>","protected":false},"author":3,"featured_media":0,"comment_status":"open","ping_status":"open","sticky":false,"template":"","format":"standard","meta":{"_monsterinsights_skip_tracking":false,"_monsterinsights_sitenote_active":false,"_monsterinsights_sitenote_note":"","_monsterinsights_sitenote_category":0,"spay_email":"","jetpack_publicize_message":"","jetpack_is_tweetstorm":false,"jetpack_publicize_feature_enabled":true},"categories":[3],"tags":[3277,240,3274,17,15,3278,3276,3275,1664],"jetpack_featured_media_url":"","jetpack_publicize_connections":[],"jetpack_sharing_enabled":true,"jetpack_shortlink":"https:\/\/wp.me\/p27q3P-2rt","_links":{"self":[{"href":"http:\/\/www.michael-schumacher.es\/noticias-f1\/wp-json\/wp\/v2\/posts\/9391"}],"collection":[{"href":"http:\/\/www.michael-schumacher.es\/noticias-f1\/wp-json\/wp\/v2\/posts"}],"about":[{"href":"http:\/\/www.michael-schumacher.es\/noticias-f1\/wp-json\/wp\/v2\/types\/post"}],"author":[{"embeddable":true,"href":"http:\/\/www.michael-schumacher.es\/noticias-f1\/wp-json\/wp\/v2\/users\/3"}],"replies":[{"embeddable":true,"href":"http:\/\/www.michael-schumacher.es\/noticias-f1\/wp-json\/wp\/v2\/comments?post=9391"}],"version-history":[{"count":0,"href":"http:\/\/www.michael-schumacher.es\/noticias-f1\/wp-json\/wp\/v2\/posts\/9391\/revisions"}],"wp:attachment":[{"href":"http:\/\/www.michael-schumacher.es\/noticias-f1\/wp-json\/wp\/v2\/media?parent=9391"}],"wp:term":[{"taxonomy":"category","embeddable":true,"href":"http:\/\/www.michael-schumacher.es\/noticias-f1\/wp-json\/wp\/v2\/categories?post=9391"},{"taxonomy":"post_tag","embeddable":true,"href":"http:\/\/www.michael-schumacher.es\/noticias-f1\/wp-json\/wp\/v2\/tags?post=9391"}],"curies":[{"name":"wp","href":"https:\/\/api.w.org\/{rel}","templated":true}]}}