{"id":9456,"date":"2013-04-28T01:45:19","date_gmt":"2013-04-27T23:45:19","guid":{"rendered":"http:\/\/www.michael-schumacher.es\/noticias-f1\/?p=9456"},"modified":"2013-04-28T20:44:14","modified_gmt":"2013-04-28T18:44:14","slug":"los-equipos-podrian-tener-sus-primeras-pruebas-en-enero-de-2014","status":"publish","type":"post","link":"http:\/\/www.michael-schumacher.es\/noticias-f1\/2013\/04\/28\/los-equipos-podrian-tener-sus-primeras-pruebas-en-enero-de-2014\/","title":{"rendered":"Los equipos podr\u00edan tener sus primeras pruebas en Enero de 2014"},"content":{"rendered":"<p><a href=\"http:\/\/www.michael-schumacher.es\/noticias-f1\/wp-content\/uploads\/2012\/08\/david_sarro.formula-1-1.jpg\"><img loading=\"lazy\" class=\"alignleft\" alt=\"Formula 1\" src=\"http:\/\/www.michael-schumacher.es\/noticias-f1\/wp-content\/uploads\/2012\/08\/david_sarro.formula-1-1.jpg\" width=\"200\" height=\"99\" \/><\/a>Nada est\u00e1 decidido y todo son dudas todav\u00eda, pero es evidente que con la entrada de los nuevos motores V6 turbo y su normativa, los equipos necesitan tiempo. Por lo que empiezan a surgir voces que hablan de adelantar las primeras pruebas de pretemporada a Enero e incluso que esas pruebas de enero, sean un par de d\u00edas extra para ello. Ya que los equipos necesitan tiempo para acostumbrarse tanto a los nuevos motores como a los nuevos sistemas de recuperaci\u00f3n de energ\u00eda.<\/p>\n<p><!--more--> <!--noteaser--><\/p>\n<p><a href=\"http:\/\/www.michael-schumacher.es\/noticias-f1\/wp-content\/uploads\/2012\/08\/david_sarro.formula-1-1.jpg\"><img loading=\"lazy\" class=\"aligncenter size-full wp-image-2446\" alt=\"Formula 1\" src=\"http:\/\/www.michael-schumacher.es\/noticias-f1\/wp-content\/uploads\/2012\/08\/david_sarro.formula-1-1.jpg\" width=\"605\" height=\"300\" srcset=\"http:\/\/www.michael-schumacher.es\/noticias-f1\/wp-content\/uploads\/2012\/08\/david_sarro.formula-1-1.jpg 605w, http:\/\/www.michael-schumacher.es\/noticias-f1\/wp-content\/uploads\/2012\/08\/david_sarro.formula-1-1-300x148.jpg 300w\" sizes=\"(max-width: 605px) 100vw, 605px\" \/><\/a><\/p>\n<p>&nbsp;<\/p>\n<p>Nada est\u00e1 decidido y todo son dudas todav\u00eda, pero es evidente que con la entrada de los nuevos motores V6 turbo y su normativa, los equipos necesitan tiempo. Por lo que empiezan a surgir voces que hablan de adelantar las primeras pruebas de pretemporada a Enero e incluso que esas pruebas de enero, sean un par de d\u00edas extra para ello. Ya que los equipos necesitan tiempo para acostumbrarse tanto a los nuevos motores como a los nuevos sistemas de recuperaci\u00f3n de energ\u00eda.<\/p>\n<p>&nbsp;<\/p>\n<p>Claro que tambi\u00e9n esto conlleva un problema adicional, los equipos deber\u00edan dar a conocer sus coches de la temporada 2014 antes de lo habitual, reduciendo su tiempo de preparaci\u00f3n. Por lo que todav\u00eda no hay decisiones y los equipos junto con la FIA tendr\u00e1n que estudiar las opciones m\u00e1s adecuadas.<\/p>\n<p>&nbsp;<\/p>\n<p><strong>Imagen:<\/strong> David Sarr\u00f3<\/p>\n<div class=\"sharedaddy sd-sharing-enabled\"><div class=\"robots-nocontent sd-block sd-social sd-social-official sd-sharing\"><h3 class=\"sd-title\">Opciones Sociales:<\/h3><div class=\"sd-content\"><ul><li class=\"share-facebook\"><div class=\"fb-share-button\" data-href=\"http:\/\/www.michael-schumacher.es\/noticias-f1\/2013\/04\/28\/los-equipos-podrian-tener-sus-primeras-pruebas-en-enero-de-2014\/\" data-layout=\"button_count\"><\/div><\/li><li class=\"share-twitter\"><a href=\"https:\/\/twitter.com\/share\" class=\"twitter-share-button\" data-url=\"http:\/\/www.michael-schumacher.es\/noticias-f1\/2013\/04\/28\/los-equipos-podrian-tener-sus-primeras-pruebas-en-enero-de-2014\/\" data-text=\"Los equipos podr\u00edan tener sus primeras pruebas en Enero de 2014\"  >Tweet<\/a><\/li><li class=\"share-email\"><a rel=\"nofollow noopener noreferrer\" data-shared=\"\" class=\"share-email sd-button\" href=\"http:\/\/www.michael-schumacher.es\/noticias-f1\/2013\/04\/28\/los-equipos-podrian-tener-sus-primeras-pruebas-en-enero-de-2014\/?share=email\" target=\"_blank\" title=\"Haz clic para enviar por correo electr\u00f3nico a un amigo\"><span>Correo electr\u00f3nico<\/span><\/a><\/li><li class=\"share-end\"><\/li><\/ul><\/div><\/div><\/div>","protected":false},"excerpt":{"rendered":"<p>Nada est\u00e1 decidido y todo son dudas todav\u00eda, pero es evidente que con la entrada de los nuevos motores V6 turbo y su normativa, los equipos necesitan tiempo. Por lo que empiezan a surgir voces que hablan de adelantar las primeras pruebas de pretemporada a Enero e incluso que esas pruebas de enero, sean un [&hellip;]<\/p>\n<div class=\"sharedaddy sd-sharing-enabled\"><div class=\"robots-nocontent sd-block sd-social sd-social-official sd-sharing\"><h3 class=\"sd-title\">Opciones Sociales:<\/h3><div class=\"sd-content\"><ul><li class=\"share-facebook\"><div class=\"fb-share-button\" data-href=\"http:\/\/www.michael-schumacher.es\/noticias-f1\/2013\/04\/28\/los-equipos-podrian-tener-sus-primeras-pruebas-en-enero-de-2014\/\" data-layout=\"button_count\"><\/div><\/li><li class=\"share-twitter\"><a href=\"https:\/\/twitter.com\/share\" class=\"twitter-share-button\" data-url=\"http:\/\/www.michael-schumacher.es\/noticias-f1\/2013\/04\/28\/los-equipos-podrian-tener-sus-primeras-pruebas-en-enero-de-2014\/\" data-text=\"Los equipos podr\u00edan tener sus primeras pruebas en Enero de 2014\"  >Tweet<\/a><\/li><li class=\"share-email\"><a rel=\"nofollow noopener noreferrer\" data-shared=\"\" class=\"share-email sd-button\" href=\"http:\/\/www.michael-schumacher.es\/noticias-f1\/2013\/04\/28\/los-equipos-podrian-tener-sus-primeras-pruebas-en-enero-de-2014\/?share=email\" target=\"_blank\" title=\"Haz clic para enviar por correo electr\u00f3nico a un amigo\"><span>Correo electr\u00f3nico<\/span><\/a><\/li><li class=\"share-end\"><\/li><\/ul><\/div><\/div><\/div>","protected":false},"author":3,"featured_media":0,"comment_status":"open","ping_status":"open","sticky":false,"template":"","format":"standard","meta":{"_monsterinsights_skip_tracking":false,"_monsterinsights_sitenote_active":false,"_monsterinsights_sitenote_note":"","_monsterinsights_sitenote_category":0,"spay_email":"","jetpack_publicize_message":"","jetpack_is_tweetstorm":false,"jetpack_publicize_feature_enabled":true},"categories":[3],"tags":[758,1963,240,2122,256,17,15,236,606,523,3301,3302,282,2950,215,300,866],"jetpack_featured_media_url":"","jetpack_publicize_connections":[],"jetpack_sharing_enabled":true,"jetpack_shortlink":"https:\/\/wp.me\/p27q3P-2sw","_links":{"self":[{"href":"http:\/\/www.michael-schumacher.es\/noticias-f1\/wp-json\/wp\/v2\/posts\/9456"}],"collection":[{"href":"http:\/\/www.michael-schumacher.es\/noticias-f1\/wp-json\/wp\/v2\/posts"}],"about":[{"href":"http:\/\/www.michael-schumacher.es\/noticias-f1\/wp-json\/wp\/v2\/types\/post"}],"author":[{"embeddable":true,"href":"http:\/\/www.michael-schumacher.es\/noticias-f1\/wp-json\/wp\/v2\/users\/3"}],"replies":[{"embeddable":true,"href":"http:\/\/www.michael-schumacher.es\/noticias-f1\/wp-json\/wp\/v2\/comments?post=9456"}],"version-history":[{"count":0,"href":"http:\/\/www.michael-schumacher.es\/noticias-f1\/wp-json\/wp\/v2\/posts\/9456\/revisions"}],"wp:attachment":[{"href":"http:\/\/www.michael-schumacher.es\/noticias-f1\/wp-json\/wp\/v2\/media?parent=9456"}],"wp:term":[{"taxonomy":"category","embeddable":true,"href":"http:\/\/www.michael-schumacher.es\/noticias-f1\/wp-json\/wp\/v2\/categories?post=9456"},{"taxonomy":"post_tag","embeddable":true,"href":"http:\/\/www.michael-schumacher.es\/noticias-f1\/wp-json\/wp\/v2\/tags?post=9456"}],"curies":[{"name":"wp","href":"https:\/\/api.w.org\/{rel}","templated":true}]}}