{"id":9479,"date":"2013-04-29T03:21:04","date_gmt":"2013-04-29T01:21:04","guid":{"rendered":"http:\/\/www.michael-schumacher.es\/noticias-f1\/?p=9479"},"modified":"2013-04-29T03:21:04","modified_gmt":"2013-04-29T01:21:04","slug":"kubica-ha-confirmado-su-prueba-en-el-simulador-de-mercedes","status":"publish","type":"post","link":"http:\/\/www.michael-schumacher.es\/noticias-f1\/2013\/04\/29\/kubica-ha-confirmado-su-prueba-en-el-simulador-de-mercedes\/","title":{"rendered":"Kubica ha confirmado su prueba en el simulador de Mercedes"},"content":{"rendered":"<p><a href=\"http:\/\/www.michael-schumacher.es\/noticias-f1\/wp-content\/uploads\/2013\/01\/kubica-prueba-dtm-valencia.jpg\"><img loading=\"lazy\" class=\"alignleft\" alt=\"Kubica prueba DTM \" src=\"http:\/\/www.michael-schumacher.es\/noticias-f1\/wp-content\/uploads\/2013\/01\/kubica-prueba-dtm-valencia.jpg\" width=\"200\" height=\"133\" \/><\/a>La pasada semana surg\u00edan los rumores de que Robert Kubica hab\u00eda pasado alg\u00fan tiempo probando en el simulador del equipo Mercedes con sede en Brackley. Este fin de semana coincidiendo con el Rally de Azores, en Portugal, en la cuarta cita del Campeonato Europeo de Rallyes, Kubica ha confirmado escuetamente, dichos rumores.<\/p>\n<p><!--more--> <!--noteaser--><\/p>\n<p><a href=\"http:\/\/www.michael-schumacher.es\/noticias-f1\/wp-content\/uploads\/2013\/01\/kubica-prueba-dtm-valencia.jpg\"><img loading=\"lazy\" class=\"aligncenter size-full wp-image-7615\" alt=\"Kubica prueba DTM \" src=\"http:\/\/www.michael-schumacher.es\/noticias-f1\/wp-content\/uploads\/2013\/01\/kubica-prueba-dtm-valencia.jpg\" width=\"650\" height=\"433\" srcset=\"http:\/\/www.michael-schumacher.es\/noticias-f1\/wp-content\/uploads\/2013\/01\/kubica-prueba-dtm-valencia.jpg 650w, http:\/\/www.michael-schumacher.es\/noticias-f1\/wp-content\/uploads\/2013\/01\/kubica-prueba-dtm-valencia-300x199.jpg 300w\" sizes=\"(max-width: 650px) 100vw, 650px\" \/><\/a><\/p>\n<p>&nbsp;<\/p>\n<p>La pasada semana surg\u00edan los rumores de que Robert Kubica hab\u00eda pasado alg\u00fan tiempo probando en el simulador del equipo Mercedes con sede en Brackley. Este fin de semana coincidiendo con el Rally de Azores, en Portugal, en la cuarta cita del Campeonato Europeo de Rallyes, Kubica ha confirmado escuetamente, dichos rumores.<\/p>\n<p>&nbsp;<\/p>\n<p>Kubica estuvo probando el simulador de Mercedes, as\u00ed lo ha confirmado a Autosport:<strong> \u00abPuedo decir que s\u00ed, que estaba all\u00ed. Pero no puedo decir cu\u00e1ntas veces o cu\u00e1ntas vueltas que hice. Pero hay un rumor del que yo digo, s\u00ed, yo estaba en el simulador de Mercedes F1 en el pasado.\u00bb<\/strong><\/p>\n<p>&nbsp;<\/p>\n<p>Kubica sigue movi\u00e9ndose en el camino y con el m\u00e1ximo inter\u00e9s de volver a la F1, esta prueba y el hecho de su relaci\u00f3n con Toto Wolff director ejecutivo de Mercedes Motorsport quien tambi\u00e9n le proporciono una prueba de DTM en febrero, parecen indicar que su posible regreso podr\u00eda estar mas pr\u00f3ximo<\/p>\n<p>&nbsp;<\/p>\n<p>Sin duda cuando Kubica est\u00e9 preparado para volver, no tendr\u00e1 problemas en encontrar equipo, ya que tanto en Mercedes como en Lotus tienen inter\u00e9s por \u00e9l. Toto Wolff,(Mercedes) declaro hace poco que <strong>\u00able encantar\u00eda trabajar con \u00e9l en el futuro\u201d<\/strong>. Tambi\u00e9n Eric Boullier, (Lotus) declaro fechas atr\u00e1s que<strong> \u201cseria candidato en 2014 si estaba en plenas facultades\u201d.<\/strong><\/p>\n<p>&nbsp;<\/p>\n<p>Kubica se neg\u00f3 a dar m\u00e1s informaci\u00f3n sobre su prueba en el simulador y tampoco confirm\u00f3, aunque no descarto repetirla:<strong> \u00abTal vez, no lo s\u00e9. \u00abPero eso no quiere decir, que cada vez que alguien me vea en el aeropuerto de Heathrow, es que vaya a ir a Mercedes. Tambi\u00e9n estoy en Heathrow por otras razones, no siempre est\u00e1 relacionado con eso\u00bb.<\/strong><\/p>\n<p>&nbsp;<\/p>\n<p>&nbsp;<\/p>\n<div class=\"sharedaddy sd-sharing-enabled\"><div class=\"robots-nocontent sd-block sd-social sd-social-official sd-sharing\"><h3 class=\"sd-title\">Opciones Sociales:<\/h3><div class=\"sd-content\"><ul><li class=\"share-facebook\"><div class=\"fb-share-button\" data-href=\"http:\/\/www.michael-schumacher.es\/noticias-f1\/2013\/04\/29\/kubica-ha-confirmado-su-prueba-en-el-simulador-de-mercedes\/\" data-layout=\"button_count\"><\/div><\/li><li class=\"share-twitter\"><a href=\"https:\/\/twitter.com\/share\" class=\"twitter-share-button\" data-url=\"http:\/\/www.michael-schumacher.es\/noticias-f1\/2013\/04\/29\/kubica-ha-confirmado-su-prueba-en-el-simulador-de-mercedes\/\" data-text=\"Kubica ha confirmado su prueba en el simulador de Mercedes\"  >Tweet<\/a><\/li><li class=\"share-email\"><a rel=\"nofollow noopener noreferrer\" data-shared=\"\" class=\"share-email sd-button\" href=\"http:\/\/www.michael-schumacher.es\/noticias-f1\/2013\/04\/29\/kubica-ha-confirmado-su-prueba-en-el-simulador-de-mercedes\/?share=email\" target=\"_blank\" title=\"Haz clic para enviar por correo electr\u00f3nico a un amigo\"><span>Correo electr\u00f3nico<\/span><\/a><\/li><li class=\"share-end\"><\/li><\/ul><\/div><\/div><\/div>","protected":false},"excerpt":{"rendered":"<p>La pasada semana surg\u00edan los rumores de que Robert Kubica hab\u00eda pasado alg\u00fan tiempo probando en el simulador del equipo Mercedes con sede en Brackley. Este fin de semana coincidiendo con el Rally de Azores, en Portugal, en la cuarta cita del Campeonato Europeo de Rallyes, Kubica ha confirmado escuetamente, dichos rumores.<\/p>\n<div class=\"sharedaddy sd-sharing-enabled\"><div class=\"robots-nocontent sd-block sd-social sd-social-official sd-sharing\"><h3 class=\"sd-title\">Opciones Sociales:<\/h3><div class=\"sd-content\"><ul><li class=\"share-facebook\"><div class=\"fb-share-button\" data-href=\"http:\/\/www.michael-schumacher.es\/noticias-f1\/2013\/04\/29\/kubica-ha-confirmado-su-prueba-en-el-simulador-de-mercedes\/\" data-layout=\"button_count\"><\/div><\/li><li class=\"share-twitter\"><a href=\"https:\/\/twitter.com\/share\" class=\"twitter-share-button\" data-url=\"http:\/\/www.michael-schumacher.es\/noticias-f1\/2013\/04\/29\/kubica-ha-confirmado-su-prueba-en-el-simulador-de-mercedes\/\" data-text=\"Kubica ha confirmado su prueba en el simulador de Mercedes\"  >Tweet<\/a><\/li><li class=\"share-email\"><a rel=\"nofollow noopener noreferrer\" data-shared=\"\" class=\"share-email sd-button\" href=\"http:\/\/www.michael-schumacher.es\/noticias-f1\/2013\/04\/29\/kubica-ha-confirmado-su-prueba-en-el-simulador-de-mercedes\/?share=email\" target=\"_blank\" title=\"Haz clic para enviar por correo electr\u00f3nico a un amigo\"><span>Correo electr\u00f3nico<\/span><\/a><\/li><li class=\"share-end\"><\/li><\/ul><\/div><\/div><\/div>","protected":false},"author":3,"featured_media":0,"comment_status":"open","ping_status":"open","sticky":false,"template":"","format":"standard","meta":{"_monsterinsights_skip_tracking":false,"_monsterinsights_sitenote_active":false,"_monsterinsights_sitenote_note":"","_monsterinsights_sitenote_category":0,"spay_email":"","jetpack_publicize_message":"","jetpack_is_tweetstorm":false,"jetpack_publicize_feature_enabled":true},"categories":[3],"tags":[17,15,557,3310,356,3311,2721,509,1065,426,823],"jetpack_featured_media_url":"","jetpack_publicize_connections":[],"jetpack_sharing_enabled":true,"jetpack_shortlink":"https:\/\/wp.me\/p27q3P-2sT","_links":{"self":[{"href":"http:\/\/www.michael-schumacher.es\/noticias-f1\/wp-json\/wp\/v2\/posts\/9479"}],"collection":[{"href":"http:\/\/www.michael-schumacher.es\/noticias-f1\/wp-json\/wp\/v2\/posts"}],"about":[{"href":"http:\/\/www.michael-schumacher.es\/noticias-f1\/wp-json\/wp\/v2\/types\/post"}],"author":[{"embeddable":true,"href":"http:\/\/www.michael-schumacher.es\/noticias-f1\/wp-json\/wp\/v2\/users\/3"}],"replies":[{"embeddable":true,"href":"http:\/\/www.michael-schumacher.es\/noticias-f1\/wp-json\/wp\/v2\/comments?post=9479"}],"version-history":[{"count":0,"href":"http:\/\/www.michael-schumacher.es\/noticias-f1\/wp-json\/wp\/v2\/posts\/9479\/revisions"}],"wp:attachment":[{"href":"http:\/\/www.michael-schumacher.es\/noticias-f1\/wp-json\/wp\/v2\/media?parent=9479"}],"wp:term":[{"taxonomy":"category","embeddable":true,"href":"http:\/\/www.michael-schumacher.es\/noticias-f1\/wp-json\/wp\/v2\/categories?post=9479"},{"taxonomy":"post_tag","embeddable":true,"href":"http:\/\/www.michael-schumacher.es\/noticias-f1\/wp-json\/wp\/v2\/tags?post=9479"}],"curies":[{"name":"wp","href":"https:\/\/api.w.org\/{rel}","templated":true}]}}