{"id":9558,"date":"2013-05-03T02:08:58","date_gmt":"2013-05-03T00:08:58","guid":{"rendered":"http:\/\/www.michael-schumacher.es\/noticias-f1\/?p=9558"},"modified":"2013-05-03T02:08:58","modified_gmt":"2013-05-03T00:08:58","slug":"perez-todos-unidos-para-conseguir-que-este-equipo-este-donde-debe-estar","status":"publish","type":"post","link":"http:\/\/www.michael-schumacher.es\/noticias-f1\/2013\/05\/03\/perez-todos-unidos-para-conseguir-que-este-equipo-este-donde-debe-estar\/","title":{"rendered":"P\u00e9rez: \u201cTodos unidos para conseguir que este equipo este donde debe estar\u201d"},"content":{"rendered":"<p><a href=\"http:\/\/www.michael-schumacher.es\/noticias-f1\/wp-content\/uploads\/2013\/03\/sergio_perez_test-bcn-2013_david-sarro.jpg\"><img loading=\"lazy\" class=\"alignleft\" alt=\"sergio_perez_test-bcn-2013_david-sarro\" src=\"http:\/\/www.michael-schumacher.es\/noticias-f1\/wp-content\/uploads\/2013\/03\/sergio_perez_test-bcn-2013_david-sarro.jpg\" width=\"200\" height=\"133\" \/><\/a>McLaren ha tenido un dif\u00edcil comienzo de la temporada, bastante m\u00e1s duro de lo que es habitual para este equipo siempre puntero, y en especial para Sergio P\u00e9rez, ya que el piloto Mexicano est\u00e1 por primer a\u00f1o en el equipo. Aunque McLaren est\u00e1 remontando como ya fue visible en el Gran Premio de Bahr\u00e9in, donde P\u00e9rez acabo en sexta posici\u00f3n.<\/p>\n<p><!--more--> <!--noteaser--><\/p>\n<p><a href=\"http:\/\/www.michael-schumacher.es\/noticias-f1\/wp-content\/uploads\/2013\/03\/sergio_perez_test-bcn-2013_david-sarro.jpg\"><img loading=\"lazy\" class=\"aligncenter size-full wp-image-8310\" alt=\"sergio_perez_test-bcn-2013_david-sarro\" src=\"http:\/\/www.michael-schumacher.es\/noticias-f1\/wp-content\/uploads\/2013\/03\/sergio_perez_test-bcn-2013_david-sarro.jpg\" width=\"650\" height=\"433\" srcset=\"http:\/\/www.michael-schumacher.es\/noticias-f1\/wp-content\/uploads\/2013\/03\/sergio_perez_test-bcn-2013_david-sarro.jpg 650w, http:\/\/www.michael-schumacher.es\/noticias-f1\/wp-content\/uploads\/2013\/03\/sergio_perez_test-bcn-2013_david-sarro-300x199.jpg 300w\" sizes=\"(max-width: 650px) 100vw, 650px\" \/><\/a><\/p>\n<p>McLaren ha tenido un dif\u00edcil comienzo de la temporada, bastante m\u00e1s duro de lo que es habitual para este equipo siempre puntero, y en especial para Sergio P\u00e9rez, ya que el piloto Mexicano est\u00e1 por primer a\u00f1o en el equipo. Aunque McLaren est\u00e1 remontando como ya fue visible en el Gran Premio de Bahr\u00e9in, donde P\u00e9rez acabo en sexta posici\u00f3n.<\/p>\n<p>&nbsp;<\/p>\n<p>Por lo que, tanto el equipo de Woking como el propio Sergio P\u00e9rez, est\u00e1n motivados y con la esperanza de que esa mejor\u00eda siga progresando hasta colocar el equipo donde debe estar. Adem\u00e1s se encuentra instalado en el equipo, ya conoce al equipo y est\u00e1 encantado de ser un piloto de McLaren: <strong>\u00abHa sido genial conocer a todo el equipo &#8211; la experiencia ha sido todo lo que pens\u00e9 que ser\u00eda, y m\u00e1s. Todo el mundo me ha tratado muy bien y siento que me he instalado a lo grande. Despu\u00e9s de un dif\u00edcil comienzo de la temporada, estamos todos unidos para conseguir que este equipo este donde debe estar en la parte delantera de la parrilla. Esperemos que haber dado la vuelta a la esquina ahora.\u201d<\/strong><\/p>\n<p>&nbsp;<\/p>\n<p>Sergio P\u00e9rez tambi\u00e9n destaca, lo impresionante que le resulta el MTC: <strong>\u00abEl MTC (McLaren Technology Center) es un lugar incre\u00edble para trabajar cada vez que voy, estoy impresionado por lo que veo &#8211; caminando por el boulevard, veo todos los grandes coches de la historia, y me recuerda lo que significa ser un piloto de McLaren: para seguir los pasos de grandes figuras como Emerson, Ayrton y Alain Prost es un honor.\u201d<\/strong><\/p>\n<p>&nbsp;<\/p>\n<p>P\u00e9rez tambi\u00e9n aprovecho la ocasi\u00f3n para agradecer el apoyo que recibe de todos los fans:<strong> \u00abMe gustar\u00eda aprovechar esta oportunidad para agradecer a todos los fieles seguidores del equipo que nos dan tanta apoyo en todas las carreras. Realmente me motiva a dar lo mejor cada vez que entro en el coche.\u00bb<\/strong><\/p>\n<div class=\"sharedaddy sd-sharing-enabled\"><div class=\"robots-nocontent sd-block sd-social sd-social-official sd-sharing\"><h3 class=\"sd-title\">Opciones Sociales:<\/h3><div class=\"sd-content\"><ul><li class=\"share-facebook\"><div class=\"fb-share-button\" data-href=\"http:\/\/www.michael-schumacher.es\/noticias-f1\/2013\/05\/03\/perez-todos-unidos-para-conseguir-que-este-equipo-este-donde-debe-estar\/\" data-layout=\"button_count\"><\/div><\/li><li class=\"share-twitter\"><a href=\"https:\/\/twitter.com\/share\" class=\"twitter-share-button\" data-url=\"http:\/\/www.michael-schumacher.es\/noticias-f1\/2013\/05\/03\/perez-todos-unidos-para-conseguir-que-este-equipo-este-donde-debe-estar\/\" data-text=\"P\u00e9rez: \u201cTodos unidos para conseguir que este equipo este donde debe estar\u201d \"  >Tweet<\/a><\/li><li class=\"share-email\"><a rel=\"nofollow noopener noreferrer\" data-shared=\"\" class=\"share-email sd-button\" href=\"http:\/\/www.michael-schumacher.es\/noticias-f1\/2013\/05\/03\/perez-todos-unidos-para-conseguir-que-este-equipo-este-donde-debe-estar\/?share=email\" target=\"_blank\" title=\"Haz clic para enviar por correo electr\u00f3nico a un amigo\"><span>Correo electr\u00f3nico<\/span><\/a><\/li><li class=\"share-end\"><\/li><\/ul><\/div><\/div><\/div>","protected":false},"excerpt":{"rendered":"<p>McLaren ha tenido un dif\u00edcil comienzo de la temporada, bastante m\u00e1s duro de lo que es habitual para este equipo siempre puntero, y en especial para Sergio P\u00e9rez, ya que el piloto Mexicano est\u00e1 por primer a\u00f1o en el equipo. Aunque McLaren est\u00e1 remontando como ya fue visible en el Gran Premio de Bahr\u00e9in, donde [&hellip;]<\/p>\n<div class=\"sharedaddy sd-sharing-enabled\"><div class=\"robots-nocontent sd-block sd-social sd-social-official sd-sharing\"><h3 class=\"sd-title\">Opciones Sociales:<\/h3><div class=\"sd-content\"><ul><li class=\"share-facebook\"><div class=\"fb-share-button\" data-href=\"http:\/\/www.michael-schumacher.es\/noticias-f1\/2013\/05\/03\/perez-todos-unidos-para-conseguir-que-este-equipo-este-donde-debe-estar\/\" data-layout=\"button_count\"><\/div><\/li><li class=\"share-twitter\"><a href=\"https:\/\/twitter.com\/share\" class=\"twitter-share-button\" data-url=\"http:\/\/www.michael-schumacher.es\/noticias-f1\/2013\/05\/03\/perez-todos-unidos-para-conseguir-que-este-equipo-este-donde-debe-estar\/\" data-text=\"P\u00e9rez: \u201cTodos unidos para conseguir que este equipo este donde debe estar\u201d \"  >Tweet<\/a><\/li><li class=\"share-email\"><a rel=\"nofollow noopener noreferrer\" data-shared=\"\" class=\"share-email sd-button\" href=\"http:\/\/www.michael-schumacher.es\/noticias-f1\/2013\/05\/03\/perez-todos-unidos-para-conseguir-que-este-equipo-este-donde-debe-estar\/?share=email\" target=\"_blank\" title=\"Haz clic para enviar por correo electr\u00f3nico a un amigo\"><span>Correo electr\u00f3nico<\/span><\/a><\/li><li class=\"share-end\"><\/li><\/ul><\/div><\/div><\/div>","protected":false},"author":3,"featured_media":0,"comment_status":"open","ping_status":"open","sticky":false,"template":"","format":"standard","meta":{"_monsterinsights_skip_tracking":false,"_monsterinsights_sitenote_active":false,"_monsterinsights_sitenote_note":"","_monsterinsights_sitenote_category":0,"spay_email":"","jetpack_publicize_message":"","jetpack_is_tweetstorm":false,"jetpack_publicize_feature_enabled":true},"categories":[3],"tags":[381,17,15,3351,138,592,482,2198,331,90,89,691],"jetpack_featured_media_url":"","jetpack_publicize_connections":[],"jetpack_sharing_enabled":true,"jetpack_shortlink":"https:\/\/wp.me\/p27q3P-2ua","_links":{"self":[{"href":"http:\/\/www.michael-schumacher.es\/noticias-f1\/wp-json\/wp\/v2\/posts\/9558"}],"collection":[{"href":"http:\/\/www.michael-schumacher.es\/noticias-f1\/wp-json\/wp\/v2\/posts"}],"about":[{"href":"http:\/\/www.michael-schumacher.es\/noticias-f1\/wp-json\/wp\/v2\/types\/post"}],"author":[{"embeddable":true,"href":"http:\/\/www.michael-schumacher.es\/noticias-f1\/wp-json\/wp\/v2\/users\/3"}],"replies":[{"embeddable":true,"href":"http:\/\/www.michael-schumacher.es\/noticias-f1\/wp-json\/wp\/v2\/comments?post=9558"}],"version-history":[{"count":0,"href":"http:\/\/www.michael-schumacher.es\/noticias-f1\/wp-json\/wp\/v2\/posts\/9558\/revisions"}],"wp:attachment":[{"href":"http:\/\/www.michael-schumacher.es\/noticias-f1\/wp-json\/wp\/v2\/media?parent=9558"}],"wp:term":[{"taxonomy":"category","embeddable":true,"href":"http:\/\/www.michael-schumacher.es\/noticias-f1\/wp-json\/wp\/v2\/categories?post=9558"},{"taxonomy":"post_tag","embeddable":true,"href":"http:\/\/www.michael-schumacher.es\/noticias-f1\/wp-json\/wp\/v2\/tags?post=9558"}],"curies":[{"name":"wp","href":"https:\/\/api.w.org\/{rel}","templated":true}]}}