{"id":9565,"date":"2013-05-04T00:01:29","date_gmt":"2013-05-03T22:01:29","guid":{"rendered":"http:\/\/www.michael-schumacher.es\/noticias-f1\/?p=9565"},"modified":"2013-05-03T21:46:39","modified_gmt":"2013-05-03T19:46:39","slug":"susie-wolff-quiere-participar-en-las-pruebas-para-jovenes-pilotos","status":"publish","type":"post","link":"http:\/\/www.michael-schumacher.es\/noticias-f1\/2013\/05\/04\/susie-wolff-quiere-participar-en-las-pruebas-para-jovenes-pilotos\/","title":{"rendered":"Susie Wolff quiere participar en las pruebas para j\u00f3venes pilotos"},"content":{"rendered":"<p><a href=\"http:\/\/www.michael-schumacher.es\/noticias-f1\/wp-content\/uploads\/2013\/01\/SusieWolff.jpg\"><img loading=\"lazy\" class=\"alignleft\" alt=\"Susie-Wolff\" src=\"http:\/\/www.michael-schumacher.es\/noticias-f1\/wp-content\/uploads\/2013\/01\/SusieWolff.jpg\" width=\"200\" height=\"133\" \/><\/a>Susie Wolff quiere ser escogida por el equipo Williams para las prubes de j\u00f3venes pilotos que esta temporada, en principio se celebraran en el circuito de\u00a0 Silverstone en el mes de julio, Williams todav\u00eda no ha comunicado nada sobre los pilotos que ejecutaran la prueba.<\/p>\n<p><!--more--> <!--noteaser--><\/p>\n<p><a href=\"http:\/\/www.michael-schumacher.es\/noticias-f1\/wp-content\/uploads\/2013\/01\/SusieWolff.jpg\"><img loading=\"lazy\" class=\"aligncenter size-full wp-image-7652\" alt=\"Susie-Wolff\" src=\"http:\/\/www.michael-schumacher.es\/noticias-f1\/wp-content\/uploads\/2013\/01\/SusieWolff.jpg\" width=\"650\" height=\"432\" srcset=\"http:\/\/www.michael-schumacher.es\/noticias-f1\/wp-content\/uploads\/2013\/01\/SusieWolff.jpg 650w, http:\/\/www.michael-schumacher.es\/noticias-f1\/wp-content\/uploads\/2013\/01\/SusieWolff-300x199.jpg 300w\" sizes=\"(max-width: 650px) 100vw, 650px\" \/><\/a><\/p>\n<p>&nbsp;<\/p>\n<p>Susie Wolff quiere ser escogida por el equipo Williams para las prubes de j\u00f3venes pilotos que esta temporada, en principio se celebraran en el circuito de\u00a0 Silverstone en el mes de julio, Williams todav\u00eda no ha comunicado nada sobre los pilotos que ejecutaran la prueba.<\/p>\n<p>&nbsp;<\/p>\n<p>Para Susie Wolff, este es el paso l\u00f3gico y el momento de participar en estas pruebas, seg\u00fan declar\u00f3 a Reuters:<strong> \u00abPara m\u00ed, el siguiente paso l\u00f3gico es ahora para participar en las pruebas de los j\u00f3venes y hacerlo bien. Entonces vamos a ver cu\u00e1l es el siguiente paso. Creo que hay una gran expectativa en este momento acerca de las mujeres, la gente quiere ver chica en la F1, el impulso est\u00e1 ah\u00ed\u00bb.<\/strong><\/p>\n<p>&nbsp;<\/p>\n<p>La mujer de Toto Wolff considera que ya podr\u00eda solicitar la superlicencia, ya que cumple los criterios para ello, aunque no la va a solicitar para no utilizarla y el equipo todav\u00eda no le ha comunicado si har\u00e1 las pruebas: <strong>\u00abEn teor\u00eda ya he hecho bastantes kil\u00f3metros para pedir la superlicencia, pero es in\u00fatil pedirla si no estoy en condiciones de utilizarla despu\u00e9s. Williams no me ha dicho si me gustar\u00eda hacer esto pruebas. Pero si eso no sucede, entonces me sentir\u00eda como perder el tiempo. Esto se debe hacer. Soy piloto de desarrollo, no se puede hacer este tipo de test de j\u00f3venes pilotos y no yo este como piloto de desarrollo. Pero no lo sabemos nunca\u00bb.<\/strong><\/p>\n<p>&nbsp;<\/p>\n<p>Susie no duda de su capacidad y de estar a la altura del resto, pese a que muchos lo puedan pensar:<strong> \u00abMuchos creen que ser\u00eda vergonzoso para m\u00ed para conducir durante la pr\u00e1ctica para los j\u00f3venes porque no tendr\u00eda el mismo rendimiento que el resto. Me parece incre\u00edble escuchar esos comentarios. Yo no har\u00eda\u00a0 las pruebas aerodin\u00e1micas, si yo no tengo ciertas capacidades. La gente se olvida que conduc\u00eda a un nivel alto en la carrera por mucho tiempo. No es como si yo sal\u00ed de las sombras y me dijeron que condujera un coche de F1 \u00ab.<\/strong><\/p>\n<p>&nbsp;<\/p>\n<p>Wolff piensa que llego el momento de otra mujer en la F1 y bien podr\u00eda ser ella. Con anterioridad hubo cinco mujeres que llegaron a la F1, la \u00faltima en conseguirlo fue Giovanna Amati en 1992.<strong> \u00abCreo que hay un gran movimiento ahora, gente que quiere ver a una mujer en la F1, es el momento\u201d.<\/strong><\/p>\n<p>&nbsp;<\/p>\n<p>&nbsp;<\/p>\n<div class=\"sharedaddy sd-sharing-enabled\"><div class=\"robots-nocontent sd-block sd-social sd-social-official sd-sharing\"><h3 class=\"sd-title\">Opciones Sociales:<\/h3><div class=\"sd-content\"><ul><li class=\"share-facebook\"><div class=\"fb-share-button\" data-href=\"http:\/\/www.michael-schumacher.es\/noticias-f1\/2013\/05\/04\/susie-wolff-quiere-participar-en-las-pruebas-para-jovenes-pilotos\/\" data-layout=\"button_count\"><\/div><\/li><li class=\"share-twitter\"><a href=\"https:\/\/twitter.com\/share\" class=\"twitter-share-button\" data-url=\"http:\/\/www.michael-schumacher.es\/noticias-f1\/2013\/05\/04\/susie-wolff-quiere-participar-en-las-pruebas-para-jovenes-pilotos\/\" data-text=\"Susie Wolff quiere participar en las pruebas para j\u00f3venes pilotos\"  >Tweet<\/a><\/li><li class=\"share-email\"><a rel=\"nofollow noopener noreferrer\" data-shared=\"\" class=\"share-email sd-button\" href=\"http:\/\/www.michael-schumacher.es\/noticias-f1\/2013\/05\/04\/susie-wolff-quiere-participar-en-las-pruebas-para-jovenes-pilotos\/?share=email\" target=\"_blank\" title=\"Haz clic para enviar por correo electr\u00f3nico a un amigo\"><span>Correo electr\u00f3nico<\/span><\/a><\/li><li class=\"share-end\"><\/li><\/ul><\/div><\/div><\/div>","protected":false},"excerpt":{"rendered":"<p>Susie Wolff quiere ser escogida por el equipo Williams para las prubes de j\u00f3venes pilotos que esta temporada, en principio se celebraran en el circuito de\u00a0 Silverstone en el mes de julio, Williams todav\u00eda no ha comunicado nada sobre los pilotos que ejecutaran la prueba.<\/p>\n<div class=\"sharedaddy sd-sharing-enabled\"><div class=\"robots-nocontent sd-block sd-social sd-social-official sd-sharing\"><h3 class=\"sd-title\">Opciones Sociales:<\/h3><div class=\"sd-content\"><ul><li class=\"share-facebook\"><div class=\"fb-share-button\" data-href=\"http:\/\/www.michael-schumacher.es\/noticias-f1\/2013\/05\/04\/susie-wolff-quiere-participar-en-las-pruebas-para-jovenes-pilotos\/\" data-layout=\"button_count\"><\/div><\/li><li class=\"share-twitter\"><a href=\"https:\/\/twitter.com\/share\" class=\"twitter-share-button\" data-url=\"http:\/\/www.michael-schumacher.es\/noticias-f1\/2013\/05\/04\/susie-wolff-quiere-participar-en-las-pruebas-para-jovenes-pilotos\/\" data-text=\"Susie Wolff quiere participar en las pruebas para j\u00f3venes pilotos\"  >Tweet<\/a><\/li><li class=\"share-email\"><a rel=\"nofollow noopener noreferrer\" data-shared=\"\" class=\"share-email sd-button\" href=\"http:\/\/www.michael-schumacher.es\/noticias-f1\/2013\/05\/04\/susie-wolff-quiere-participar-en-las-pruebas-para-jovenes-pilotos\/?share=email\" target=\"_blank\" title=\"Haz clic para enviar por correo electr\u00f3nico a un amigo\"><span>Correo electr\u00f3nico<\/span><\/a><\/li><li class=\"share-end\"><\/li><\/ul><\/div><\/div><\/div>","protected":false},"author":3,"featured_media":0,"comment_status":"open","ping_status":"open","sticky":false,"template":"","format":"standard","meta":{"_monsterinsights_skip_tracking":false,"_monsterinsights_sitenote_active":false,"_monsterinsights_sitenote_note":"","_monsterinsights_sitenote_category":0,"spay_email":"","jetpack_publicize_message":"","jetpack_is_tweetstorm":false,"jetpack_publicize_feature_enabled":true},"categories":[3],"tags":[3357,2424,17,15,3272,304,216,255,1680,185,2742,215,616,93,617],"jetpack_featured_media_url":"","jetpack_publicize_connections":[],"jetpack_sharing_enabled":true,"jetpack_shortlink":"https:\/\/wp.me\/p27q3P-2uh","_links":{"self":[{"href":"http:\/\/www.michael-schumacher.es\/noticias-f1\/wp-json\/wp\/v2\/posts\/9565"}],"collection":[{"href":"http:\/\/www.michael-schumacher.es\/noticias-f1\/wp-json\/wp\/v2\/posts"}],"about":[{"href":"http:\/\/www.michael-schumacher.es\/noticias-f1\/wp-json\/wp\/v2\/types\/post"}],"author":[{"embeddable":true,"href":"http:\/\/www.michael-schumacher.es\/noticias-f1\/wp-json\/wp\/v2\/users\/3"}],"replies":[{"embeddable":true,"href":"http:\/\/www.michael-schumacher.es\/noticias-f1\/wp-json\/wp\/v2\/comments?post=9565"}],"version-history":[{"count":0,"href":"http:\/\/www.michael-schumacher.es\/noticias-f1\/wp-json\/wp\/v2\/posts\/9565\/revisions"}],"wp:attachment":[{"href":"http:\/\/www.michael-schumacher.es\/noticias-f1\/wp-json\/wp\/v2\/media?parent=9565"}],"wp:term":[{"taxonomy":"category","embeddable":true,"href":"http:\/\/www.michael-schumacher.es\/noticias-f1\/wp-json\/wp\/v2\/categories?post=9565"},{"taxonomy":"post_tag","embeddable":true,"href":"http:\/\/www.michael-schumacher.es\/noticias-f1\/wp-json\/wp\/v2\/tags?post=9565"}],"curies":[{"name":"wp","href":"https:\/\/api.w.org\/{rel}","templated":true}]}}