{"id":9616,"date":"2013-05-08T02:38:21","date_gmt":"2013-05-08T00:38:21","guid":{"rendered":"http:\/\/www.michael-schumacher.es\/noticias-f1\/?p=9616"},"modified":"2013-05-08T02:38:21","modified_gmt":"2013-05-08T00:38:21","slug":"lewis-el-piloto-que-mas-admiro-es-fernando","status":"publish","type":"post","link":"http:\/\/www.michael-schumacher.es\/noticias-f1\/2013\/05\/08\/lewis-el-piloto-que-mas-admiro-es-fernando\/","title":{"rendered":"Lewis: \u201cEl piloto que m\u00e1s admiro es Fernando\u201d"},"content":{"rendered":"<p><a href=\"http:\/\/www.michael-schumacher.es\/noticias-f1\/wp-content\/uploads\/2013\/03\/lewis_hamilton-mercedes-2013-test-2-bcn.jpg\"><img loading=\"lazy\" class=\"alignleft\" alt=\"Lewis Hamilton - Mercedes -  Test Barcelona 2013\" src=\"http:\/\/www.michael-schumacher.es\/noticias-f1\/wp-content\/uploads\/2013\/03\/lewis_hamilton-mercedes-2013-test-2-bcn.jpg\" width=\"200\" height=\"133\" \/><\/a>El nuevo piloto de Mercedes, Lewis Hamilton,\u00a0 ha repetido que Fernando Alonso es el piloto que m\u00e1s admira e incluso que ha expresado estar seguro de que tendr\u00edan una relaci\u00f3n diferente, no ha dicho mejor, ha dicho diferente, realmente ser\u00eda dif\u00edcil que fuera peor de lo que fue en 2007, sin embargo tambi\u00e9n dice que Fernando Alonso y el tricampe\u00f3n Sebastian Vettel no podr\u00edan estar juntos en el mismo equipo, ya que el equipo tendr\u00eda problemas de inmediato.<\/p>\n<p><!--more--> <!--noteaser--><\/p>\n<p><a href=\"http:\/\/www.michael-schumacher.es\/noticias-f1\/wp-content\/uploads\/2013\/03\/lewis_hamilton-mercedes-2013-test-2-bcn.jpg\"><img loading=\"lazy\" class=\"aligncenter size-full wp-image-8133\" alt=\"Lewis Hamilton - Mercedes -  Test Barcelona 2013\" src=\"http:\/\/www.michael-schumacher.es\/noticias-f1\/wp-content\/uploads\/2013\/03\/lewis_hamilton-mercedes-2013-test-2-bcn.jpg\" width=\"650\" height=\"433\" srcset=\"http:\/\/www.michael-schumacher.es\/noticias-f1\/wp-content\/uploads\/2013\/03\/lewis_hamilton-mercedes-2013-test-2-bcn.jpg 650w, http:\/\/www.michael-schumacher.es\/noticias-f1\/wp-content\/uploads\/2013\/03\/lewis_hamilton-mercedes-2013-test-2-bcn-300x199.jpg 300w\" sizes=\"(max-width: 650px) 100vw, 650px\" \/><\/a><\/p>\n<p>&nbsp;<\/p>\n<p>El nuevo piloto de Mercedes, Lewis Hamilton,\u00a0 ha repetido que Fernando Alonso es el piloto que m\u00e1s admira e incluso que ha expresado estar seguro de que tendr\u00edan una relaci\u00f3n diferente, no ha dicho mejor, ha dicho diferente, realmente ser\u00eda dif\u00edcil que fuera peor de lo que fue en 2007, sin embargo tambi\u00e9n dice que Fernando Alonso y el tricampe\u00f3n Sebastian Vettel no podr\u00edan estar juntos en el mismo equipo, ya que el equipo tendr\u00eda problemas de inmediato.<\/p>\n<p>&nbsp;<\/p>\n<p>Curiosamente Lewis Hamilton ha dicho al Daily Mail, que el piloto al que m\u00e1s admira es a Alonso y considera que ambos han madurado y podr\u00edan ser compa\u00f1eros:<strong> \u201cEs curioso, pero el piloto que m\u00e1s admiro es Fernando &#8211; por su gran velocidad, su velocidad simplemente incre\u00edble. No creo que nadie lo pueda igualar en el deporte. Ahora soy m\u00e1s viejo. Estoy seguro de que ahora tendr\u00edamos una relaci\u00f3n diferente. Seguir\u00eda habiendo momentos de intensidad porque ambos somos r\u00e1pidos, con lo que estar\u00edamos muy cerca el uno del otro, pero ambos hemos madurado mucho. Creo que estoy mucho mejor en el establecimiento de relaciones entre compa\u00f1eros de equipo ahora. Depende de los pilotos\u201d.<\/strong><\/p>\n<p>&nbsp;<\/p>\n<p>Sin embargo considera que Alonso y Vettel no podr\u00edan estar juntos en el mismo equipo, aunque si considera que \u00e9l podr\u00eda ser compa\u00f1ero de Vettel, as\u00ed que sacando conclusiones, en opini\u00f3n de Hamilton solo \u00e9l podr\u00eda ser compa\u00f1ero de ambos pilotos: <strong>\u201cPon a Vettel con Alonso y el equipo estar\u00eda en problemas desde el primer d\u00eda, la qu\u00edmica, simplemente&#8230; Sabes, creo que hasta podr\u00eda pilotar junto a Sebastian. Yo no bajar\u00eda de revoluciones\u00bb.<\/strong><\/p>\n<p>&nbsp;<\/p>\n<p>Hamilton, seguramente por la madurez que dice tener ahora, tambi\u00e9n ha dicho que las criticas tampoco le afectan como antes:\u00a0 <strong>\u00abCreo que ahora todo me afecta mucho menos. Al principio es m\u00e1s f\u00e1cil picarte. Ahora soy m\u00e1s consistente porque mi fortaleza mental ha mejorado. Cuando Jackie Stewart habla sobre m\u00ed, me r\u00edo. Algunas personas son entrometidos, o no tienen nada mejor que hacer. Ellos tienen derecho a sus opiniones, pero Jackie habla mucho. Fue mi peor decisi\u00f3n de mudarme a Mercedes y luego se da la vuelta y dice que podemos ganar el Campeonato del Mundo.\u201d<\/strong><\/p>\n<p>&nbsp;<\/p>\n<p>Lewis Hamilton, tambi\u00e9n declar\u00f3 al Daily Mail, que en estos momentos toma las decisiones que quiere, ya que anteriormente estaba muy controlado y eso le hace m\u00e1s feliz: <strong>\u00abEstuve en un entorno muy controlado y s\u00f3lo en los dos \u00faltimos a\u00f1os he podido escapar a ese control. Ahora tomo las decisiones que quiero, soy yo mismo y eso es lo que siempre quise. Soy m\u00e1s feliz ahora. Puedo hacer cosas sin dar cuentas a nadie, no me controlan\u00bb.<\/strong><\/p>\n<p>&nbsp;<\/p>\n<div class=\"sharedaddy sd-sharing-enabled\"><div class=\"robots-nocontent sd-block sd-social sd-social-official sd-sharing\"><h3 class=\"sd-title\">Opciones Sociales:<\/h3><div class=\"sd-content\"><ul><li class=\"share-facebook\"><div class=\"fb-share-button\" data-href=\"http:\/\/www.michael-schumacher.es\/noticias-f1\/2013\/05\/08\/lewis-el-piloto-que-mas-admiro-es-fernando\/\" data-layout=\"button_count\"><\/div><\/li><li class=\"share-twitter\"><a href=\"https:\/\/twitter.com\/share\" class=\"twitter-share-button\" data-url=\"http:\/\/www.michael-schumacher.es\/noticias-f1\/2013\/05\/08\/lewis-el-piloto-que-mas-admiro-es-fernando\/\" data-text=\"Lewis: \u201cEl piloto que m\u00e1s admiro es Fernando\u201d\"  >Tweet<\/a><\/li><li class=\"share-email\"><a rel=\"nofollow noopener noreferrer\" data-shared=\"\" class=\"share-email sd-button\" href=\"http:\/\/www.michael-schumacher.es\/noticias-f1\/2013\/05\/08\/lewis-el-piloto-que-mas-admiro-es-fernando\/?share=email\" target=\"_blank\" title=\"Haz clic para enviar por correo electr\u00f3nico a un amigo\"><span>Correo electr\u00f3nico<\/span><\/a><\/li><li class=\"share-end\"><\/li><\/ul><\/div><\/div><\/div>","protected":false},"excerpt":{"rendered":"<p>El nuevo piloto de Mercedes, Lewis Hamilton,\u00a0 ha repetido que Fernando Alonso es el piloto que m\u00e1s admira e incluso que ha expresado estar seguro de que tendr\u00edan una relaci\u00f3n diferente, no ha dicho mejor, ha dicho diferente, realmente ser\u00eda dif\u00edcil que fuera peor de lo que fue en 2007, sin embargo tambi\u00e9n dice que [&hellip;]<\/p>\n<div class=\"sharedaddy sd-sharing-enabled\"><div class=\"robots-nocontent sd-block sd-social sd-social-official sd-sharing\"><h3 class=\"sd-title\">Opciones Sociales:<\/h3><div class=\"sd-content\"><ul><li class=\"share-facebook\"><div class=\"fb-share-button\" data-href=\"http:\/\/www.michael-schumacher.es\/noticias-f1\/2013\/05\/08\/lewis-el-piloto-que-mas-admiro-es-fernando\/\" data-layout=\"button_count\"><\/div><\/li><li class=\"share-twitter\"><a href=\"https:\/\/twitter.com\/share\" class=\"twitter-share-button\" data-url=\"http:\/\/www.michael-schumacher.es\/noticias-f1\/2013\/05\/08\/lewis-el-piloto-que-mas-admiro-es-fernando\/\" data-text=\"Lewis: \u201cEl piloto que m\u00e1s admiro es Fernando\u201d\"  >Tweet<\/a><\/li><li class=\"share-email\"><a rel=\"nofollow noopener noreferrer\" data-shared=\"\" class=\"share-email sd-button\" href=\"http:\/\/www.michael-schumacher.es\/noticias-f1\/2013\/05\/08\/lewis-el-piloto-que-mas-admiro-es-fernando\/?share=email\" target=\"_blank\" title=\"Haz clic para enviar por correo electr\u00f3nico a un amigo\"><span>Correo electr\u00f3nico<\/span><\/a><\/li><li class=\"share-end\"><\/li><\/ul><\/div><\/div><\/div>","protected":false},"author":3,"featured_media":0,"comment_status":"open","ping_status":"open","sticky":false,"template":"","format":"standard","meta":{"_monsterinsights_skip_tracking":false,"_monsterinsights_sitenote_active":false,"_monsterinsights_sitenote_note":"","_monsterinsights_sitenote_category":0,"spay_email":"","jetpack_publicize_message":"","jetpack_is_tweetstorm":false,"jetpack_publicize_feature_enabled":true},"categories":[3],"tags":[546,766,17,767,104,15,11,376,10,3374,1094],"jetpack_featured_media_url":"","jetpack_publicize_connections":[],"jetpack_sharing_enabled":true,"jetpack_shortlink":"https:\/\/wp.me\/p27q3P-2v6","_links":{"self":[{"href":"http:\/\/www.michael-schumacher.es\/noticias-f1\/wp-json\/wp\/v2\/posts\/9616"}],"collection":[{"href":"http:\/\/www.michael-schumacher.es\/noticias-f1\/wp-json\/wp\/v2\/posts"}],"about":[{"href":"http:\/\/www.michael-schumacher.es\/noticias-f1\/wp-json\/wp\/v2\/types\/post"}],"author":[{"embeddable":true,"href":"http:\/\/www.michael-schumacher.es\/noticias-f1\/wp-json\/wp\/v2\/users\/3"}],"replies":[{"embeddable":true,"href":"http:\/\/www.michael-schumacher.es\/noticias-f1\/wp-json\/wp\/v2\/comments?post=9616"}],"version-history":[{"count":0,"href":"http:\/\/www.michael-schumacher.es\/noticias-f1\/wp-json\/wp\/v2\/posts\/9616\/revisions"}],"wp:attachment":[{"href":"http:\/\/www.michael-schumacher.es\/noticias-f1\/wp-json\/wp\/v2\/media?parent=9616"}],"wp:term":[{"taxonomy":"category","embeddable":true,"href":"http:\/\/www.michael-schumacher.es\/noticias-f1\/wp-json\/wp\/v2\/categories?post=9616"},{"taxonomy":"post_tag","embeddable":true,"href":"http:\/\/www.michael-schumacher.es\/noticias-f1\/wp-json\/wp\/v2\/tags?post=9616"}],"curies":[{"name":"wp","href":"https:\/\/api.w.org\/{rel}","templated":true}]}}