{"id":9618,"date":"2013-05-08T02:43:20","date_gmt":"2013-05-08T00:43:20","guid":{"rendered":"http:\/\/www.michael-schumacher.es\/noticias-f1\/?p=9618"},"modified":"2013-05-08T02:43:20","modified_gmt":"2013-05-08T00:43:20","slug":"sauber-cree-que-todavia-estan-muy-debajo-de-las-expectativas","status":"publish","type":"post","link":"http:\/\/www.michael-schumacher.es\/noticias-f1\/2013\/05\/08\/sauber-cree-que-todavia-estan-muy-debajo-de-las-expectativas\/","title":{"rendered":"Sauber cree que todav\u00eda est\u00e1n muy debajo de las expectativas"},"content":{"rendered":"<p><a href=\"http:\/\/www.michael-schumacher.es\/noticias-f1\/wp-content\/uploads\/2012\/09\/peter_sauber.jpg\"><img loading=\"lazy\" class=\"alignleft\" alt=\"Peter Sauber\" src=\"http:\/\/www.michael-schumacher.es\/noticias-f1\/wp-content\/uploads\/2012\/09\/peter_sauber.jpg\" width=\"200\" height=\"133\" \/><\/a>Sin duda el equipo Sauber y el propio Peter Sauber, no ten\u00edan planeado un inicio de temporada tan flojo, en cuatro carreras disputadas, solo han conseguido sumar un total de cinco puntos, en dos carreras no sumaron ning\u00fan punto y est\u00e1n situados octavos en el campeonato de constructores.<\/p>\n<p><!--more--> <!--noteaser--><\/p>\n<p><a href=\"http:\/\/www.michael-schumacher.es\/noticias-f1\/wp-content\/uploads\/2012\/09\/peter_sauber.jpg\"><img loading=\"lazy\" class=\"aligncenter size-full wp-image-4202\" alt=\"Peter Sauber\" src=\"http:\/\/www.michael-schumacher.es\/noticias-f1\/wp-content\/uploads\/2012\/09\/peter_sauber.jpg\" width=\"597\" height=\"398\" srcset=\"http:\/\/www.michael-schumacher.es\/noticias-f1\/wp-content\/uploads\/2012\/09\/peter_sauber.jpg 597w, http:\/\/www.michael-schumacher.es\/noticias-f1\/wp-content\/uploads\/2012\/09\/peter_sauber-300x199.jpg 300w\" sizes=\"(max-width: 597px) 100vw, 597px\" \/><\/a><\/p>\n<p>&nbsp;<\/p>\n<p>Sin duda el equipo Sauber y el propio Peter Sauber, no ten\u00edan planeado un inicio de temporada tan flojo, en cuatro carreras disputadas, solo han conseguido sumar un total de cinco puntos, en dos carreras no sumaron ning\u00fan punto y est\u00e1n situados octavos en el campeonato de constructores.<\/p>\n<p>&nbsp;<\/p>\n<p>Por lo que Peter Sauber reconoce que no es para nada lo que imaginaban antes de empezar la temporada: <strong>\u00abNo es lo que imagin\u00e1bamos. Esto est\u00e1 muy por debajo de nuestras expectativas. Hasta el inicio del Campeonato Mundial sali\u00f3 horriblemente mal cuando Nico Hulkenberg, ni siquiera pod\u00eda comenzar en Melbourne debido a un defecto en el sistema de combustible.\u00bb<\/strong><\/p>\n<p>&nbsp;<\/p>\n<p>Aunque Sauber no se va a rendir y est\u00e1n trabajando en cambios continuamente, aunque como los rivales tambi\u00e9n lo hacen, es dif\u00edcil un progreso decisivo: <strong>\u00abDesde la primera carrera hemos hecho continuamente los cambios y el progreso tambi\u00e9n se hizo. Pero todav\u00eda no hemos avanzado de manera decisiva. El hecho es que la competencia no se queda quieta.\u00bb<\/strong><\/p>\n<p>&nbsp;<\/p>\n<p>Sauber tambi\u00e9n ha declarado que hay potencial en su monoplaza y los ingenieros conocen el problema: <strong>\u201cEstoy convencido de que el potencial del C32 est\u00e1 lejos de agotarse Nuestros ingenieros saben d\u00f3nde est\u00e1 el problema por lo que hay mucho trabajo que hacer.\u00bb<\/strong><\/p>\n<p>&nbsp;<\/p>\n<div class=\"sharedaddy sd-sharing-enabled\"><div class=\"robots-nocontent sd-block sd-social sd-social-official sd-sharing\"><h3 class=\"sd-title\">Opciones Sociales:<\/h3><div class=\"sd-content\"><ul><li class=\"share-facebook\"><div class=\"fb-share-button\" data-href=\"http:\/\/www.michael-schumacher.es\/noticias-f1\/2013\/05\/08\/sauber-cree-que-todavia-estan-muy-debajo-de-las-expectativas\/\" data-layout=\"button_count\"><\/div><\/li><li class=\"share-twitter\"><a href=\"https:\/\/twitter.com\/share\" class=\"twitter-share-button\" data-url=\"http:\/\/www.michael-schumacher.es\/noticias-f1\/2013\/05\/08\/sauber-cree-que-todavia-estan-muy-debajo-de-las-expectativas\/\" data-text=\"Sauber cree que todav\u00eda est\u00e1n muy debajo de las expectativas\"  >Tweet<\/a><\/li><li class=\"share-email\"><a rel=\"nofollow noopener noreferrer\" data-shared=\"\" class=\"share-email sd-button\" href=\"http:\/\/www.michael-schumacher.es\/noticias-f1\/2013\/05\/08\/sauber-cree-que-todavia-estan-muy-debajo-de-las-expectativas\/?share=email\" target=\"_blank\" title=\"Haz clic para enviar por correo electr\u00f3nico a un amigo\"><span>Correo electr\u00f3nico<\/span><\/a><\/li><li class=\"share-end\"><\/li><\/ul><\/div><\/div><\/div>","protected":false},"excerpt":{"rendered":"<p>Sin duda el equipo Sauber y el propio Peter Sauber, no ten\u00edan planeado un inicio de temporada tan flojo, en cuatro carreras disputadas, solo han conseguido sumar un total de cinco puntos, en dos carreras no sumaron ning\u00fan punto y est\u00e1n situados octavos en el campeonato de constructores.<\/p>\n<div class=\"sharedaddy sd-sharing-enabled\"><div class=\"robots-nocontent sd-block sd-social sd-social-official sd-sharing\"><h3 class=\"sd-title\">Opciones Sociales:<\/h3><div class=\"sd-content\"><ul><li class=\"share-facebook\"><div class=\"fb-share-button\" data-href=\"http:\/\/www.michael-schumacher.es\/noticias-f1\/2013\/05\/08\/sauber-cree-que-todavia-estan-muy-debajo-de-las-expectativas\/\" data-layout=\"button_count\"><\/div><\/li><li class=\"share-twitter\"><a href=\"https:\/\/twitter.com\/share\" class=\"twitter-share-button\" data-url=\"http:\/\/www.michael-schumacher.es\/noticias-f1\/2013\/05\/08\/sauber-cree-que-todavia-estan-muy-debajo-de-las-expectativas\/\" data-text=\"Sauber cree que todav\u00eda est\u00e1n muy debajo de las expectativas\"  >Tweet<\/a><\/li><li class=\"share-email\"><a rel=\"nofollow noopener noreferrer\" data-shared=\"\" class=\"share-email sd-button\" href=\"http:\/\/www.michael-schumacher.es\/noticias-f1\/2013\/05\/08\/sauber-cree-que-todavia-estan-muy-debajo-de-las-expectativas\/?share=email\" target=\"_blank\" title=\"Haz clic para enviar por correo electr\u00f3nico a un amigo\"><span>Correo electr\u00f3nico<\/span><\/a><\/li><li class=\"share-end\"><\/li><\/ul><\/div><\/div><\/div>","protected":false},"author":3,"featured_media":0,"comment_status":"open","ping_status":"open","sticky":false,"template":"","format":"standard","meta":{"_monsterinsights_skip_tracking":false,"_monsterinsights_sitenote_active":false,"_monsterinsights_sitenote_note":"","_monsterinsights_sitenote_category":0,"spay_email":"","jetpack_publicize_message":"","jetpack_is_tweetstorm":false,"jetpack_publicize_feature_enabled":true},"categories":[3],"tags":[373,2187,3375,3376,17,15,1207,3377,1447,238,2392],"jetpack_featured_media_url":"","jetpack_publicize_connections":[],"jetpack_sharing_enabled":true,"jetpack_shortlink":"https:\/\/wp.me\/p27q3P-2v8","_links":{"self":[{"href":"http:\/\/www.michael-schumacher.es\/noticias-f1\/wp-json\/wp\/v2\/posts\/9618"}],"collection":[{"href":"http:\/\/www.michael-schumacher.es\/noticias-f1\/wp-json\/wp\/v2\/posts"}],"about":[{"href":"http:\/\/www.michael-schumacher.es\/noticias-f1\/wp-json\/wp\/v2\/types\/post"}],"author":[{"embeddable":true,"href":"http:\/\/www.michael-schumacher.es\/noticias-f1\/wp-json\/wp\/v2\/users\/3"}],"replies":[{"embeddable":true,"href":"http:\/\/www.michael-schumacher.es\/noticias-f1\/wp-json\/wp\/v2\/comments?post=9618"}],"version-history":[{"count":0,"href":"http:\/\/www.michael-schumacher.es\/noticias-f1\/wp-json\/wp\/v2\/posts\/9618\/revisions"}],"wp:attachment":[{"href":"http:\/\/www.michael-schumacher.es\/noticias-f1\/wp-json\/wp\/v2\/media?parent=9618"}],"wp:term":[{"taxonomy":"category","embeddable":true,"href":"http:\/\/www.michael-schumacher.es\/noticias-f1\/wp-json\/wp\/v2\/categories?post=9618"},{"taxonomy":"post_tag","embeddable":true,"href":"http:\/\/www.michael-schumacher.es\/noticias-f1\/wp-json\/wp\/v2\/tags?post=9618"}],"curies":[{"name":"wp","href":"https:\/\/api.w.org\/{rel}","templated":true}]}}