{"id":9626,"date":"2013-05-09T02:06:52","date_gmt":"2013-05-09T00:06:52","guid":{"rendered":"http:\/\/www.michael-schumacher.es\/noticias-f1\/?p=9626"},"modified":"2013-05-09T02:06:52","modified_gmt":"2013-05-09T00:06:52","slug":"dos-zonas-de-drs-en-el-gran-premio-de-espana","status":"publish","type":"post","link":"http:\/\/www.michael-schumacher.es\/noticias-f1\/2013\/05\/09\/dos-zonas-de-drs-en-el-gran-premio-de-espana\/","title":{"rendered":"Dos zonas de DRS en el Gran Premio de Espa\u00f1a"},"content":{"rendered":"<p><a href=\"http:\/\/www.michael-schumacher.es\/noticias-f1\/wp-content\/uploads\/2012\/12\/montmelo.jpg\"><img loading=\"lazy\" class=\"alignleft\" alt=\"montmelo\" src=\"http:\/\/www.michael-schumacher.es\/noticias-f1\/wp-content\/uploads\/2012\/12\/montmelo.jpg\" width=\"200\" height=\"124\" \/><\/a>El Gran Premio de Espa\u00f1a que tendr\u00e1 lugar el 12 de mayo, por vez primera tendr\u00e1 zonas de DRS, la FIA ya ha dado a conocer las dos zonas y como era de esperar ser\u00e1n las dos \u00fanicas rectas del circuito. Como es conocido en el circuito de Barcelona es bastante dif\u00edcil adelantar, para intentar hacer algo m\u00e1s f\u00e1cil los adelantamientos la FIA ha decidido que cada zona cuente\u00a0 con su propio punto de detecci\u00f3n.<\/p>\n<p><!--more--> <!--noteaser--><\/p>\n<p>&nbsp;<\/p>\n<p><a href=\"http:\/\/www.michael-schumacher.es\/noticias-f1\/wp-content\/uploads\/2012\/12\/montmelo.jpg\"><img loading=\"lazy\" class=\"aligncenter size-full wp-image-6960\" alt=\"montmelo\" src=\"http:\/\/www.michael-schumacher.es\/noticias-f1\/wp-content\/uploads\/2012\/12\/montmelo.jpg\" width=\"650\" height=\"404\" srcset=\"http:\/\/www.michael-schumacher.es\/noticias-f1\/wp-content\/uploads\/2012\/12\/montmelo.jpg 584w, http:\/\/www.michael-schumacher.es\/noticias-f1\/wp-content\/uploads\/2012\/12\/montmelo-300x186.jpg 300w\" sizes=\"(max-width: 650px) 100vw, 650px\" \/><\/a><\/p>\n<p>&nbsp;<\/p>\n<p>El Gran Premio de Espa\u00f1a que tendr\u00e1 lugar el 12 de mayo, por vez primera tendr\u00e1 zonas de DRS, la FIA ya ha dado a conocer las dos zonas y como era de esperar ser\u00e1n las dos \u00fanicas rectas del circuito. Como es conocido en el circuito de Barcelona es bastante dif\u00edcil adelantar, para intentar hacer algo m\u00e1s f\u00e1cil los adelantamientos la FIA ha decidido que cada zona cuente\u00a0 con su propio punto de detecci\u00f3n.<\/p>\n<p>&nbsp;<\/p>\n<p>Una zona de DRS se instalar\u00e1 en la l\u00ednea recta entre las curvas 9 y 10, detr\u00e1s de los boxes y paddock. El punto detecci\u00f3n se encuentra antes de la curva 9.<\/p>\n<p>&nbsp;<\/p>\n<p>Como es habitual la otra zona de DRS, estar\u00e1 en la recta principal de meta, con el punto de detecci\u00f3n se encuentra en la entrada del pit lane.<\/p>\n<p>&nbsp;<\/p>\n<p>&nbsp;<\/p>\n<div class=\"sharedaddy sd-sharing-enabled\"><div class=\"robots-nocontent sd-block sd-social sd-social-official sd-sharing\"><h3 class=\"sd-title\">Opciones Sociales:<\/h3><div class=\"sd-content\"><ul><li class=\"share-facebook\"><div class=\"fb-share-button\" data-href=\"http:\/\/www.michael-schumacher.es\/noticias-f1\/2013\/05\/09\/dos-zonas-de-drs-en-el-gran-premio-de-espana\/\" data-layout=\"button_count\"><\/div><\/li><li class=\"share-twitter\"><a href=\"https:\/\/twitter.com\/share\" class=\"twitter-share-button\" data-url=\"http:\/\/www.michael-schumacher.es\/noticias-f1\/2013\/05\/09\/dos-zonas-de-drs-en-el-gran-premio-de-espana\/\" data-text=\"Dos zonas de DRS en el Gran Premio de Espa\u00f1a\"  >Tweet<\/a><\/li><li class=\"share-email\"><a rel=\"nofollow noopener noreferrer\" data-shared=\"\" class=\"share-email sd-button\" href=\"http:\/\/www.michael-schumacher.es\/noticias-f1\/2013\/05\/09\/dos-zonas-de-drs-en-el-gran-premio-de-espana\/?share=email\" target=\"_blank\" title=\"Haz clic para enviar por correo electr\u00f3nico a un amigo\"><span>Correo electr\u00f3nico<\/span><\/a><\/li><li class=\"share-end\"><\/li><\/ul><\/div><\/div><\/div>","protected":false},"excerpt":{"rendered":"<p>El Gran Premio de Espa\u00f1a que tendr\u00e1 lugar el 12 de mayo, por vez primera tendr\u00e1 zonas de DRS, la FIA ya ha dado a conocer las dos zonas y como era de esperar ser\u00e1n las dos \u00fanicas rectas del circuito. Como es conocido en el circuito de Barcelona es bastante dif\u00edcil adelantar, para intentar [&hellip;]<\/p>\n<div class=\"sharedaddy sd-sharing-enabled\"><div class=\"robots-nocontent sd-block sd-social sd-social-official sd-sharing\"><h3 class=\"sd-title\">Opciones Sociales:<\/h3><div class=\"sd-content\"><ul><li class=\"share-facebook\"><div class=\"fb-share-button\" data-href=\"http:\/\/www.michael-schumacher.es\/noticias-f1\/2013\/05\/09\/dos-zonas-de-drs-en-el-gran-premio-de-espana\/\" data-layout=\"button_count\"><\/div><\/li><li class=\"share-twitter\"><a href=\"https:\/\/twitter.com\/share\" class=\"twitter-share-button\" data-url=\"http:\/\/www.michael-schumacher.es\/noticias-f1\/2013\/05\/09\/dos-zonas-de-drs-en-el-gran-premio-de-espana\/\" data-text=\"Dos zonas de DRS en el Gran Premio de Espa\u00f1a\"  >Tweet<\/a><\/li><li class=\"share-email\"><a rel=\"nofollow noopener noreferrer\" data-shared=\"\" class=\"share-email sd-button\" href=\"http:\/\/www.michael-schumacher.es\/noticias-f1\/2013\/05\/09\/dos-zonas-de-drs-en-el-gran-premio-de-espana\/?share=email\" target=\"_blank\" title=\"Haz clic para enviar por correo electr\u00f3nico a un amigo\"><span>Correo electr\u00f3nico<\/span><\/a><\/li><li class=\"share-end\"><\/li><\/ul><\/div><\/div><\/div>","protected":false},"author":3,"featured_media":0,"comment_status":"open","ping_status":"open","sticky":false,"template":"","format":"standard","meta":{"_monsterinsights_skip_tracking":false,"_monsterinsights_sitenote_active":false,"_monsterinsights_sitenote_note":"","_monsterinsights_sitenote_category":0,"spay_email":"","jetpack_publicize_message":"","jetpack_is_tweetstorm":false,"jetpack_publicize_feature_enabled":true},"categories":[3],"tags":[373,3228,306,189,17,15,6,8,238],"jetpack_featured_media_url":"","jetpack_publicize_connections":[],"jetpack_sharing_enabled":true,"jetpack_shortlink":"https:\/\/wp.me\/p27q3P-2vg","_links":{"self":[{"href":"http:\/\/www.michael-schumacher.es\/noticias-f1\/wp-json\/wp\/v2\/posts\/9626"}],"collection":[{"href":"http:\/\/www.michael-schumacher.es\/noticias-f1\/wp-json\/wp\/v2\/posts"}],"about":[{"href":"http:\/\/www.michael-schumacher.es\/noticias-f1\/wp-json\/wp\/v2\/types\/post"}],"author":[{"embeddable":true,"href":"http:\/\/www.michael-schumacher.es\/noticias-f1\/wp-json\/wp\/v2\/users\/3"}],"replies":[{"embeddable":true,"href":"http:\/\/www.michael-schumacher.es\/noticias-f1\/wp-json\/wp\/v2\/comments?post=9626"}],"version-history":[{"count":0,"href":"http:\/\/www.michael-schumacher.es\/noticias-f1\/wp-json\/wp\/v2\/posts\/9626\/revisions"}],"wp:attachment":[{"href":"http:\/\/www.michael-schumacher.es\/noticias-f1\/wp-json\/wp\/v2\/media?parent=9626"}],"wp:term":[{"taxonomy":"category","embeddable":true,"href":"http:\/\/www.michael-schumacher.es\/noticias-f1\/wp-json\/wp\/v2\/categories?post=9626"},{"taxonomy":"post_tag","embeddable":true,"href":"http:\/\/www.michael-schumacher.es\/noticias-f1\/wp-json\/wp\/v2\/tags?post=9626"}],"curies":[{"name":"wp","href":"https:\/\/api.w.org\/{rel}","templated":true}]}}